{"id":2003122,"date":"2014-04-22T11:11:35","date_gmt":"2014-04-22T10:11:35","guid":{"rendered":""},"modified":"2014-04-22T11:18:41","modified_gmt":"2014-04-22T10:18:41","slug":"mi-fracaso-personal","status":"publish","type":"post","link":"http:\/\/www.elenacabrera.com\/weblog3\/2014\/04\/22\/mi-fracaso-personal\/","title":{"rendered":"Mi fracaso personal"},"content":{"rendered":"<p>Estoy buscando otras cosas en mis archivos y dejo caer los ojos sobre algunas l\u00edneas de una entrevista que hice a Astrud para Vanidad en 1999.<\/p>\n<p>Le pregunto a Gen\u00eds cu\u00e1l es su fracaso personal (la pregunta alude al t\u00edtulo de su nuevo disco). \u00abEs que mi fracaso personal no cuenta porque yo no hago las letras y si me preguntas cu\u00e1l es pues te dir\u00eda que mi fracaso personal es el t\u00edpico mal rollo de no ser como te gustar\u00eda ser. Cuando tienes 15 a\u00f1os y tienes granos, ese es tu fracaso personal y eso se va alargando en la vida y va cambiando de forma, se van los granos pero no engordas, u otro engorda demasiado&#8230; que es una cosa absurda, superadolescente y tal pero que nunca eres&#8230; no vives en la pel\u00edcula o en el videoclip o en el disco en el que te gustar\u00eda vivir\u00bb.<\/p>\n<p>El siguiente entrecomillado lo escribo yo a rengl\u00f3n seguido en ese art\u00edculo: \u00abExacto: llevas diez a\u00f1os esperando vivir alg\u00fan d\u00eda en el v\u00eddeo de Being Boring y esa fiesta nunca llega, ni esos besos, ni esos ba\u00f1os de espuma. Les veo como posa, inmaculados blancos, ante la c\u00e1mara de Ramiro e y les siento tan cerca y tan lejos y, aunque s\u00e9 que s\u00f3lo es cuesti\u00f3n de tiempo&#8230; recordaremos cuando las cosas eran bonitas y raras\u00bb.<\/p>\n<p><a href=\"https:\/\/www.flickr.com\/photos\/elenacabreramontero\/13964418432\/\" title=\"Entrevista con Astrud. Vanidad junio 1999 por elenacabreramontero, en Flickr\"><img loading=\"lazy\" decoding=\"async\" src=\"https:\/\/farm6.staticflickr.com\/5122\/13964418432_9c4f2405bf_z.jpg\" width=\"640\" height=\"429\" alt=\"Entrevista con Astrud. Vanidad junio 1999\"><\/a><\/p>\n","protected":false},"excerpt":{"rendered":"<p>Estoy buscando otras cosas en mis archivos y dejo caer los ojos sobre algunas l\u00edneas de una entrevista que hice a Astrud para Vanidad en 1999. Le pregunto a Gen\u00eds cu\u00e1l es su fracaso personal (la pregunta alude al t\u00edtulo de su nuevo disco). \u00abEs que mi fracaso personal no cuenta porque yo no hago [&hellip;]<\/p>\n","protected":false},"author":1,"featured_media":0,"comment_status":"open","ping_status":"open","sticky":false,"template":"","format":"standard","meta":{"footnotes":""},"categories":[],"tags":[],"class_list":["post-2003122","post","type-post","status-publish","format-standard","hentry"],"_links":{"self":[{"href":"http:\/\/www.elenacabrera.com\/weblog3\/wp-json\/wp\/v2\/posts\/2003122","targetHints":{"allow":["GET"]}}],"collection":[{"href":"http:\/\/www.elenacabrera.com\/weblog3\/wp-json\/wp\/v2\/posts"}],"about":[{"href":"http:\/\/www.elenacabrera.com\/weblog3\/wp-json\/wp\/v2\/types\/post"}],"author":[{"embeddable":true,"href":"http:\/\/www.elenacabrera.com\/weblog3\/wp-json\/wp\/v2\/users\/1"}],"replies":[{"embeddable":true,"href":"http:\/\/www.elenacabrera.com\/weblog3\/wp-json\/wp\/v2\/comments?post=2003122"}],"version-history":[{"count":0,"href":"http:\/\/www.elenacabrera.com\/weblog3\/wp-json\/wp\/v2\/posts\/2003122\/revisions"}],"wp:attachment":[{"href":"http:\/\/www.elenacabrera.com\/weblog3\/wp-json\/wp\/v2\/media?parent=2003122"}],"wp:term":[{"taxonomy":"category","embeddable":true,"href":"http:\/\/www.elenacabrera.com\/weblog3\/wp-json\/wp\/v2\/categories?post=2003122"},{"taxonomy":"post_tag","embeddable":true,"href":"http:\/\/www.elenacabrera.com\/weblog3\/wp-json\/wp\/v2\/tags?post=2003122"}],"curies":[{"name":"wp","href":"https:\/\/api.w.org\/{rel}","templated":true}]}}