{"id":2003130,"date":"2014-05-02T15:59:20","date_gmt":"2014-05-02T14:59:20","guid":{"rendered":""},"modified":"2014-05-16T14:15:58","modified_gmt":"2014-05-16T13:15:58","slug":"todos-los-abenojar","status":"publish","type":"post","link":"http:\/\/www.elenacabrera.com\/weblog3\/2014\/05\/02\/todos-los-abenojar\/","title":{"rendered":"Todos los Aben\u00f3jar"},"content":{"rendered":"<p>Ma\u00f1ana marcho a Aben\u00f3jar (Ciudad Real), para el cierre de heridas tras fusilamientos, desapariciones y exhumaciones 71 a\u00f1os despu\u00e9s.<br \/>\nActualizaci\u00f3n: <a href=\"http:\/\/www.eldiario.es\/sociedad\/nombres-cuerpos_0_256524613.html\">Aqu\u00ed mi cr\u00f3nica<\/a>.<\/p>\n<p><img decoding=\"async\" src=\"https:\/\/lh4.googleusercontent.com\/-v5L4vz_nvp4\/T-zqN8DiG6I\/AAAAAAAAFQM\/AKUu4FXd-t0\/w1233-h822-no\/120602-Exhumaci%25C3%25B3n+Aben%25C3%25B3jar+%252886%25291+%2528Copiar%2529.jpg\"><\/p>\n<p><a href=\"https:\/\/plus.google.com\/photos\/116392862176807921047\/albums\/5759234925096149025\">M\u00e1s fotos de \u00d3scar Rodr\u00edguez<\/a>.<\/p>\n<p><img decoding=\"async\" src=\"http:\/\/imageshack.com\/a\/img835\/3097\/f9oz.jpg\"><\/p>\n","protected":false},"excerpt":{"rendered":"<p>Ma\u00f1ana marcho a Aben\u00f3jar (Ciudad Real), para el cierre de heridas tras fusilamientos, desapariciones y exhumaciones 71 a\u00f1os despu\u00e9s. Actualizaci\u00f3n: Aqu\u00ed mi cr\u00f3nica. M\u00e1s fotos de \u00d3scar Rodr\u00edguez.<\/p>\n","protected":false},"author":1,"featured_media":0,"comment_status":"open","ping_status":"open","sticky":false,"template":"","format":"standard","meta":{"footnotes":""},"categories":[],"tags":[],"class_list":["post-2003130","post","type-post","status-publish","format-standard","hentry"],"_links":{"self":[{"href":"http:\/\/www.elenacabrera.com\/weblog3\/wp-json\/wp\/v2\/posts\/2003130","targetHints":{"allow":["GET"]}}],"collection":[{"href":"http:\/\/www.elenacabrera.com\/weblog3\/wp-json\/wp\/v2\/posts"}],"about":[{"href":"http:\/\/www.elenacabrera.com\/weblog3\/wp-json\/wp\/v2\/types\/post"}],"author":[{"embeddable":true,"href":"http:\/\/www.elenacabrera.com\/weblog3\/wp-json\/wp\/v2\/users\/1"}],"replies":[{"embeddable":true,"href":"http:\/\/www.elenacabrera.com\/weblog3\/wp-json\/wp\/v2\/comments?post=2003130"}],"version-history":[{"count":0,"href":"http:\/\/www.elenacabrera.com\/weblog3\/wp-json\/wp\/v2\/posts\/2003130\/revisions"}],"wp:attachment":[{"href":"http:\/\/www.elenacabrera.com\/weblog3\/wp-json\/wp\/v2\/media?parent=2003130"}],"wp:term":[{"taxonomy":"category","embeddable":true,"href":"http:\/\/www.elenacabrera.com\/weblog3\/wp-json\/wp\/v2\/categories?post=2003130"},{"taxonomy":"post_tag","embeddable":true,"href":"http:\/\/www.elenacabrera.com\/weblog3\/wp-json\/wp\/v2\/tags?post=2003130"}],"curies":[{"name":"wp","href":"https:\/\/api.w.org\/{rel}","templated":true}]}}