{"id":2003134,"date":"2014-05-12T12:13:05","date_gmt":"2014-05-12T11:13:05","guid":{"rendered":""},"modified":"2014-05-12T12:26:21","modified_gmt":"2014-05-12T11:26:21","slug":"mujeres-de-los-80-de-los-90-del-milenio","status":"publish","type":"post","link":"http:\/\/www.elenacabrera.com\/weblog3\/2014\/05\/12\/mujeres-de-los-80-de-los-90-del-milenio\/","title":{"rendered":"Mujeres de los 80, de los 90, del milenio"},"content":{"rendered":"<p>La librer\u00eda La Marabunta me invit\u00f3 a compartir esta divertida mesa con <strong>Carmen Madirolas<\/strong>, excantante de Los B\u00f3lidos y <strong>Patricia Godes<\/strong> titulada \u00abLas mujeres de La Movida\u00bb. El libro pegamoide de Patricia est\u00e1 dando mucho de s\u00ed y propicia encuentros como este, que ayuda a coger el tema con pinzas diferentes.<\/p>\n<p>Otras <a href=\"http:\/\/mujeresnuevaolaolafria.tumblr.com\/\">mujeres que comenzaron su actividad art\u00edstica durante la Nueva Ola<\/a> y que acudieron a la librer\u00eda y se sumaron a la conversaci\u00f3n fueron la fot\u00f3grafa <a href=\"http:\/\/rollingstone.es\/noticias\/ella-disparo-en-los-ochenta-las-10-mejores-fotos-de-la-movida\/\">Mariv\u00ed Ibarrola<\/a> (autora de <em><a href=\"http:\/\/www.munsterama.com\/site\/index.php?mode=spot&#038;skuid=18272\">Yo dispar\u00e9 en los 80<\/a><\/em>) y la pintora y exteclista de Las Chinas <a href=\"http:\/\/www.milucasanz.com\/\">Miluca Sanz<\/a>. <\/p>\n<p>Lo disfrut\u00e9 mucho no solo porque aprend\u00ed cosas y escuch\u00e9 a estas mujeres tan geniales sino que adem\u00e1s de la perspectiva feminista, personalmente se me entronc\u00f3 el tema con un art\u00edculo que voy a escribir sobre las generaciones.<\/p>\n<p><a href=\"https:\/\/www.flickr.com\/photos\/elenacabreramontero\/13981537279\/\" title=\"Las mujeres de 'La Movida', tertulia en La Marabunta por elenacabreramontero, en Flickr\"><img loading=\"lazy\" decoding=\"async\" src=\"https:\/\/farm6.staticflickr.com\/5073\/13981537279_10412b79bf_z.jpg\" width=\"640\" height=\"480\" alt=\"Las mujeres de 'La Movida', tertulia en La Marabunta\"><\/a><br \/>\n<em>Foto de Elisa G. McCausland<\/em><\/p>\n","protected":false},"excerpt":{"rendered":"<p>La librer\u00eda La Marabunta me invit\u00f3 a compartir esta divertida mesa con Carmen Madirolas, excantante de Los B\u00f3lidos y Patricia Godes titulada \u00abLas mujeres de La Movida\u00bb. El libro pegamoide de Patricia est\u00e1 dando mucho de s\u00ed y propicia encuentros como este, que ayuda a coger el tema con pinzas diferentes. Otras mujeres que comenzaron [&hellip;]<\/p>\n","protected":false},"author":1,"featured_media":0,"comment_status":"open","ping_status":"open","sticky":false,"template":"","format":"standard","meta":{"footnotes":""},"categories":[],"tags":[],"class_list":["post-2003134","post","type-post","status-publish","format-standard","hentry"],"_links":{"self":[{"href":"http:\/\/www.elenacabrera.com\/weblog3\/wp-json\/wp\/v2\/posts\/2003134","targetHints":{"allow":["GET"]}}],"collection":[{"href":"http:\/\/www.elenacabrera.com\/weblog3\/wp-json\/wp\/v2\/posts"}],"about":[{"href":"http:\/\/www.elenacabrera.com\/weblog3\/wp-json\/wp\/v2\/types\/post"}],"author":[{"embeddable":true,"href":"http:\/\/www.elenacabrera.com\/weblog3\/wp-json\/wp\/v2\/users\/1"}],"replies":[{"embeddable":true,"href":"http:\/\/www.elenacabrera.com\/weblog3\/wp-json\/wp\/v2\/comments?post=2003134"}],"version-history":[{"count":0,"href":"http:\/\/www.elenacabrera.com\/weblog3\/wp-json\/wp\/v2\/posts\/2003134\/revisions"}],"wp:attachment":[{"href":"http:\/\/www.elenacabrera.com\/weblog3\/wp-json\/wp\/v2\/media?parent=2003134"}],"wp:term":[{"taxonomy":"category","embeddable":true,"href":"http:\/\/www.elenacabrera.com\/weblog3\/wp-json\/wp\/v2\/categories?post=2003134"},{"taxonomy":"post_tag","embeddable":true,"href":"http:\/\/www.elenacabrera.com\/weblog3\/wp-json\/wp\/v2\/tags?post=2003134"}],"curies":[{"name":"wp","href":"https:\/\/api.w.org\/{rel}","templated":true}]}}