{"id":2003149,"date":"2014-05-31T12:12:20","date_gmt":"2014-05-31T11:12:20","guid":{"rendered":""},"modified":"2014-05-31T12:18:46","modified_gmt":"2014-05-31T11:18:46","slug":"mas-alla-de-los-arboles-un-bosque-en-la-memoria","status":"publish","type":"post","link":"http:\/\/www.elenacabrera.com\/weblog3\/2014\/05\/31\/mas-alla-de-los-arboles-un-bosque-en-la-memoria\/","title":{"rendered":"M\u00e1s all\u00e1 de los \u00e1rboles, un bosque en la memoria"},"content":{"rendered":"<p>Hoy 31 de mayo, bajo un cielo madrile\u00f1o que comenz\u00f3 soleado y al que se le van sumando nubarrones mientras escribo estas l\u00edneas al mediod\u00eda, estaremos en la plaza del Dos de Mayo, en el Madklyn, tributando canciones a Coc\u00f3 en la segunda parte de un homenaje de espirales sin fin, hospedado por <a href=\"http:\/\/www.eldia-de.com\/\">El D\u00eda De<\/a>. (El 6 de marzo fue <a href=\"http:\/\/www.eldia-de.com\/2014\/03\/06\/elena-cabrera\/\">mi d\u00eda<\/a>).<br \/>\nEl horario<!--more-->:<br \/>\nAldo Linares: 14:00 &#8211; 15:00<br \/>\nJos\u00e9 Salas \/ Machines Desirantes: 15:00 &#8211; 16:00<br \/>\nElena Cabrera: 16:00 -17:00<br \/>\n<a href=\"http:\/\/www.eldia-de.com\/2014\/05\/30\/adamo-dimitriadis\/\">Adamo Dimitriadis<\/a>: 17:00 &#8211; 18:00<br \/>\n<a href=\"http:\/\/www.elenacabrera.com\/autoreverse\/autoreverse\/2014\/01\/vadim-tudor\/\">Vadim Tudor<\/a>: 18:00 &#8211; 19:00<\/p>\n<p><a href=\"https:\/\/www.facebook.com\/events\/232175860318236\"><em>Evento en Facebook.<\/em><\/a><\/p>\n<p><a title=\"flyer el d\u00eda de Coc\u00f3 madklyn por Autoreverse2013, en Flickr\" href=\"https:\/\/www.flickr.com\/photos\/autoreverse2\/14311559855\/\"><img loading=\"lazy\" decoding=\"async\" src=\"https:\/\/farm4.staticflickr.com\/3777\/14311559855_4cb2823e3c.jpg\" alt=\"flyer el d\u00eda de Coc\u00f3 madklyn\" width=\"362\" height=\"500\" \/><\/a><\/p>\n<p>Luego me voy a reunir con mis viejos amigos de Spicnic para hacer una entrevista, as\u00ed que este s\u00e1bado va a ser memorable.<\/p>\n<p><a href=\"http:\/\/www.discoswalden.com\/?p=295\"><img loading=\"lazy\" decoding=\"async\" src=\"http:\/\/www.tiendabang.com\/magento\/media\/catalog\/product\/cache\/1\/image\/9df78eab33525d08d6e5fb8d27136e95\/p\/o\/portada_stamp.jpg\" alt=\"\" width=\"347\" height=\"485\" \/><\/a><\/p>\n","protected":false},"excerpt":{"rendered":"<p>Hoy 31 de mayo, bajo un cielo madrile\u00f1o que comenz\u00f3 soleado y al que se le van sumando nubarrones mientras escribo estas l\u00edneas al mediod\u00eda, estaremos en la plaza del Dos de Mayo, en el Madklyn, tributando canciones a Coc\u00f3 en la segunda parte de un homenaje de espirales sin fin, hospedado por El D\u00eda [&hellip;]<\/p>\n","protected":false},"author":1,"featured_media":0,"comment_status":"open","ping_status":"open","sticky":false,"template":"","format":"standard","meta":{"footnotes":""},"categories":[],"tags":[],"class_list":["post-2003149","post","type-post","status-publish","format-standard","hentry"],"_links":{"self":[{"href":"http:\/\/www.elenacabrera.com\/weblog3\/wp-json\/wp\/v2\/posts\/2003149","targetHints":{"allow":["GET"]}}],"collection":[{"href":"http:\/\/www.elenacabrera.com\/weblog3\/wp-json\/wp\/v2\/posts"}],"about":[{"href":"http:\/\/www.elenacabrera.com\/weblog3\/wp-json\/wp\/v2\/types\/post"}],"author":[{"embeddable":true,"href":"http:\/\/www.elenacabrera.com\/weblog3\/wp-json\/wp\/v2\/users\/1"}],"replies":[{"embeddable":true,"href":"http:\/\/www.elenacabrera.com\/weblog3\/wp-json\/wp\/v2\/comments?post=2003149"}],"version-history":[{"count":0,"href":"http:\/\/www.elenacabrera.com\/weblog3\/wp-json\/wp\/v2\/posts\/2003149\/revisions"}],"wp:attachment":[{"href":"http:\/\/www.elenacabrera.com\/weblog3\/wp-json\/wp\/v2\/media?parent=2003149"}],"wp:term":[{"taxonomy":"category","embeddable":true,"href":"http:\/\/www.elenacabrera.com\/weblog3\/wp-json\/wp\/v2\/categories?post=2003149"},{"taxonomy":"post_tag","embeddable":true,"href":"http:\/\/www.elenacabrera.com\/weblog3\/wp-json\/wp\/v2\/tags?post=2003149"}],"curies":[{"name":"wp","href":"https:\/\/api.w.org\/{rel}","templated":true}]}}