{"id":2003157,"date":"2014-06-03T11:14:26","date_gmt":"2014-06-03T10:14:26","guid":{"rendered":""},"modified":"2014-06-03T12:39:52","modified_gmt":"2014-06-03T11:39:52","slug":"relevo-generacional","status":"publish","type":"post","link":"http:\/\/www.elenacabrera.com\/weblog3\/2014\/06\/03\/relevo-generacional\/","title":{"rendered":"Relevo generacional"},"content":{"rendered":"<p>Acabo de escribir un art\u00edculo sobre uno de los temas que me vienen obsesionando en los \u00faltimos a\u00f1os: <strong>los excluidos<\/strong>. Una forma de excluir y autoexcluir (de censurar y autocensurar) es la de componer (y compartimentar) a los creadores de discurso en grupos generacionales.<\/p>\n<p>Cuando se activa una operaci\u00f3n de pol\u00edtica literaria generacional<!--more--> (por ejemplo, el encargo de realizaci\u00f3n de una antolog\u00eda para una editorial potente) se empieza a construir un orden que extraer\u00e1 a una \u00e9lite que propondr\u00e1 un discurso (m\u00e1s o menos) homog\u00e9neo que se convertir\u00e1 en dominante. Es el primer paso para asentar una intelectualidad hegem\u00f3nica que, zancada a zancada y gracias a su adhesi\u00f3n a la etiqueta\/grupo\/generaci\u00f3n\/paquete ir\u00e1 asent\u00e1ndose en los lugares de poder donde se controla la palabra: revistas, redes, mesas redondas, festivales. No importa que el autor rechace ser parte de eso. De hecho, lo habitual de este sistema es enarbolar siempre ese rechazo p\u00fablico. Como dice Meredith Haaf en su libro sobre el tema (<em>Dejad de lloriquear<\/em>), nadie quiere que le metan en un sitio sin preguntarle antes.<\/p>\n<p>Mire donde mire, en estos d\u00edas todo se escribe en clave relevo generacional: <a href=\"http:\/\/vozpopuli.com\/economia-y-finanzas\/44303-generacion-rey-vs-generacion-principe-un-relevo-generacional-pendiente-en-espana\">la abdicaci\u00f3n del Rey<\/a>, el PSOE, la <a href=\"http:\/\/www.elconfidencial.com\/cultura\/2013-10-17\/la-literatura-que-vomita_42412\/\">Alt Lit<\/a>.<\/p>\n<p>Y, as\u00ed, todo el que no encaje: por edad, por falta de amistad, por singularidad, perder\u00e1 el tren.<\/p>\n<p>\u00bfHay lugares de resistencia? S\u00ed, podr\u00eda ser, podr\u00edamos crearlos. <a href=\"http:\/\/www.fundacionrobo.org\/asalto\/\">Asalto es un de ellos<\/a>.<\/p>\n<blockquote class=\"twitter-tweet\" lang=\"es\">\n<p>&quot;En el libro de <a href=\"https:\/\/twitter.com\/MedelElena\">@medelelena<\/a> est\u00e1 m\u00e1s presente lo colectivo que lo generacional&quot; &#10;<a href=\"http:\/\/t.co\/BrdTIpHY4w\">http:\/\/t.co\/BrdTIpHY4w<\/a> v\u00eda <a href=\"https:\/\/twitter.com\/el_pais\">@el_pais<\/a><\/p>\n<p>&mdash; Elena Cabrera (@elenac) <a href=\"https:\/\/twitter.com\/elenac\/statuses\/473766356232310784\">junio 3, 2014<\/a><\/p><\/blockquote>\n<p><script async src=\"\/\/platform.twitter.com\/widgets.js\" charset=\"utf-8\"><\/script><\/p>\n<p> <a href=\"http:\/\/cultura.elpais.com\/cultura\/2014\/05\/28\/babelia\/1401279727_646842.html\">Javier Rodr\u00edguez Marcos<\/a>: \u201c\u00a1Si hasta me han dado un premio Loewe! Una gran poeta como \u00c1ngela Figuera Aymerich tuvo que publicar Belleza cruel en M\u00e9xico porque en Espa\u00f1a lo impidi\u00f3 la censura franquista\u201d. <strong>Figuera (1902-1984), coet\u00e1nea de la generaci\u00f3n del 27 pero ausente de casi todas las antolog\u00edas<\/strong>, ilustra bien, seg\u00fan Elena Medel, la diferencia de trabajar bajo una dictadura o en una democracia.<\/p>\n<blockquote class=\"twitter-tweet\" lang=\"es\">\n<p>A veces esta voluntad de crear generaciones literarias me recuerda a la formaci\u00f3n de un equipo ciclista<\/p>\n<p>&mdash; Jordi Corominas (@jordicorominas) <a href=\"https:\/\/twitter.com\/jordicorominas\/statuses\/444778971260272641\">marzo 15, 2014<\/a><\/p><\/blockquote>\n<p><script async src=\"\/\/platform.twitter.com\/widgets.js\" charset=\"utf-8\"><\/script><\/p>\n<blockquote class=\"twitter-tweet\" lang=\"es\">\n<p>Al fin y al cabo no creo en generaciones literarias, menos en las nuevas, pq prefiero el contenido a la mercadotecnia<\/p>\n<p>&mdash; Jordi Corominas (@jordicorominas) <a href=\"https:\/\/twitter.com\/jordicorominas\/statuses\/393122975148290048\">octubre 23, 2013<\/a><\/p><\/blockquote>\n<p><script async src=\"\/\/platform.twitter.com\/widgets.js\" charset=\"utf-8\"><\/script><\/p>\n<blockquote class=\"twitter-tweet\" lang=\"es\">\n<p>Hay gente cobrando y perteneciendo a generaciones literarias guachis hablando de que la vida da asco y de v\u00f3mito y de que internet nosequ\u00e9.<\/p>\n<p>&mdash; MI CO\u00d1O (@oh_rus) <a href=\"https:\/\/twitter.com\/oh_rus\/statuses\/390921819542138880\">octubre 17, 2013<\/a><\/p><\/blockquote>\n<p><script async src=\"\/\/platform.twitter.com\/widgets.js\" charset=\"utf-8\"><\/script><\/p>\n<p>Aqu\u00ed, algunos entrecomillados que me han venido bien para pernsar sobre el art\u00edculo (sin destripar mucho, ya os avisar\u00e9 cuando salga y espero que alguna le eche una lectura):<\/p>\n<p>\u00bfPero qu\u00e9 sensibilidad comparten los autores contempor\u00e1neos nacidos a partir de los 70?  \u00abTienen una visi\u00f3n particular del tiempo y un cierto desd\u00e9n por el espacio p\u00fablico, tal vez por ver fracasar a sus padres, los de la generaci\u00f3n del 68, cuando la aventura ut\u00f3pica fue absorbida por las l\u00f3gicas de mercado\u00bb, comenta Pablo Raphael.<\/p>\n<p><em>Lolito <\/em>de Ben Brooks es \u00abEl libro m\u00e1s divertido y brutal que he le\u00eddo en a\u00f1os. Me ha vuelto loco.\u00bb Nick Cave<\/p>\n<p>Entrevista a Jaime Gil de Biedma: \u00bfQu\u00e9 qu\u00e9 me pareci\u00f3 o de los \u201cnov\u00edsimos\u201d? Fue una operaci\u00f3n de pol\u00edtica literaria movida sobre todo por Gimferrer, lo mismo que la anterior antolog\u00eda de Castellet,Veinticinco a\u00f1os de poes\u00eda espa\u00f1ola, fue una operaci\u00f3n movida por Barral, por Goytisolo y por m\u00ed. Tampoco fue otra cosa la c\u00e9lebre Antolog\u00eda parcial de Gerardo Diego, en 1932. En los tres casos, la finalidad era la misma: llamar la atenci\u00f3n sobre unos determinados poetas mediante su presentaci\u00f3n en paquete y con prospecto. (Entrevista de Joaqu\u00edn Gal\u00e1n. La Estafeta Literaria, n\u00ba 632, 15-3-1978)<\/p>\n<p><a href=\"http:\/\/www.archivohache.blogspot.mx\/2013\/05\/literatura-mexicana-hoy-generacion-o.html\">Heriberto Y\u00e9pez<\/a>: Tryno y Raphael descuidan que \u201cgeneraci\u00f3n\u201d no es el \u00fanico modo en que un escritor pertenece a algo. Dar\u00e9 el caso del norte, que tanto antipatiza. Si leemos muchos libros de escritores norte\u00f1os de los \u00faltimos 30 a\u00f1os, es audible que se comunican con literatura colindante, m\u00fasica popular o cal\u00f3 binacional. Pero quiz\u00e1 se desde\u00f1a la validez de identificarse con algo que no sea una pulcra foto con escritores de Ciudad de M\u00e9xico. Se olvida que hay obras que son un di\u00e1logo con lo regional y, en general, afinidades ajenas a \u201cgeneraciones\u201d.<\/p>\n<blockquote class=\"twitter-tweet\" lang=\"es\">\n<p>Siguiendo con el tema generacional: &quot;Imaginario de la juventud&quot;, un ciclo perpetrado x Isaac Monc\u00fas <a href=\"http:\/\/t.co\/8VXV1sQ2Jh\">http:\/\/t.co\/8VXV1sQ2Jh<\/a> v\u00eda <a href=\"https:\/\/twitter.com\/lamarea_com\">@lamarea_com<\/a><\/p>\n<p>&mdash; Elena Cabrera (@elenac) <a href=\"https:\/\/twitter.com\/elenac\/statuses\/473789738206244864\">junio 3, 2014<\/a><\/p><\/blockquote>\n<p><script async src=\"\/\/platform.twitter.com\/widgets.js\" charset=\"utf-8\"><\/script><\/p>\n<p><iframe loading=\"lazy\" src=\"\/\/instagram.com\/p\/ofjsqtQLxh\/embed\/\" width=\"612\" height=\"710\" frameborder=\"0\" scrolling=\"no\" allowtransparency=\"true\"><\/iframe><\/p>\n","protected":false},"excerpt":{"rendered":"<p>Acabo de escribir un art\u00edculo sobre uno de los temas que me vienen obsesionando en los \u00faltimos a\u00f1os: los excluidos. Una forma de excluir y autoexcluir (de censurar y autocensurar) es la de componer (y compartimentar) a los creadores de discurso en grupos generacionales. Cuando se activa una operaci\u00f3n de pol\u00edtica literaria generacional<\/p>\n","protected":false},"author":1,"featured_media":0,"comment_status":"open","ping_status":"open","sticky":false,"template":"","format":"standard","meta":{"footnotes":""},"categories":[],"tags":[],"class_list":["post-2003157","post","type-post","status-publish","format-standard","hentry"],"_links":{"self":[{"href":"http:\/\/www.elenacabrera.com\/weblog3\/wp-json\/wp\/v2\/posts\/2003157","targetHints":{"allow":["GET"]}}],"collection":[{"href":"http:\/\/www.elenacabrera.com\/weblog3\/wp-json\/wp\/v2\/posts"}],"about":[{"href":"http:\/\/www.elenacabrera.com\/weblog3\/wp-json\/wp\/v2\/types\/post"}],"author":[{"embeddable":true,"href":"http:\/\/www.elenacabrera.com\/weblog3\/wp-json\/wp\/v2\/users\/1"}],"replies":[{"embeddable":true,"href":"http:\/\/www.elenacabrera.com\/weblog3\/wp-json\/wp\/v2\/comments?post=2003157"}],"version-history":[{"count":0,"href":"http:\/\/www.elenacabrera.com\/weblog3\/wp-json\/wp\/v2\/posts\/2003157\/revisions"}],"wp:attachment":[{"href":"http:\/\/www.elenacabrera.com\/weblog3\/wp-json\/wp\/v2\/media?parent=2003157"}],"wp:term":[{"taxonomy":"category","embeddable":true,"href":"http:\/\/www.elenacabrera.com\/weblog3\/wp-json\/wp\/v2\/categories?post=2003157"},{"taxonomy":"post_tag","embeddable":true,"href":"http:\/\/www.elenacabrera.com\/weblog3\/wp-json\/wp\/v2\/tags?post=2003157"}],"curies":[{"name":"wp","href":"https:\/\/api.w.org\/{rel}","templated":true}]}}