{"id":2003184,"date":"2014-06-11T08:57:06","date_gmt":"2014-06-11T07:57:06","guid":{"rendered":""},"modified":"2016-09-03T15:11:58","modified_gmt":"2016-09-03T15:11:58","slug":"%c2%bfno-era-sagrado-el-off-the-record","status":"publish","type":"post","link":"http:\/\/www.elenacabrera.com\/weblog3\/2014\/06\/11\/%c2%bfno-era-sagrado-el-off-the-record\/","title":{"rendered":"\u00bfNo era sagrado el off the record?"},"content":{"rendered":"<p><a title=\"Newsroom von RIA Novosti in Moskau por Russland und Ukraine, en Flickr\" href=\"https:\/\/www.flickr.com\/photos\/maiakinfo\/5640066385\/\"><img loading=\"lazy\" decoding=\"async\" class=\"alignleft\" style=\"margin: 5px;\" src=\"https:\/\/farm6.staticflickr.com\/5148\/5640066385_d00098f942_m.jpg\" alt=\"Newsroom von RIA Novosti in Moskau\" width=\"240\" height=\"240\" \/><\/a>Mientras ayer realizaba una entrevista a un dircom de una empresa importante me avanz\u00f3 \u00abte voy a contar algo pero no lo pongas&#8230; bueno, mejor no te digo nada porque lo vas a poner\u00bb. \u00abYo siempre mantengo el <em>off the record<\/em>\u00ab, le contest\u00e9. \u00c9l se ri\u00f3 y me dijo \u00abya, todos los periodistas dec\u00eds que manten\u00e9is el <em>off the record<\/em> hasta el momento en el que os pon\u00e9is a escribir el art\u00edculo y ah\u00ed lo solt\u00e1is todo\u00bb.<br \/>\nY no me lo cont\u00f3.<\/p>\n<p>Supongo que hay algunos l\u00edmites difusos para el <em>off the record<\/em> pero tengo el temor de que en estos tiempos en los que los periodistas nos peleamos como buitres por el poco trabajo que hay, ampliamos esos l\u00edmites, por motivos laborales, maltratando a las fuentes.<\/p>\n<p>La cosa que nos ense\u00f1aron es que si t\u00fa tienes una informaci\u00f3n <em>off the record<\/em> de una fuente, si quieres convertirlo en noticia te tienes que buscar otras fuentes que lo confirmen <em>on the record<\/em>. Los viejos manuales dice que tres. Ahora bien, cuando te van a pagar por el art\u00edculo 50 euros menos 21 por ciento de irpf, el peligro de mandar al carajo comprobaciones y tal. Entrecomillas lo que te han dicho, lo atribuyes y punto. No es que creamos que los art\u00edculos valen menos, es que hay menos tiempo para hacerlos si te ganas la vida como freelance. La otra opci\u00f3n es no ganarte la vida. Bueno, hay una opci\u00f3n c: cambiar de trabajo.<\/p>\n","protected":false},"excerpt":{"rendered":"<p>Mientras ayer realizaba una entrevista a un dircom de una empresa importante me avanz\u00f3 \u00abte voy a contar algo pero no lo pongas&#8230; bueno, mejor no te digo nada porque lo vas a poner\u00bb. \u00abYo siempre mantengo el off the record\u00ab, le contest\u00e9. \u00c9l se ri\u00f3 y me dijo \u00abya, todos los periodistas dec\u00eds que [&hellip;]<\/p>\n","protected":false},"author":1,"featured_media":0,"comment_status":"open","ping_status":"open","sticky":false,"template":"","format":"standard","meta":{"footnotes":""},"categories":[2],"tags":[],"class_list":["post-2003184","post","type-post","status-publish","format-standard","hentry","category-twentytwentyfive"],"_links":{"self":[{"href":"http:\/\/www.elenacabrera.com\/weblog3\/wp-json\/wp\/v2\/posts\/2003184","targetHints":{"allow":["GET"]}}],"collection":[{"href":"http:\/\/www.elenacabrera.com\/weblog3\/wp-json\/wp\/v2\/posts"}],"about":[{"href":"http:\/\/www.elenacabrera.com\/weblog3\/wp-json\/wp\/v2\/types\/post"}],"author":[{"embeddable":true,"href":"http:\/\/www.elenacabrera.com\/weblog3\/wp-json\/wp\/v2\/users\/1"}],"replies":[{"embeddable":true,"href":"http:\/\/www.elenacabrera.com\/weblog3\/wp-json\/wp\/v2\/comments?post=2003184"}],"version-history":[{"count":1,"href":"http:\/\/www.elenacabrera.com\/weblog3\/wp-json\/wp\/v2\/posts\/2003184\/revisions"}],"predecessor-version":[{"id":2002002030,"href":"http:\/\/www.elenacabrera.com\/weblog3\/wp-json\/wp\/v2\/posts\/2003184\/revisions\/2002002030"}],"wp:attachment":[{"href":"http:\/\/www.elenacabrera.com\/weblog3\/wp-json\/wp\/v2\/media?parent=2003184"}],"wp:term":[{"taxonomy":"category","embeddable":true,"href":"http:\/\/www.elenacabrera.com\/weblog3\/wp-json\/wp\/v2\/categories?post=2003184"},{"taxonomy":"post_tag","embeddable":true,"href":"http:\/\/www.elenacabrera.com\/weblog3\/wp-json\/wp\/v2\/tags?post=2003184"}],"curies":[{"name":"wp","href":"https:\/\/api.w.org\/{rel}","templated":true}]}}