{"id":2003188,"date":"2014-06-15T15:19:23","date_gmt":"2014-06-15T14:19:23","guid":{"rendered":""},"modified":"2014-06-15T22:31:08","modified_gmt":"2014-06-15T21:31:08","slug":"desmemoria","status":"publish","type":"post","link":"http:\/\/www.elenacabrera.com\/weblog3\/2014\/06\/15\/desmemoria\/","title":{"rendered":"Desmemoria"},"content":{"rendered":"<p>Despu\u00e9s de publicar hoy <a href=\"http:\/\/www.eldiario.es\/sociedad\/turismo-lleva-mal-memoria-historica_0_270173541.html\">esta historia<\/a> he le\u00eddo tres comentarios en Twitter de familiares de presos en el Hostal San Marcos cuando fue c\u00e1rcel y campo de concentraci\u00f3n franquista entre 1936 y 1940.<\/p>\n<blockquote class=\"twitter-tweet\" data-conversation=\"none\" lang=\"es\">\n<p><a href=\"https:\/\/twitter.com\/eldiarioes\">@eldiarioes<\/a> <a href=\"https:\/\/twitter.com\/elenac\">@elenac<\/a> mi padre de la quinta del viveron estuvo en este campo de concentracion enfermo que poca verguenza esta mierda de pais<\/p>\n<p>&mdash; J Bosch Pou SI i SI (@BoschPou) <a href=\"https:\/\/twitter.com\/BoschPou\/statuses\/478169003790458880\">junio 15, 2014<\/a><\/p><\/blockquote>\n<p><script async src=\"\/\/platform.twitter.com\/widgets.js\" charset=\"utf-8\"><\/script><\/p>\n<blockquote class=\"twitter-tweet\" data-conversation=\"none\" lang=\"es\">\n<p><a href=\"https:\/\/twitter.com\/eldiarioes\">@eldiarioes<\/a> <a href=\"https:\/\/twitter.com\/elenac\">@elenac<\/a> all\u00ed estuvo preso mi bisabuelo, &quot;la escuela de la paciencia&quot; seg\u00fan \u00e9l. Triste que se quiera ocultar parte de la historia<\/p>\n<p>&mdash; v4l_blind (@v4l_blind) <a href=\"https:\/\/twitter.com\/v4l_blind\/statuses\/478149379447345152\">junio 15, 2014<\/a><\/p><\/blockquote>\n<p><script async src=\"\/\/platform.twitter.com\/widgets.js\" charset=\"utf-8\"><\/script><\/p>\n<blockquote class=\"twitter-tweet\" lang=\"es\">\n<p>Yo tuve un amigo que me contaba que se negaba a alojarse aqu\u00ed porque en ese edificio torturaron a su t\u00edo. El d\u00eda&#8230; <a href=\"http:\/\/t.co\/6PwyCcqcyM\">http:\/\/t.co\/6PwyCcqcyM<\/a><\/p>\n<p>&mdash; Rosa Gal\u00e1n S\u00e1nchez (@RosaGalanSchez) <a href=\"https:\/\/twitter.com\/RosaGalanSchez\/statuses\/478147607651680256\">junio 15, 2014<\/a><\/p><\/blockquote>\n<p><script async src=\"\/\/platform.twitter.com\/widgets.js\" charset=\"utf-8\"><\/script><\/p>\n<p>Y tambi\u00e9n este comentario en el art\u00edculo:<br \/>\n#11 marichu | 15\/06\/2014 &#8211; 19:09h<br \/>\nAh\u00ed estuvo mi abuela presa, yo vivo casi al lado, y siempre que paso por San marcos, me viene a la memoria, todos y todas las personas que all\u00ed estuvieron presas, que nadie se enga\u00f1e, fue lo que fue,<\/p>\n","protected":false},"excerpt":{"rendered":"<p>Despu\u00e9s de publicar hoy esta historia he le\u00eddo tres comentarios en Twitter de familiares de presos en el Hostal San Marcos cuando fue c\u00e1rcel y campo de concentraci\u00f3n franquista entre 1936 y 1940. @eldiarioes @elenac mi padre de la quinta del viveron estuvo en este campo de concentracion enfermo que poca verguenza esta mierda de [&hellip;]<\/p>\n","protected":false},"author":1,"featured_media":0,"comment_status":"open","ping_status":"open","sticky":false,"template":"","format":"standard","meta":{"footnotes":""},"categories":[],"tags":[],"class_list":["post-2003188","post","type-post","status-publish","format-standard","hentry"],"_links":{"self":[{"href":"http:\/\/www.elenacabrera.com\/weblog3\/wp-json\/wp\/v2\/posts\/2003188","targetHints":{"allow":["GET"]}}],"collection":[{"href":"http:\/\/www.elenacabrera.com\/weblog3\/wp-json\/wp\/v2\/posts"}],"about":[{"href":"http:\/\/www.elenacabrera.com\/weblog3\/wp-json\/wp\/v2\/types\/post"}],"author":[{"embeddable":true,"href":"http:\/\/www.elenacabrera.com\/weblog3\/wp-json\/wp\/v2\/users\/1"}],"replies":[{"embeddable":true,"href":"http:\/\/www.elenacabrera.com\/weblog3\/wp-json\/wp\/v2\/comments?post=2003188"}],"version-history":[{"count":0,"href":"http:\/\/www.elenacabrera.com\/weblog3\/wp-json\/wp\/v2\/posts\/2003188\/revisions"}],"wp:attachment":[{"href":"http:\/\/www.elenacabrera.com\/weblog3\/wp-json\/wp\/v2\/media?parent=2003188"}],"wp:term":[{"taxonomy":"category","embeddable":true,"href":"http:\/\/www.elenacabrera.com\/weblog3\/wp-json\/wp\/v2\/categories?post=2003188"},{"taxonomy":"post_tag","embeddable":true,"href":"http:\/\/www.elenacabrera.com\/weblog3\/wp-json\/wp\/v2\/tags?post=2003188"}],"curies":[{"name":"wp","href":"https:\/\/api.w.org\/{rel}","templated":true}]}}