{"id":2003200,"date":"2014-09-04T19:59:57","date_gmt":"2014-09-04T18:59:57","guid":{"rendered":""},"modified":"2014-09-13T07:36:00","modified_gmt":"2014-09-13T06:36:00","slug":"no-le-enviare-cenizas-de-rosas","status":"publish","type":"post","link":"http:\/\/www.elenacabrera.com\/weblog3\/2014\/09\/04\/no-le-enviare-cenizas-de-rosas\/","title":{"rendered":"No le enviar\u00e9 cenizas de rosas"},"content":{"rendered":"<p style=\"text-align: center;\"><a href=\"http:\/\/www.elenacabrera.com\/weblog\/wp-content\/uploads\/2014\/09\/cerati.jpg\"><img loading=\"lazy\" decoding=\"async\" class=\"aligncenter size-full wp-image-3203\" title=\"cerati\" src=\"http:\/\/www.elenacabrera.com\/weblog\/wp-content\/uploads\/2014\/09\/cerati.jpg\" alt=\"\" width=\"602\" height=\"232\" \/><\/a><\/p>\n<p>Nunca<!--more--> voy a olvidar el d\u00eda que <a href=\"https:\/\/www.facebook.com\/AldoLinarescanciones\">Aldo<\/a> me present\u00f3 a Gustavo Cerati. No me refiero a sus canciones, eso ocurri\u00f3 a\u00f1os antes, sino a la aparici\u00f3n incre\u00edble, sumamente chistosa, de un chaval en bermudas de colorines, gafas de sol, pelo rizado revuelto, muy revuelto (\u00bfse pein\u00f3 hoy?, \u00bfy ayer?) avanzando hacia m\u00ed por el t\u00fanel de entrada al Macba, durante el S\u00f3nar. \u00ab\u00a1Mira a qui\u00e9n me he encontrado!\u00bb me dijo Aldo, parti\u00e9ndose de risa. \u00abTe presento a Gustavo\u00bb, me dice. Y Gustavo que tambi\u00e9n se r\u00ede. Y yo que paso del pasmo a la risa y al final creo que lo que le digo es \u00ab\u00bfpero t\u00fa qu\u00e9 haces aqu\u00ed?\u00bb.<\/p>\n<p>Absolutamente nadie le reconoce, hablamos de eso, no s\u00f3lo porque aquello es el club de los m\u00e1s guays de la electr\u00f3nica y \u00e9l es, supuestamente, un rockero, sino porque ni siquiera los rockeros espa\u00f1oles sab\u00edan qui\u00e9nes eran y lo grandes que eran Soda Stereo. \u00abSupuestamente\u00bb rockero, le encantaba, me dijo, la electr\u00f3nica, y empez\u00f3 a decir nombres. C\u00f3mo no iba a venir al S\u00f3nar.<\/p>\n<p>Despu\u00e9s, siempre que vino a tocar a Madrid fui a verle. Ah\u00ed est\u00e1bamos un reducto de tres o cuatro madrile\u00f1os aplastados por las masas de argentinos expatriados volc\u00e1ndose en sus conciertos en solitario como quien se agarra a las cenizas de un ser querido. Y a m\u00ed, que Cerati me parec\u00eda m\u00e1s que Soda. Y las copias del CD de \u00abSue\u00f1o Stereo\u00bb que edit\u00f3 BMG en Espa\u00f1a tiradas en los montones de la morralla de a 100 pesetas. Tantas hab\u00eda, tan pocas se vendieron, que <a href=\"http:\/\/www.discogs.com\/Soda-Stereo-Sue%C3%B1o-Stereo\/master\/342422\">esa fea portada blanca<\/a> se convirti\u00f3 en un cl\u00e1sico de La Metralleta, y mira que hay que ser disco de oro de las no-ventas para ser un cl\u00e1sico de La Metralleta.<\/p>\n<p>De la latinoam\u00e9rica que amo forma parte, de fondo, mar de fondo, las canciones de Gustavo Cerati y Soda Stereo. He pensado mucho en \u00e9l desde que entr\u00f3 en coma y <a href=\"https:\/\/twitter.com\/elenac\/status\/507595411578556416\">me ha sorprendido tanto<\/a>, o quiz\u00e1 no tanto, haber estado haci\u00e9ndolo hace unas horas, antes de saber que hoy hab\u00eda muerto&#8230; haber cantado <em><a href=\"https:\/\/www.youtube.com\/watch?v=IibXYWSBpZw\">De m\u00fasica ligera<\/a><\/em>, haberme dicho a m\u00ed misma que habr\u00eda que irse preparando por si un d\u00eda no despierta. En el fondo, mar de fondo, so\u00f1aba con que abandonaba el sue\u00f1o profundo y escrib\u00eda canciones estremecedoras sobre lo que hab\u00eda visto en \u00e9l.<\/p>\n<p><iframe loading=\"lazy\" width=\"640\" height=\"480\" src=\"\/\/www.youtube.com\/embed\/t3yDCMuxfog\" frameborder=\"0\" allowfullscreen><\/iframe><\/p>\n<p><iframe loading=\"lazy\" width=\"640\" height=\"480\" src=\"\/\/www.youtube.com\/embed\/xXD_IEcZbMI\" frameborder=\"0\" allowfullscreen><\/iframe><\/p>\n<p>Sobre \u00abGracias totales\u00bb, <a href=\"http:\/\/etiquetanegra.com.pe\/articulos\/de-nada1\">leed en Etiqueta Negra a Diego Fonseca<\/a>.<\/p>\n","protected":false},"excerpt":{"rendered":"<p>Nunca<\/p>\n","protected":false},"author":1,"featured_media":0,"comment_status":"open","ping_status":"open","sticky":false,"template":"","format":"standard","meta":{"footnotes":""},"categories":[],"tags":[],"class_list":["post-2003200","post","type-post","status-publish","format-standard","hentry"],"_links":{"self":[{"href":"http:\/\/www.elenacabrera.com\/weblog3\/wp-json\/wp\/v2\/posts\/2003200","targetHints":{"allow":["GET"]}}],"collection":[{"href":"http:\/\/www.elenacabrera.com\/weblog3\/wp-json\/wp\/v2\/posts"}],"about":[{"href":"http:\/\/www.elenacabrera.com\/weblog3\/wp-json\/wp\/v2\/types\/post"}],"author":[{"embeddable":true,"href":"http:\/\/www.elenacabrera.com\/weblog3\/wp-json\/wp\/v2\/users\/1"}],"replies":[{"embeddable":true,"href":"http:\/\/www.elenacabrera.com\/weblog3\/wp-json\/wp\/v2\/comments?post=2003200"}],"version-history":[{"count":0,"href":"http:\/\/www.elenacabrera.com\/weblog3\/wp-json\/wp\/v2\/posts\/2003200\/revisions"}],"wp:attachment":[{"href":"http:\/\/www.elenacabrera.com\/weblog3\/wp-json\/wp\/v2\/media?parent=2003200"}],"wp:term":[{"taxonomy":"category","embeddable":true,"href":"http:\/\/www.elenacabrera.com\/weblog3\/wp-json\/wp\/v2\/categories?post=2003200"},{"taxonomy":"post_tag","embeddable":true,"href":"http:\/\/www.elenacabrera.com\/weblog3\/wp-json\/wp\/v2\/tags?post=2003200"}],"curies":[{"name":"wp","href":"https:\/\/api.w.org\/{rel}","templated":true}]}}