{"id":2003410,"date":"2015-05-01T12:49:55","date_gmt":"2015-05-01T11:49:55","guid":{"rendered":""},"modified":"2015-05-01T14:43:30","modified_gmt":"2015-05-01T13:43:30","slug":"derechos-laborales-y-produccion-artistica-la-via-sindical","status":"publish","type":"post","link":"http:\/\/www.elenacabrera.com\/weblog3\/2015\/05\/01\/derechos-laborales-y-produccion-artistica-la-via-sindical\/","title":{"rendered":"Derechos laborales y producci\u00f3n art\u00edstica. La v\u00eda sindical"},"content":{"rendered":"<p><em>Lo que sigue son las notas de mi participaci\u00f3n en la mesa sobre derechos laborales en la cultura (24 de abril de 2015, 16:30h), dentro del festival PAM! que se organiza en la facultad de Bellas Artes de la Universidad Polit\u00e9cnica de Valencia:<br \/>\n<\/em><br \/>\nVoy a empezar citando a alguien que en un principio<!--more--> estaba invitado a esta mesa pero no pod\u00eda venir porque tiene un trabajo al que no puede faltar, no como el m\u00edo, que es tan flexible que cada mes no s\u00e9 si podr\u00e9 pagar el piso o no. Pero gracias a eso supongo que puedo estar hoy aqu\u00ed con vosotras.<\/p>\n<blockquote class=\"twitter-tweet\" lang=\"es\">\n<p lang=\"es\" dir=\"ltr\">La muerte de la cultura libre (no necesitamos licencias, necesitamos&#10;sindicatos) v\u00eda <a href=\"https:\/\/twitter.com\/MarxCopyright\">@MarxCopyright<\/a> <a href=\"https:\/\/twitter.com\/hashtag\/PAM15?src=hash\">#PAM15<\/a>&#10; <a href=\"http:\/\/t.co\/nY2lEZ4xAB\">http:\/\/t.co\/nY2lEZ4xAB<\/a><\/p>\n<p>&mdash; Elena Cabrera (@elenac) <a href=\"https:\/\/twitter.com\/elenac\/status\/591626959723089920\">abril 24, 2015<\/a><\/p><\/blockquote>\n<p> <script async src=\"\/\/platform.twitter.com\/widgets.js\" charset=\"utf-8\"><\/script><\/p>\n<p>David Aristegui escribi\u00f3 en julio del a\u00f1o pasado un art\u00edculo en el peri\u00f3dico Madrid 15 M titulado <a href=\"https:\/\/marxcopyright.wordpress.com\/2014\/07\/16\/la-muerte-de-la-cultura-libre-no-necesitamos-licencias-necesitamos-sindicatos\/\">\u201cLa muerte de la cultura libre (no necesitamos licencias, necesitamos sindicatos)\u201d<\/a>. Yo estoy de acuerdo con \u00e9l en que necesitamos sindicatos o <a href=\"https:\/\/twitter.com\/elenac\/status\/591621037227384834\">biosindicatos <\/a>o sindicatos 2.0, pero no respaldo su tesis que relaciona una cosa con la otra. Yo no creo que nuestra precariedad tenga que ver con el uso de licencias libres y, en cualquier caso, sea cual sea la licencia que utilicemos, necesitamos una fuerza social poderosa que nos defienda cuando nuestros derechos laborales se ven amenazados. Aunque la SGAE se quiere atribuir ese papel lobbista y en situaci\u00f3n de monopolio, los artistas que no son socios de la SGAE (y un motivo pudiera ser que publiquen bajo licencias libres) nunca ser\u00e1n defendidos por esa entidad.<\/p>\n<blockquote class=\"twitter-tweet\" lang=\"es\">\n<p lang=\"es\" dir=\"ltr\">En homenaje a <a href=\"https:\/\/twitter.com\/MarxCopyright\">@MarxCopyright<\/a> un v\u00eddeo para que veais m\u00e1s tarde: \u201cTrabajo y explotaci\u00f3n en la cultura\u201d <a href=\"https:\/\/twitter.com\/hashtag\/PAM15?src=hash\">#PAM15<\/a> <a href=\"https:\/\/t.co\/KdrgBd8hmh\">https:\/\/t.co\/KdrgBd8hmh<\/a><\/p>\n<p>&mdash; Elena Cabrera (@elenac) <a href=\"https:\/\/twitter.com\/elenac\/status\/591626864214597633\">abril 24, 2015<\/a><\/p><\/blockquote>\n<p> <script async src=\"\/\/platform.twitter.com\/widgets.js\" charset=\"utf-8\"><\/script><\/p>\n<p>En mis dos \u00faltimas entrevistas realizadas para la revista Rockdelux, tanto <a href=\"https:\/\/es.pinterest.com\/pin\/83457399321310835\/\">Christina Rosenvinge<\/a> como <a href=\"https:\/\/es.pinterest.com\/pin\/83457399321307424\/\">Ana Fern\u00e1ndez de La Bien Querida<\/a> sacaron el mismo tema: quiz\u00e1 lo que necesitamos es una uni\u00f3n entre m\u00fasicos para defender nuestros derechos laborales. Es decir, un sindicato. No es que un m\u00fasico no pueda afiliarse a un macrosindicato de clase, si quiere, pero estas federaciones defienden un tipo de trabajador y de relaci\u00f3n laboral muy alejada de la realidad en la que vive el m\u00fasico.<\/p>\n<p>Qu\u00e9 buena idea, montar un sindicato. Pues, en verdad, ya existe un sindicato de m\u00fasicos. Es el SPME (Sindicato Profesional de M\u00fasicos Espa\u00f1oles) y fue creado en 1977. Tiene su comit\u00e9 central en Logro\u00f1o y oficinas en Ciudad Real, Pamplona, Catalu\u00f1a, Baleares y Madrid. Sus asociados son principalmente m\u00fasicos de orquestas. Por lo que se puede leer en Facebook, el sindicato se presenta m\u00e1s como una gestora de contrataciones que como una organizaci\u00f3n sindical. <\/p>\n<p>Me gustar\u00eda ense\u00f1aros esta imagen del SPM, que me parece muy ilustrativa pues si hay aqu\u00ed alg\u00fan fan de la m\u00fasica electr\u00f3nica, como yo lo soy, le har\u00e1 gracia: \u201cDefiende tu trabajo, basta de m\u00fasica secuenciada\u201d. <a href=\"https:\/\/twitter.com\/politoxicosmic\/status\/594134377648513024\">No s\u00e9 qu\u00e9 opinar\u00e1 Kraftwerk de esto<\/a>.<\/p>\n<blockquote class=\"twitter-tweet\" lang=\"es\">\n<p lang=\"es\" dir=\"ltr\">Viva el m\u00fasico! Defiende tu trabajo! Basta de m\u00fasica secuenciada! <a href=\"https:\/\/twitter.com\/hashtag\/PAM15?src=hash\">#PAM15<\/a> &#10; <a href=\"http:\/\/t.co\/3n2mBmjESP\">http:\/\/t.co\/3n2mBmjESP<\/a><\/p>\n<p>&mdash; Elena Cabrera (@elenac) <a href=\"https:\/\/twitter.com\/elenac\/status\/591627415912329217\">abril 24, 2015<\/a><\/p><\/blockquote>\n<p> <script async src=\"\/\/platform.twitter.com\/widgets.js\" charset=\"utf-8\"><\/script><\/p>\n<p>Tambi\u00e9n existe la Federaci\u00f3n UMC (Uni\u00f3 de M\u00fasics de Catalunya), que es una federaci\u00f3n de entidades que representan a los m\u00fasicos profesionales de Catalu\u00f1a y que existe desde 2003. No admite socios a nivel individual, pero aglutina a m\u00e1s de 3.000 m\u00fasicos pertenecientes a las asociaciones federadas a la UMC.<\/p>\n<p>El actual presidente de la UMC es el m\u00fasico de jazz Max Suny\u00e9, quien durante 14 a\u00f1os fue <strong>miembro de la junta directiva de la SGAE<\/strong>. Si la UMC hace algo o no, sigue activa o no se desconoce, tiene presencia nula en internet y no he encontrado manera de contactarles.<\/p>\n<p>Pertenece a la UCM la AMJM (Associaci\u00f3 de M\u00fasics de Jazz i M\u00fasica Moderna de Catalunya), que es una asociaci\u00f3n cultural de car\u00e1cter sindical creada en 1989, la cual s\u00ed est\u00e1 muy activa.<\/p>\n<p>La UMC, el SPME y el Sector de Medios de Comunicaci\u00f3n, Artes, Cultura y Deporte de la Federaci\u00f3n de Servicios a la Ciudadan\u00eda de Comisiones Obreras son las tres \u00fanicas entidades espa\u00f1olas que pertenecen a la FIM (la Federaci\u00f3n Internacional de M\u00fasicos).<\/p>\n<p>El anterior presidente de la UMC fue Antoni Mas, una persona muy interesante. Es un m\u00fasico y compositor que se hizo cargo en 1990 del Sindicato Profesional de M\u00fasicos de Girona, el cual desmantel\u00f3 8 a\u00f1os despu\u00e9s para crear las cooperativas de m\u00fasicos M\u00fasics de Girona (cooperativa de servicios) y M\u00fasics de Catalunya (cooperativa de trabajo asociado) y la MUSICAT (Associaci\u00f3 Professional de M\u00fasics de Catalunya), una asociaci\u00f3n de car\u00e1cter sindical.<\/p>\n<p>Para Mas, la cohesi\u00f3n en el sector de la m\u00fasica es imposible de inocular, porque se define por su \u201cindividualismo recalcitrante\u201d. La delegaci\u00f3n de Girona del antiguo SPME ten\u00eda 325 m\u00fasicos afiliados, al reconvertirse su secci\u00f3n gerundense en cooperativa, la cifra de socios aument\u00f3 a 4.000. Seg\u00fan \u00e9l, la cohesi\u00f3n es un efecto colateral del cooperativismo. La cooperativa ofrece a los m\u00fasicos soluciones para sus problemas. Por ejemplo, si un m\u00fasico factura mediante la cooperativa, queda amparado por la protecci\u00f3n de la Seguridad Social, por ejemplo, si tuviera un accidente al salir de su casa de camino a coger la furgo para acudir a una gala. Tambi\u00e9n cotizar\u00e1 a su vida laboral y pagar\u00e1 mucho menos de como lo har\u00eda siendo aut\u00f3nomo. Adem\u00e1s, ayudan a los m\u00fasicos a desentra\u00f1ar los insondables misterios del R\u00e9gimen Especial de Artistas de la Seguridad Social.<\/p>\n<p>Antoni Mas tambi\u00e9n cre\u00f3 en 2002 una asociaci\u00f3n, que integr\u00f3 en el grupo MUSICAT, llamada Associaci\u00f3 Cultural Dos Per Quatre, para la que consigui\u00f3 la exenci\u00f3n del IVA para facturar las actuaciones de m\u00fasica popular y tradicional catalana, como las habaneras y la canci\u00f3n de taberna. Mirad qu\u00e9 cosa tan curiosa, que Antoni Mas es <strong>miembro de la Junta Directiva de la AIE<\/strong> (la Sociedad de Artistas, Int\u00e9rpretes o Ejecutantes de Espa\u00f1a), lo que viene a ser la SGAE de los int\u00e9rpretes, con capacidad recaudadora.<\/p>\n<p>Mas tiene un libro descargable, en catal\u00e1n, con pr\u00f3logo de Luis Cobos (presidente de la AIE), en el que apuesta por las cooperativas de m\u00fasicos como un nuevo modelo de gesti\u00f3n en la industria musical.<br \/>\nAdem\u00e1s, el libro consta de varios cap\u00edtulos que son manuales pr\u00e1cticos para la contrataci\u00f3n desde el punto de vista del m\u00fasico o del promotor.<\/p>\n<blockquote class=\"twitter-tweet\" lang=\"es\">\n<p lang=\"es\" dir=\"ltr\">Aqu\u00ed os dejo link al libro de Antoni mas sobre las cooperativas de m\u00fasicos <a href=\"https:\/\/twitter.com\/hashtag\/PAM15?src=hash\">#PAM15<\/a> <a href=\"http:\/\/t.co\/4qOFfUOqK2\">http:\/\/t.co\/4qOFfUOqK2<\/a><\/p>\n<p>&mdash; Elena Cabrera (@elenac) <a href=\"https:\/\/twitter.com\/elenac\/status\/591629454960680960\">abril 24, 2015<\/a><\/p><\/blockquote>\n<p> <script async src=\"\/\/platform.twitter.com\/widgets.js\" charset=\"utf-8\"><\/script><\/p>\n<p>Est\u00e1 muy bien lo que est\u00e1 haciendo la MIE (Musika Industriaren Elkartea) que es una asociaci\u00f3n profesional en defensa de la industria musical vasca, pero entre sus objetivos no est\u00e1n los derechos laborales. Por ejemplo, participa en el <a href=\"http:\/\/undiasinmusica.org\/\">d\u00eda sin m\u00fasica del 20 de mayo<\/a>, en protesta por el IVA cultural.<\/p>\n<p>Y por supuesto tenemos a la AMPE (la Asociaci\u00f3n de M\u00fasicos Profesionales en Espa\u00f1a) creada en 1999 y que aunque defiende los derechos de los m\u00fasicos. Tiene 3 objetivos: crear una base de datos de asociados, el reconocimiento social del m\u00fasico y crear entre los m\u00fasicos una conciencia de colectivo.<br \/>\nDos puntos interesantes en sus l\u00edneas de acci\u00f3n:<\/p>\n<p>\u2022 Acabar con \u00abla factura\u00bb y el r\u00e9gimen de aut\u00f3nomos obligatorio, exigiendo un contrato laboral y el alta en la seguridad social cuando se trabaje por cuenta ajena, para as\u00ed tener derecho a paro, jubilaciones, etc. (Al igual que los actores, bailarines y dem\u00e1s profesionales del arte).<br \/>\n\u2022 Crear acuerdos relativos a la seguridad en el trabajo y las condiciones m\u00ednimas de descanso y salubridad para evitar accidentes de trabajo y situaciones l\u00edmite en viajes y estancias.<\/p>\n<p>Ambos criterios me suenan, la verdad, a sindicato.<\/p>\n<p>De manera que tenemos sindicatos que no funcionan y no los conocen nadie, cooperativas que resultan muy \u00fatiles para temas financieros y asociaciones que defienden lo que normalmente hace una asociaci\u00f3n y adem\u00e1s hacen las labores que le corresponde a un sindicato, pero a nivel individualista. A\u00fan as\u00ed, la percepci\u00f3n de los m\u00fasicos del pop es la de que la profesi\u00f3n es muy individualista y est\u00e1 desunida. Eso podr\u00eda ser verdad, o podr\u00eda ser una visi\u00f3n separatista o segregada del mundo del pop respecto a los que se llaman a s\u00ed mismos profesionales, que son los m\u00fasicos de carrera, conservatorio y orquestas.<\/p>\n<p>Tambi\u00e9n es interesante ver c\u00f3mo en gran medida en la <strong>neutralizaci\u00f3n del sindicalismo<\/strong> han operado agentes muy cercanos a las entidades de gesti\u00f3n como SGAE y AIE, como son los mencionados Antoni Mas y Max Su\u00f1\u00e9. De hecho, y ya para terminar, os voy a leer una cita de Raquel S\u00e1nchez Garc\u00eda con respecto a la SGAE y los sindicatos, para que veais que est\u00e1 arraigado as\u00ed desde el comienzo: <\/p>\n<blockquote class=\"twitter-tweet\" lang=\"es\">\n<p lang=\"es\" dir=\"ltr\">Raquel S\u00e1nchez Garc\u00eda: \u201cLa Sociedad de Autores Espa\u00f1oles (1899-1932)\u201d <a href=\"https:\/\/twitter.com\/hashtag\/PAM15?src=hash\">#PAM15<\/a> <a href=\"http:\/\/t.co\/MzyBw5uDEL\">http:\/\/t.co\/MzyBw5uDEL<\/a><\/p>\n<p>&mdash; Elena Cabrera (@elenac) <a href=\"https:\/\/twitter.com\/elenac\/status\/591630434498379776\">abril 24, 2015<\/a><\/p><\/blockquote>\n<p> <script async src=\"\/\/platform.twitter.com\/widgets.js\" charset=\"utf-8\"><\/script><\/p>\n<p>Raquel S\u00e1nchez Garc\u00eda: La Sociedad de Autores Espa\u00f1oles (1899-1932):<br \/>\nA comienzo de los a\u00f1os veinte, la Sociedad de Autores contemplaba c\u00f3mo surg\u00edan en el seno del mundo art\u00edstico intentos de organizaci\u00f3n sindical. La publicaci\u00f3n oficial La Propiedad Intelectual dio a la luz art\u00edculos de reflexi\u00f3n acerca de lo que llamaba \u00absindicalismo intelectual\u00bb en un tono marcadamente cr\u00edtico. A la luz de la experiencia de la propia SAE, resulta curioso leer comentarios como \u00e9ste: \u00abLa Junta que nos precedi\u00f3 tuvo que luchar con la formaci\u00f3n de los sindicatos de cuantos elementos integran la vida del teatro, que aun siendo leg\u00edtimas sus aspiraciones, dificultaban el desarrollo normal de estos negocios y, por consecuencia, un perjuicio evidente de nuestros intereses\u00bb. M\u00e1s acerbas se hicieron las cr\u00edticas comentando el ingreso de la Sociedad de Artistas Franceses en la CGT: \u00abLas asociaciones de intelectuales s\u00f3lo deben federarse con sus afines, con aqu\u00e9llas que est\u00e1n inspiradas en los mismos prop\u00f3sitos, que tienen los mismos intereses que defender y que est\u00e1n obligadas a mantener por propia conveniencia, en la mayor altura posible el respeto a la propiedad intelectual. \u00c9ste es el \u00fanico sindicalismo que pueden aceptar los intelectuales del arte\u00bb.<\/p>\n","protected":false},"excerpt":{"rendered":"<p>Lo que sigue son las notas de mi participaci\u00f3n en la mesa sobre derechos laborales en la cultura (24 de abril de 2015, 16:30h), dentro del festival PAM! que se organiza en la facultad de Bellas Artes de la Universidad Polit\u00e9cnica de Valencia: Voy a empezar citando a alguien que en un principio<\/p>\n","protected":false},"author":1,"featured_media":0,"comment_status":"open","ping_status":"open","sticky":false,"template":"","format":"standard","meta":{"footnotes":""},"categories":[],"tags":[],"class_list":["post-2003410","post","type-post","status-publish","format-standard","hentry"],"_links":{"self":[{"href":"http:\/\/www.elenacabrera.com\/weblog3\/wp-json\/wp\/v2\/posts\/2003410","targetHints":{"allow":["GET"]}}],"collection":[{"href":"http:\/\/www.elenacabrera.com\/weblog3\/wp-json\/wp\/v2\/posts"}],"about":[{"href":"http:\/\/www.elenacabrera.com\/weblog3\/wp-json\/wp\/v2\/types\/post"}],"author":[{"embeddable":true,"href":"http:\/\/www.elenacabrera.com\/weblog3\/wp-json\/wp\/v2\/users\/1"}],"replies":[{"embeddable":true,"href":"http:\/\/www.elenacabrera.com\/weblog3\/wp-json\/wp\/v2\/comments?post=2003410"}],"version-history":[{"count":0,"href":"http:\/\/www.elenacabrera.com\/weblog3\/wp-json\/wp\/v2\/posts\/2003410\/revisions"}],"wp:attachment":[{"href":"http:\/\/www.elenacabrera.com\/weblog3\/wp-json\/wp\/v2\/media?parent=2003410"}],"wp:term":[{"taxonomy":"category","embeddable":true,"href":"http:\/\/www.elenacabrera.com\/weblog3\/wp-json\/wp\/v2\/categories?post=2003410"},{"taxonomy":"post_tag","embeddable":true,"href":"http:\/\/www.elenacabrera.com\/weblog3\/wp-json\/wp\/v2\/tags?post=2003410"}],"curies":[{"name":"wp","href":"https:\/\/api.w.org\/{rel}","templated":true}]}}