{"id":2003423,"date":"2015-05-27T10:01:03","date_gmt":"2015-05-27T09:01:03","guid":{"rendered":""},"modified":"2015-05-27T10:02:13","modified_gmt":"2015-05-27T09:02:13","slug":"la-reforma-de-la-biblioteca-francisco-ibanez-ex-nicolas-salmeron","status":"publish","type":"post","link":"http:\/\/www.elenacabrera.com\/weblog3\/2015\/05\/27\/la-reforma-de-la-biblioteca-francisco-ibanez-ex-nicolas-salmeron\/","title":{"rendered":"La reforma de la biblioteca Francisco Ib\u00e1\u00f1ez ex Nicol\u00e1s Salmer\u00f3n"},"content":{"rendered":"<p>Despu\u00e9s de interminables meses cerrada debido a unas obras que nos han condenado a un oto\u00f1o y un invierno sin biblioteca en el barrio de Prosperidad (Distrito de Chamart\u00edn, Madrid), ha reabierto este espacio de titularidad municipal. Est\u00e1 situada dentro del <a href=\"http:\/\/www.madrid.es\/portales\/munimadrid\/es\/Inicio\/Actividades-y-eventos\/Centro-Cultural-Nicolas-Salmeron-Chamartin-?vgnextfmt=default&amp;vgnextoid=ee4a1e79ee71c010VgnVCM1000000b205a0aRCRD&amp;vgnextchannel=27dfb4f19cce3210VgnVCM10000026205a0aRCRD\">centro cultural Nicol\u00e1s Salmer\u00f3n<\/a> (Calle Mantuano, 51) y aunque era conocida de esta manera, su nombre administrativo era Biblioteca P\u00fablica Municipal de Chamart\u00edn. Este es el nombre que ha sido cambiado por el de Biblioteca Francisco Ib\u00e1\u00f1ez, para rendir as\u00ed un homenaje al dibujante de Mortadelo. La biblioteca ha crecido en metros cuadrados pero no en fondo ni en forma.<\/p>\n<p style=\"text-align: center;\"><img loading=\"lazy\" decoding=\"async\" class=\"aligncenter\" src=\"http:\/\/www.madrid.es\/UnidadesDescentralizadas\/UDCMedios\/noticias\/2015\/03Marzo\/24Martes\/NotasdePrensa\/Biblioteca%20Francisco%20Ib%C3%A1%C3%B1ez\/ficheros\/Gal_BotellaBiblioteca_2.jpg\" alt=\"\" width=\"926\" height=\"615\" \/><\/p>\n<p>El centro cultural ocupa parte del edificio donde tambi\u00e9n estaba situado el ahora cerrado colegio Nicol\u00e1s Salmer\u00f3n. Se trata de un edificio muy singular. En 1981 ya era un <a href=\"http:\/\/elpais.com\/diario\/1981\/01\/21\/madrid\/348927859_850215.html\">\u00abpol\u00e9mico edificio\u00bb<\/a>. En ese a\u00f1o se decidi\u00f3 crear el centro cultural, la biblioteca y el colegio, con una financiaci\u00f3n por parte del Ayuntamiento de Madrid de 150 millones de pesetas, m\u00e1s lo que el Ministerio invirti\u00f3 en la creaci\u00f3n del colegio para cursar la EGB. Para realizar esta reforma, el Ayuntamiento hecho a los grupos que daban vida al edificio y que conformaban el Centro Cultural Prosperidad. Entre ellos hab\u00eda una cooperativa de guarder\u00eda infantil. Los grupos que gestionaban el inmenso lugar lo hac\u00edan bajo cesi\u00f3n consentida por el Ayuntamiento.<br \/>\nEl edificio se hab\u00eda construido para ser escuela p\u00fablica durante la Segunda Rep\u00fablica y desde el primer d\u00eda estaba bautizado con el nombre de Nicol\u00e1s Salmer\u00f3n, catedr\u00e1tico de Historia que durante la Primera Rep\u00fablica fue presidente del Ejecutivo, presidente del Congreso de los Diputados, ministro de Justicia y diputado.<br \/>\nLa historia siniestra de Mantuano 51 comienza despu\u00e9s de la guerra, cuando la Dictadura entrega el edificio, en 1942, a la Escuela de Mandos del Frente de Juventudes, para que se imparta all\u00ed doctrina pol\u00edtica, f\u00edsica y premilitar. Y as\u00ed sucede hasta 1975, cuando<!--more--> el Ateneo Polit\u00e9cnico se queda sin local y su colectivo busca otro que ocupar.<\/p>\n<p>As\u00ed <a href=\"http:\/\/elpais.com\/diario\/1998\/01\/05\/madrid\/884003060_850215.html\">escribe Moncho Alpuente<\/a> en 1998:<br \/>\n\u00abEl Gran Wyoming, gu\u00eda nativo criado en La Prosperidad, recuerda los felices d\u00edas del Ateneo Polit\u00e9cnico, una academia privada reconvertida en centro de actividades culturales, l\u00fadicas y festivas por voluntad de su propietario, cuyo edificio cobij\u00f3 actuaciones musicales de grupos de casa, locales de ensayo y una popular guarder\u00eda. La oposici\u00f3n de dos de los hijos del mecenas gener\u00f3 a mediados de los setenta una batalla legal y campal que termin\u00f3 como suelen terminar las buenas acciones cuando hay por me dio terrenos para especular.<br \/>\nTras el desalojo policial del polit\u00e9cnico, los ocupantes que a\u00fan no hab\u00edan estrenado la \u00abka\u00bb hicieron lo propio con los locales de la antigua Escuela de Mandos Jos\u00e9 Antonio, de la calle de Mantuano, desmantelada tras la muerte del supremo y superlativo mandatario del r\u00e9gimen. El nuevo centro cultural se convirti\u00f3, m\u00e1s que mediados los a\u00f1os setenta, en un vivero de actividades en el que germinaron los m\u00e1s desmandados talentos musicales de lo que empezaba a llamarse, \u00abmovida madrile\u00f1a\u00bb. Despu\u00e9s del \u00abmovimiento\u00bb, la \u00abmovida\u00bb, el edificio que hab\u00eda albergado a los candidatos a profesores de Educaci\u00f3n F\u00edsica y Formaci\u00f3n del Esp\u00edritu Nacional, terror de aulas y patios colegiales, se transform\u00f3 en un nuevo ateneo art\u00edstico y libertario, sin exclusiones, donde convivieron durante un tiempo un gimnasio de artes marciales y una sala de exposiciones, El Saco, en la que j\u00f3venes creadores y dise\u00f1adores expusieron sin rubor sus obras primerizas, esculturas con materiales reciclados entre el dada y el arte povera, el pop art y el agit prop (agitaci\u00f3n y propaganda). Uno de los animadores de aquellos momentos iniciales e inici\u00e1ticos fue Fernando M\u00e1rquez, El Zurdo, con sus fanzines y su primer grupo, Kaka de Luxe, en el que militaban Alaska y Carlos Berlanga. Tambi\u00e9n pararon por all\u00ed Los Zombis de Bernardo Bonnezzi y los obreros especializados del Aviador Dro, Servando Carballar, que ten\u00eda las oficinas de su sello discogr\u00e1fico independiente unas calles m\u00e1s all\u00e1, en pleno coraz\u00f3n de La Prospe\u00bb.<\/p>\n<p>\u00abAl poco tiempo de la ocupaci\u00f3n, hab\u00eda cientos de j\u00f3venes pululando por all\u00ed\u00bb <a href=\"http:\/\/devezencuento-beatles.webs.com\/el_gran_wyoming-la_prospe.htm\">recordaba El Gran Wyoming en 1999<\/a>. \u00abAll\u00ed conviv\u00edan grupos de m\u00fasica, teatro, t\u00edteres, fotograf\u00eda, artes marciales, talleres, carpinter\u00eda, una planta entera dedicada a la tercera edad, donde se montaban sus timbas los viejos, un gimnasio&#8230;\u00bb. \u00bfA que <a href=\"https:\/\/www.diagonalperiodico.net\/movimientos\/26855-nuevo-patio.html\">os recuerda al Patio Maravillas<\/a>?<\/p>\n<p>\u00abClaro est\u00e1 que nada es eterno. Los fachas, que siempre est\u00e1n en desacuerdo con todo, se empe\u00f1aron en cargarse la historia. A un chaval que paraba por all\u00ed y al que llamaban El Chileno, se lo cargaron de una pu\u00f1alada junto al Ateneo. Como suele suceder, aquel crimen se volvi\u00f3 contra las v\u00edctimas, y enseguida empez\u00f3 una campa\u00f1a de acoso por parte del diario ABC, que dedic\u00f3 varios d\u00edas a relatar lo que ocurr\u00eda en el Ateneo por las noches. Ya os pod\u00e9is imaginar: gritos de violaciones (parece cachondeo pero eso es lo que publicaban, ellos sab\u00edan que eran de violaciones, no pod\u00edan ser de otra cosa), gente de aspecto siniestro, incluso, c\u00f3mo no, publicaban cifras del incremento de la delincuencia en la zona, desde que exist\u00eda el Ateneo. Era la primera vez que en el barrio hab\u00eda un sitio decente que no fueran unos billares\u00bb.<\/p>\n<p>Como veis, el ABC no ha cambiado nada en 40 a\u00f1os, salvo que ahora contratan a fot\u00f3grafos en lugar de a dibujantes. Fin de la historia, en boca de Wyoming:<\/p>\n<p>\u00abEn fin la cosa es que, al final, lo que no consigui\u00f3 el Ayuntamiento de UCD, porque la resistencia de los ocupantes era fuerte, y la implantaci\u00f3n en el barrio tambi\u00e9n, lo hizo el del PSOE, que al estar presidido por el carism\u00e1tico Tierno, se permit\u00eda meter mano donde otros no se atrev\u00edan.<br \/>\nDespu\u00e9s de algunos avisos y negociaciones, en las que se prometieron espacios alternativos, como algunos locales de la Feria del Campo, para los que todav\u00eda segu\u00edan trabajando en el Ateneo, un d\u00eda llegaron los Geos, se liaron a destrozar las cosas, y aqu\u00ed paz y despu\u00e9s gloria. As\u00ed muri\u00f3 el Ateneo. Por supuesto, que de espacios alternativos, nada de nada. O sea, como siempre, una mierda\u00bb.<\/p>\n<p>En el encuentro de Manuela Carmena, m\u00e1s que probable inminente alcaldesa de Madrid, con los vecinos de Chamart\u00edn durante la campa\u00f1a electoral, los vecinos le dijeron que no pod\u00eda ser que ese edificio estuviera criando telara\u00f1as. Ella pareci\u00f3 estar de acuerdo.<\/p>\n<p><iframe loading=\"lazy\" width=\"1280\" height=\"720\" src=\"https:\/\/www.youtube.com\/embed\/JLURYElxZ8k\" frameborder=\"0\" allowfullscreen><\/iframe><\/p>\n<p>Como dec\u00eda al principio, reabierta al fin la biblioteca, vuelvo al Nicol\u00e1s Salmer\u00f3n para ver c\u00f3mo ha quedado. Es m\u00e1s grande, porque le ha cogido espacio a lo que era el colegio, pero es un completo desprop\u00f3sito, una tristeza, un disparate. Los paneles que forran las paredes dan apariencia de nuevo a un edificio viejo cuya historia queda aun m\u00e1s enterrada. Es una novedad cl\u00ednica, una limpieza as\u00e9ptica e impersonal. Troquelados de Mortadelo y Filem\u00f3n decoran las paredes. Un expositor en el pasillo destaca los c\u00f3mics de Ib\u00e1\u00f1ez, pero la secci\u00f3n de tebeos sigue siendo tan exigua y anticuada como siempre. La idea m\u00e1s incomprensible de todas ha sido la de partir la biblioteca en dos, creando en la derecha la zona de estanter\u00edas, hemeroteca+mediateca y recepci\u00f3n. De ella se sale traspasando los arcos antirrobo y se pasa al otro lado, donde tenemos la biblioteca infantil y juvenil y el espacio para los m\u00e1s peque\u00f1os (prelectores de 3, 4 y 5 a\u00f1os) que absurdamente han denominado \u00abbebeteca\u00bb. Mi hija est\u00e1 a punto de cumplir 4 y os prometo que de beb\u00e9 tiene bien poco. Es m\u00e1s, no le llames beb\u00e9 que se cabrea. En la biblioteca original, las mesas de estudio y consulta compart\u00edan espacio con las estanter\u00edas de libros. Ahora, las mesas est\u00e1n en una sala lejana, cerrada, a la que no puedes llevar libros a no ser que los tomes en pr\u00e9stamo. Si se te ocurre desafiar las normas, los arcos comenzar\u00e1n a pitar, se\u00f1al\u00e1ndote como antisistema. Abr\u00ed la puerta un momento para ver c\u00f3mo era esa denominada \u00absala de lectura\u00bb y recib\u00ed dos golpes: uno fuerte de mal olor a sobaquillo y otro inquietante de un buen n\u00famero de ojos que se levantaron del estudio de sus apuntes y ordenadores para mirar qui\u00e9n osaba perturbar su paz. Intimidada, cerr\u00e9 la puerta despacito y volv\u00ed con la cabeza gacha a recepci\u00f3n. Les plante\u00e9 mi confusi\u00f3n: si quiero sentarme a trabajar con varios libros que quiera consultar, \u00bfc\u00f3mo lo hago? \u00abNo puedes\u00bb me dijeron los consternados bibliotecarios, \u00aba no ser que te apa\u00f1es de pie o en la sillita aquella\u00bb. Se notaba en sus rostros que ellos tampoco entend\u00edan la remodelaci\u00f3n. \u00abQuien ha hecho esto no sabe lo que hace\u00bb, les digo. Con pesar, me contesta el bibliotecario \u00abme temo que s\u00ed que saben lo que hacen\u00bb.<br \/>\nLo piensas dos veces y lo entiendes: el reformista de la biblioteca entiende este espacio como un lugar de paso, donde el ciudadano acude a llevarse un libro y no tiene porqu\u00e9 quedarse all\u00ed, que se vaya a su casa con el libro. Y, por otro lado, tenemos a los j\u00f3venes estudiantes prepando sus ex\u00e1menes. \u00bfY yo ahora qu\u00e9 hago?<\/p>\n<p>Esta reforma es un s\u00edmbolo m\u00e1s de c\u00f3mo el extinguido ayuntamiento de Ana Botella no entiende que necesitamos espacios donde encontrarnos, donde pensar, donde leer, donde trabajar en com\u00fan. No queremos que nos den un libro \u00abgratis\u00bb y nos vayamos a casa. Queremos compartir el conocimiento y crear entre todas. Ah, pero qu\u00e9 peligro, hacer cosas entre todas.<\/p>\n<p>El centro cultural Nicol\u00e1s Salmer\u00f3n sigue creando telara\u00f1as, con aulas cedidas a empresas privadas, con un auditorio infrautilizado, presa de m\u00faltiples normativas municipales que nos hacen la vida triste y solitaria. Necesitamos organizarnos y que responda a nuestras necesidades culturales y sociales. Por las buenas o por las de 1975.<\/p>\n<p>PD<br \/>\nEl d\u00eda que fui a ver la remodelaci\u00f3n aprovech\u00e9 para donar parte del cat\u00e1logo de <a href=\"http:\/\/www.autoreverse.es\">Autoreverse<\/a> a la biblioteca, de manera que pod\u00e1is tomar en pr\u00e9stamo los discos de Comando Suzie, El Giro Org\u00e1nico o Lost Balance.<\/p>\n<p><a style=\"height: 20px; width: 40px; position: absolute; opacity: 0.85; z-index: 8675309; display: none; cursor: pointer; border: medium none; background-color: transparent; background-image: url(&quot;data; top: 126px; left: 18px;\" href=\"\/\/es.pinterest.com\/pin\/create\/extension\/\"><\/a><\/p>\n<p><a style=\"height: 20px; width: 40px; position: absolute; opacity: 0.85; z-index: 8675309; display: none; cursor: pointer; border: medium none; background-color: transparent; background-image: url(&quot;data; top: 126px; left: 18px;\" href=\"\/\/es.pinterest.com\/pin\/create\/extension\/\"><\/a><\/p>\n","protected":false},"excerpt":{"rendered":"<p>Despu\u00e9s de interminables meses cerrada debido a unas obras que nos han condenado a un oto\u00f1o y un invierno sin biblioteca en el barrio de Prosperidad (Distrito de Chamart\u00edn, Madrid), ha reabierto este espacio de titularidad municipal. Est\u00e1 situada dentro del centro cultural Nicol\u00e1s Salmer\u00f3n (Calle Mantuano, 51) y aunque era conocida de esta manera, [&hellip;]<\/p>\n","protected":false},"author":1,"featured_media":0,"comment_status":"open","ping_status":"open","sticky":false,"template":"","format":"standard","meta":{"footnotes":""},"categories":[],"tags":[],"class_list":["post-2003423","post","type-post","status-publish","format-standard","hentry"],"_links":{"self":[{"href":"http:\/\/www.elenacabrera.com\/weblog3\/wp-json\/wp\/v2\/posts\/2003423","targetHints":{"allow":["GET"]}}],"collection":[{"href":"http:\/\/www.elenacabrera.com\/weblog3\/wp-json\/wp\/v2\/posts"}],"about":[{"href":"http:\/\/www.elenacabrera.com\/weblog3\/wp-json\/wp\/v2\/types\/post"}],"author":[{"embeddable":true,"href":"http:\/\/www.elenacabrera.com\/weblog3\/wp-json\/wp\/v2\/users\/1"}],"replies":[{"embeddable":true,"href":"http:\/\/www.elenacabrera.com\/weblog3\/wp-json\/wp\/v2\/comments?post=2003423"}],"version-history":[{"count":0,"href":"http:\/\/www.elenacabrera.com\/weblog3\/wp-json\/wp\/v2\/posts\/2003423\/revisions"}],"wp:attachment":[{"href":"http:\/\/www.elenacabrera.com\/weblog3\/wp-json\/wp\/v2\/media?parent=2003423"}],"wp:term":[{"taxonomy":"category","embeddable":true,"href":"http:\/\/www.elenacabrera.com\/weblog3\/wp-json\/wp\/v2\/categories?post=2003423"},{"taxonomy":"post_tag","embeddable":true,"href":"http:\/\/www.elenacabrera.com\/weblog3\/wp-json\/wp\/v2\/tags?post=2003423"}],"curies":[{"name":"wp","href":"https:\/\/api.w.org\/{rel}","templated":true}]}}