{"id":2003440,"date":"2015-06-25T12:22:31","date_gmt":"2015-06-25T11:22:31","guid":{"rendered":""},"modified":"2015-06-25T12:29:34","modified_gmt":"2015-06-25T11:29:34","slug":"gran-gala-de-verano-autoreverse-este-sabado-27","status":"publish","type":"post","link":"http:\/\/www.elenacabrera.com\/weblog3\/2015\/06\/25\/gran-gala-de-verano-autoreverse-este-sabado-27\/","title":{"rendered":"Gran gala de verano Autoreverse este s\u00e1bado 27"},"content":{"rendered":"<p><img decoding=\"async\" src=\"https:\/\/farm1.staticflickr.com\/294\/18297300973_ac2c20ed4d_b.jpg\"><br \/>\nComo algunas ya sabr\u00e9is, este s\u00e1bado tenemos sarao <a href=\"http:\/\/www.autoreverse.es\">Autoreverse<\/a>, con los conciertos de Vadim Tudor, Moira y la pinchada de Elena Cabrera &#038; su compa\u00f1ero sentimental \/ compa\u00f1ero de estanter\u00eda de discos Alberto Monreal.<\/p>\n<p>Si no tienes dinero, no te preocupes, el precio es libre y puedes pagar un c\u00e9ntimo para entrar. Si te puedes permitir algo m\u00e1s, pon lo que consideres oportuno, que el bote se dividir\u00e1 entre tres. Vaciador34 se queda lo que se recauda en la barra, as\u00ed que no os olvid\u00e9is de beber.<\/p>\n<p><a href=\"http:\/\/vaciador34.net\/index.php?pa=eventos&#038;evento=348\">Vaciador34<\/a> est\u00e1 en la calle Matilde Hern\u00e1ndez, 34, 2\u00ba. Si no sabes lo que es el vaciador, <a href=\"http:\/\/vaciador34.net\/index.php?pa=nosotros\">lee esto antes de venir<\/a>. <\/p>\n<p>Horarios: 21h  Apertura puertas \/ 22h  MOIRA y sus dark dancers \/ 23h  VADIM TUDOR \/ 00 h  Elena Cabrera Dj hasta las 2h.<\/p>\n<p>M\u00e1s info:<br \/>\n<a href=\"http:\/\/vaciador34.net\/index.php?pa=eventos&#038;evento=348\">Vaciador34<\/a><br \/>\n<a href=\"http:\/\/contuberniorecords.bandcamp.com\/album\/moira-crsg041\">Moira<\/a><br \/>\n<a href=\"http:\/\/www.elenacabrera.com\/autoreverse\/autoreverse\/2014\/01\/vadim-tudor\/\">Vadim Tudor<\/a><br \/>\n<a href=\"https:\/\/www.facebook.com\/events\/935083226554087\/\">Evento en Facebook<\/a>.<br \/>\n<a href=\"http:\/\/www.lastfm.es\/event\/4147069+Gran+gala+de+verano+Autoreverse\">Evento en Last.fm<\/a>.<br \/>\n<a href=\"http:\/\/www.elenacabrera.com\/autoreverse\/autoreverse\/eventos\/\">Otros eventos Autoreverse<\/a>.<\/p>\n","protected":false},"excerpt":{"rendered":"<p>Como algunas ya sabr\u00e9is, este s\u00e1bado tenemos sarao Autoreverse, con los conciertos de Vadim Tudor, Moira y la pinchada de Elena Cabrera &#038; su compa\u00f1ero sentimental \/ compa\u00f1ero de estanter\u00eda de discos Alberto Monreal. Si no tienes dinero, no te preocupes, el precio es libre y puedes pagar un c\u00e9ntimo para entrar. Si te puedes [&hellip;]<\/p>\n","protected":false},"author":1,"featured_media":0,"comment_status":"open","ping_status":"open","sticky":false,"template":"","format":"standard","meta":{"footnotes":""},"categories":[],"tags":[],"class_list":["post-2003440","post","type-post","status-publish","format-standard","hentry"],"_links":{"self":[{"href":"http:\/\/www.elenacabrera.com\/weblog3\/wp-json\/wp\/v2\/posts\/2003440","targetHints":{"allow":["GET"]}}],"collection":[{"href":"http:\/\/www.elenacabrera.com\/weblog3\/wp-json\/wp\/v2\/posts"}],"about":[{"href":"http:\/\/www.elenacabrera.com\/weblog3\/wp-json\/wp\/v2\/types\/post"}],"author":[{"embeddable":true,"href":"http:\/\/www.elenacabrera.com\/weblog3\/wp-json\/wp\/v2\/users\/1"}],"replies":[{"embeddable":true,"href":"http:\/\/www.elenacabrera.com\/weblog3\/wp-json\/wp\/v2\/comments?post=2003440"}],"version-history":[{"count":0,"href":"http:\/\/www.elenacabrera.com\/weblog3\/wp-json\/wp\/v2\/posts\/2003440\/revisions"}],"wp:attachment":[{"href":"http:\/\/www.elenacabrera.com\/weblog3\/wp-json\/wp\/v2\/media?parent=2003440"}],"wp:term":[{"taxonomy":"category","embeddable":true,"href":"http:\/\/www.elenacabrera.com\/weblog3\/wp-json\/wp\/v2\/categories?post=2003440"},{"taxonomy":"post_tag","embeddable":true,"href":"http:\/\/www.elenacabrera.com\/weblog3\/wp-json\/wp\/v2\/tags?post=2003440"}],"curies":[{"name":"wp","href":"https:\/\/api.w.org\/{rel}","templated":true}]}}