{"id":2003445,"date":"2015-06-26T09:23:07","date_gmt":"2015-06-26T08:23:07","guid":{"rendered":""},"modified":"2015-06-26T09:24:45","modified_gmt":"2015-06-26T08:24:45","slug":"inigo-errejon-2011-el-15m-es-el-caldo-de-cultivo-para-una-ruptura-del-sistema-politico-que-podra-producirse-como-cuna-outsider-en-las-instituciones","status":"publish","type":"post","link":"http:\/\/www.elenacabrera.com\/weblog3\/2015\/06\/26\/inigo-errejon-2011-el-15m-es-el-caldo-de-cultivo-para-una-ruptura-del-sistema-politico-que-podra-producirse-como-cuna-outsider-en-las-instituciones\/","title":{"rendered":"\u00cd\u00f1igo Errej\u00f3n (2011): \u00abEl 15M es el caldo de cultivo para una ruptura del sistema pol\u00edtico que podr\u00e1 producirse como cu\u00f1a outsider en las instituciones\u00bb"},"content":{"rendered":"<p><img decoding=\"async\" src=\"https:\/\/farm9.staticflickr.com\/8583\/16540296719_3d65e17c02_c.jpg\"><br \/>\nEn 2011 entrevist\u00e9 a \u00cd\u00f1igo Errej\u00f3n para la revista Madriz con el objetivo de que me ayudara a comprender las implicaciones pol\u00edticas del 15M de cara a las Elecciones Generales. Qu\u00e9 oportuno revisar esta entrevista para ver c\u00f3mo los acontecimientos nos sobrepasaron a todos, cuatro a\u00f1os despu\u00e9s. Incluso al propio Errej\u00f3n, cuya predicci\u00f3n m\u00e1s optimista era que la traducci\u00f3n pol\u00edtica del 15M tomar\u00eda forma de \u00abcu\u00f1a outsider\u00bb o \u00abdesde grados mayores de exterioridad al r\u00e9gimen\u00bb. Para \u00e9l, lo esencial, dice al final de la entrevista, es \u00absi la indignaci\u00f3n pasa a nombrarse como sujeto que aspira al poder en representaci\u00f3n de la sociedad o se contenta con ser un lobby que presione a quienes toman las decisiones\u00bb. <!--more--><\/p>\n<p><strong>\u00bfInfluir\u00e1n los movimientos sociales en las pr\u00f3ximas elecciones generales?<\/strong><\/p>\n<p>No s\u00e9 si \u201clos movimientos sociales\u201d, que es una etiqueta casi siempre grandilocuente. Pero s\u00ed el 15-M. No tanto en los resultados electorales como en el significado pol\u00edtico de las elecciones, el clima en el que se celebren y la lectura que pueda hacer cada fuerza pol\u00edtica de sus votos y esca\u00f1os.\t<\/p>\n<p>Casi con toda seguridad, el 20N se celebrar\u00e1 en medio de una creciente impugnaci\u00f3n de las \u00e9lites pol\u00edticas, percibidas cada vez por m\u00e1s ciudadanos como una \u201ccasta\u201d que por encima de sus diferencias comparte unos intereses comunes que le alejan e la ciudadan\u00eda y le acercan peligrosamente a los poderes privados de los grupos privilegiados.<\/p>\n<p>El 15M ha explicitado, politizado y agrandado la brecha de legitimidad entre representantes y representados, cuestionando que los grupos dirigentes conduzcan los asuntos p\u00fablicos encarnando algo parecido al \u201cinter\u00e9s general\u201d, sino al inter\u00e9s particular de los que m\u00e1s tienen.<\/p>\n<p>Es la agrupaci\u00f3n simb\u00f3lica de las \u00e9lites la que permite hablar de \u201cr\u00e9gimen\u201d, y disminuye la efectividad de una de las funciones de las elecciones: la integraci\u00f3n y representaci\u00f3n del descontento, oxigenando la legitimidad sist\u00e9mica con el recambio de gobierno.<\/p>\n<p>Es probable que las elecciones deparen un escenario parad\u00f3jico: de la mayor fuerza institucional de la derecha en 30 a\u00f1os de monarqu\u00eda parlamentaria, al mismo tiempo que de crecimiento y fortalecimiento de la oposici\u00f3n que no s\u00f3lo es \u201csocial\u201d, sino n\u00edtidamente \u201cpol\u00edtica\u201d, a\u00fan sin representaci\u00f3n institucional directa.  El PP, aunque no lo nombre, sabe que tiene este problema desde el d\u00eda 0 sobre su mesa de gobierno.<br \/>\nEl PSOE deber\u00e1 tomar nota de las causas de su hist\u00f3rica derrota, que creo deber\u00eda leer como una sanci\u00f3n por incumplir el contrato electoral desarrollando medidas que no llevaba en su programa y a las que una parte sustancial de sus votantes se opone. <\/p>\n<p>En todo caso, el n\u00famero de quienes voten por los dos grandes partidos, coincidentes a grandes rasgos en su propuesta de salida de la crisis descargando sus costes sobre las clases subalternas, superar\u00e1 en mucho a la capacidad de convocatoria que de momento tiene el 15M, as\u00ed como al de los partidos minoritarios o con propuestas rupturistas frente a la crisis y su gesti\u00f3n pol\u00edtica. Hay que retener este dato en la cabeza para contextualizar la incipiente pero peque\u00f1a crisis de legitimidad del sistema pol\u00edtico: las \u00e9lites, aunque desprestigiadas, a\u00fan retienen una considerble capacidad de convencer.<\/p>\n<p><strong>\u00bfQu\u00e9 cambios se ven necesarios en el sistema pol\u00edtico para hacerlo m\u00e1s representativo?, (\u00bfcu\u00e1les de ellos est\u00e1n en un proceso de abierto?, \u00bfcu\u00e1les son realistas?, \u00bfcu\u00e1les se plantean a largo plazo?, \u00bfcu\u00e1les no ocurrir\u00e1n probablemente?<\/strong><\/p>\n<p>Es cierto que el sistema electoral sobrerrepresenta a los dos grandes partidos, y est\u00e1  dise\u00f1ado para premiar a las provincias de voto tradicionalmente m\u00e1s conservador y restar peso a aquellas de voto hist\u00f3ricamente m\u00e1s progresista. Pareciera que los art\u00edfices del actual sistema electoral lo hubiesen dise\u00f1ado con la mente puesta en los mapas electorales de 1931 y 1936, para evitar victorias de las izquierdas como entonces.<\/p>\n<p>No obstante el sistema pol\u00edtico hasta ahora ha sido m\u00e1s o menos representativo de una sociedad civil que ha delegado la pol\u00edtica en su gesti\u00f3n t\u00e9cnica por parte de profesionales estrechamente vinculado al capital financiero y los bancos.  Es cuando entre los representados surgen quejas o demandas profundas cuando se revela que los representantes no obedecen a quienes son los titulares formales de la soberan\u00eda, sino a los poderes econ\u00f3micos a los que nadie elige, y que exigen recortes a la mayor\u00eda de la poblaci\u00f3n de los que ellos se libran.\t<\/p>\n<p>En ese sentido, todas las medidas destinadas a profundizar el v\u00ednculo de la representaci\u00f3n, dotando de herramientas al representado para controlar su soberan\u00eda delegada, son positivas. Pero sobretodo esta crisis evidencia la necesidad de ampliar  el alcance de la soberan\u00eda popular: la gran mayor\u00eda de los poderes que determinan las reglas y los valores que rigen nuestra convivencia no est\u00e1n sometidos al principio democr\u00e1tico sino al del beneficio privado. Los medios de comunicaci\u00f3n, los Bancos Centrales, los sectores estrat\u00e9gicos de la econom\u00eda, la pol\u00edtica exterior o incluso ya los servicios p\u00fablicos como sanidad o educaci\u00f3n, no est\u00e1n bajo control ciudadano sino del 1% que m\u00e1s tiene. Esto limita enormemente el poder del voto.<\/p>\n<p>El problema no es s\u00f3lo la \u201cdemocratizaci\u00f3n\u201d de las instituciones pol\u00edticamente visibles, sino la de aquellos \u00e1mbitos que se pretenden \u201cno pol\u00edticos\u201d para escapar al control ciudadano y a la soberan\u00eda nacional y popular.\t<\/p>\n<p><strong>\u00bfEs el modelo social madrile\u00f1o el modelo que desea el PP para el estado espa\u00f1ol si gana las elecciones?\t<\/strong><\/p>\n<p>Sin duda. Y hay que tom\u00e1rselo en serio en la medida en que en nuestra Comunidad y nuestra Ciudad la derecha no s\u00f3lo ha ganado elecciones o promulgado leyes, sino que ha operado una aut\u00e9ntica transformaci\u00f3n social y cultural, identificando la regi\u00f3n con un modelo que promet\u00eda ascenso social individual vinculado a la propiedad (fundamentalmente inmobiliaria) y que afirmaba su identidad por agregaci\u00f3n en torno al imaginario del emprendedor agresivo y exitoso, que necesita ser \u201clibre\u201d para generar riqueza. <\/p>\n<p>Las dimensiones de la crisis demuestran que \u00e9se es un proyecto que pone el conjunto de la metr\u00f3polis madrile\u00f1a, su creatividad, sus bienes comunes y sus ciudadanos, al servicio de una acumulaci\u00f3n privada de la que se beneficia en exclusiva un porcentaje nimio de los madrile\u00f1os, y convierte a la mayor\u00eda en extras de una ciudad-regi\u00f3n \u2013 marca, escasamente atenta a las necesidades sociales de sus habitantes.<\/p>\n<p>Pero ser\u00eda un error minusvalorar la profundidad del \u201cbloque social\u201d articulado por la derecha ultraliberal madrile\u00f1a. Este conglomerado ha generado una cultura de ciudad que es hoy sentido com\u00fan, y resiste por tanto a los embates m\u00e1s bruscos de la crisis. Identificando a los m\u00e1s golpeados por ella con el proyecto hist\u00f3rico de la oligarqu\u00eda regional.<\/p>\n<p><strong>Madrid vive una importante crisis social, siendo la comunidad que menos invierte en educaci\u00f3n y sanidad, \u00bfporqu\u00e9 en la ciudad en la que estall\u00f3 el 15M vota al PP casi la mitad de los votantes? (49,19% de los votos en el congreso en marzo 2008, 45,02% marzo 2004). \u00bfQu\u00e9 puede cambiar en Madrid una victoria conservadora en las elecciones generales?<\/strong><\/p>\n<p>Poco. Puede acelerar el proceso de ofensiva contra los derechos laborales (por la que el Gobierno Regional llama \u201cprivilegiados\u201d a todos los asalariados que a\u00fan pueden hacer huelga sin miedo a ser despedidos de inmediato), contra los servicios p\u00fablicos y contra el territorio. La ofensiva, en definitiva, por una masiva redistribuci\u00f3n de la riqueza a favor de las capas ya privilegiadas.<\/p>\n<p>La cuesti\u00f3n es que estas capas se han presentado exitosamente como dinamizadoras del conjunto social, locomotoras del progreso de la regi\u00f3n \u2013en lugar de beneficiarias de los esfuerzos colectivos. Es posible, como ya dec\u00eda, que la profundidad de la crisis abra algunas grietas en este relato, pero esas grietas por s\u00ed mismas nunca tendr\u00e1n traducci\u00f3n pol\u00edtica sin un esfuerzo de largo aliento por romper con la hegemon\u00eda de la derecha en la regi\u00f3n: su capacidad de articular en torno a su liderazgo un proyecto que encarne las esperanzas de los madrile\u00f1os, y construya una aut\u00e9ntica forma de \u201cser madrile\u00f1@\u201d. <\/p>\n<p>Hay que desafiar esta narrativa, que parece apol\u00edtica y por ello es tan fuerte a la hora de producir valores que, si bien son de derechas, no son en absoluto \u201cconservadores\u201d: no pretenden conservar nada, no funcionan a la defensiva sino a la ofensiva, disput\u00e1ndole a la izquierda sus significantes tradicionales de \u201ccambio\u201d, \u201clibertad\u201d, \u201cfrescura\u201d o \u201cinnovaci\u00f3n\u201d.<\/p>\n<p>El 15M ha irrumpido cuestionando esto, descolocando el orden del tablero pol\u00edtico (en todo el pa\u00eds, pero en Madrid con especial fuerza) y a ello le debe su capacidad de convocatoria y de colocar ideas en la agenda pol\u00edtica. Por eso las fuerzas pol\u00edtica del establishment han corrido presurosas a etiquetarle ideol\u00f3gicamente de forma que las lealtades ciudadanas vuelvan a decidirse en los par\u00e1metros anteriores. En esto han contado con la complicidad involuntaria de algunos grupos de izquierda, en b\u00fasqueda de una pureza que ya no volver\u00e1. Por el contrario, la potencia del 15M radica en extender ideas antes \u201cradicales\u201d e instalarlas como cuestiones \u201cde sentido com\u00fan\u201d al margen de las adscripciones ideol\u00f3gicas previas.\t<\/p>\n<p>Precisamente la desarticulaci\u00f3n del tejido ciudadano y la fragmentaci\u00f3n social han hecho posible que en nuestra regi\u00f3n haya tanta indignaci\u00f3n difusa, disponible para aglutinarse en torno a una impugnaci\u00f3n general de las \u00e9lites pol\u00edtico-econ\u00f3micas por contraposici\u00f3n al \u201cpueblo\u201d, que no preexiste sino que se construye como comunidad del 99% que exige la soberan\u00eda que le ha expropiado el 1% privilegiado.<\/p>\n<p>Si esta construcci\u00f3n a\u00fan no tiene traducci\u00f3n electoral, forma el caldod e cultivo para una ruptura del sistema pol\u00edtico, que podr\u00e1 producirse con una cu\u00f1a \u201coutsider\u201d en las instituciones o desde grados mayores de exterioridad al r\u00e9gimen. Esto no es en mi opini\u00f3n lo esencial, sino la discusi\u00f3n sobre el poder pol\u00edtico: si la indignaci\u00f3n pasa a nombrarse como sujeto que aspira al poder en representaci\u00f3n de la sociedad o se contenta con ser un lobby que presione a quienes toman las decisiones.<\/p>\n","protected":false},"excerpt":{"rendered":"<p>En 2011 entrevist\u00e9 a \u00cd\u00f1igo Errej\u00f3n para la revista Madriz con el objetivo de que me ayudara a comprender las implicaciones pol\u00edticas del 15M de cara a las Elecciones Generales. Qu\u00e9 oportuno revisar esta entrevista para ver c\u00f3mo los acontecimientos nos sobrepasaron a todos, cuatro a\u00f1os despu\u00e9s. Incluso al propio Errej\u00f3n, cuya predicci\u00f3n m\u00e1s optimista [&hellip;]<\/p>\n","protected":false},"author":1,"featured_media":0,"comment_status":"open","ping_status":"open","sticky":false,"template":"","format":"standard","meta":{"footnotes":""},"categories":[],"tags":[],"class_list":["post-2003445","post","type-post","status-publish","format-standard","hentry"],"_links":{"self":[{"href":"http:\/\/www.elenacabrera.com\/weblog3\/wp-json\/wp\/v2\/posts\/2003445","targetHints":{"allow":["GET"]}}],"collection":[{"href":"http:\/\/www.elenacabrera.com\/weblog3\/wp-json\/wp\/v2\/posts"}],"about":[{"href":"http:\/\/www.elenacabrera.com\/weblog3\/wp-json\/wp\/v2\/types\/post"}],"author":[{"embeddable":true,"href":"http:\/\/www.elenacabrera.com\/weblog3\/wp-json\/wp\/v2\/users\/1"}],"replies":[{"embeddable":true,"href":"http:\/\/www.elenacabrera.com\/weblog3\/wp-json\/wp\/v2\/comments?post=2003445"}],"version-history":[{"count":0,"href":"http:\/\/www.elenacabrera.com\/weblog3\/wp-json\/wp\/v2\/posts\/2003445\/revisions"}],"wp:attachment":[{"href":"http:\/\/www.elenacabrera.com\/weblog3\/wp-json\/wp\/v2\/media?parent=2003445"}],"wp:term":[{"taxonomy":"category","embeddable":true,"href":"http:\/\/www.elenacabrera.com\/weblog3\/wp-json\/wp\/v2\/categories?post=2003445"},{"taxonomy":"post_tag","embeddable":true,"href":"http:\/\/www.elenacabrera.com\/weblog3\/wp-json\/wp\/v2\/tags?post=2003445"}],"curies":[{"name":"wp","href":"https:\/\/api.w.org\/{rel}","templated":true}]}}