{"id":2003521,"date":"2015-08-26T14:56:20","date_gmt":"2015-08-26T13:56:20","guid":{"rendered":""},"modified":"2015-08-26T15:00:20","modified_gmt":"2015-08-26T14:00:20","slug":"contra-la-confusion","status":"publish","type":"post","link":"http:\/\/www.elenacabrera.com\/weblog3\/2015\/08\/26\/contra-la-confusion\/","title":{"rendered":"Contra la confusi\u00f3n"},"content":{"rendered":"<p>\u00abConviene decirlo pronto: la situaci\u00f3n actual de la cr\u00edtica literaria en Espa\u00f1a es lamentable\u00bb.<\/p>\n<p>\u00bfEsa conclusi\u00f3n pertenece a 2015? No: a 1987.<br \/>\nPod\u00e9is leer <a href=\"http:\/\/colectivotodoazen.blogspot.com.es\/2015\/07\/para-una-pequena-historia-de-la-critica.html\">aqu\u00ed<\/a> (y <a href=\"http:\/\/colectivotodoazen.blogspot.com.es\/2015\/07\/para-una-pequena-historia-de-la-critica_31.html\">aqu\u00ed<\/a> y <a href=\"http:\/\/colectivotodoazen.blogspot.com.es\/2015\/08\/para-una-pequena-historia-de-la-critica.html\">aqu\u00ed<\/a>) el manifiesto (que nunca lleg\u00f3 a manifestarse) de un grupo de cr\u00edticos literarios reunidos por Alejandro G\u00e1ndara para impulsar la secci\u00f3n Libros del diario El Pa\u00eds en aquella fecha. Lo ha revelado<!--more--> el Colectivo Todoazen.<\/p>\n<p><a data-flickr-embed=\"true\"  href=\"https:\/\/www.flickr.com\/photos\/lori_greig\/1362222286\/in\/photolist-35nKe9-4qoXRK-7PWwa4-891aTy-7FQtE6-6stm6w-4GdKk5-7FQtHt-fyMKTJ-GrkeP-dcSBcQ-88WVyM-891aVU-88WVu2-88WVsz-7JNRGU-7NK4SP-7PWwcc-7PWw6T-7PWw38-7NK51c-7NP2Vh-7NK4Xv-7NK4EZ-JYExt-87ixHn-9EvoEc-9Evotk-9EyirJ-9Eyioo-9EyiBA-9EvoHX-9mFSFW-7NsAjc-bqmYQX-7Nwzbm-e4c6gY-7Nwzjo-7JJWj4-7Nwzm1-7yL7PE-efQQPC-7BztX6-7BzufR-7BzubH-7Bzu5n-9TNFKC-7yGk7z-7yGk6n-7ABT1J\" title=\"Newsroom view of Times Square\"><img loading=\"lazy\" decoding=\"async\" src=\"https:\/\/farm2.staticflickr.com\/1170\/1362222286_bbcad13f72_z.jpg\" width=\"640\" height=\"507\" alt=\"Newsroom view of Times Square\"><\/a><script async src=\"\/\/embedr.flickr.com\/assets\/client-code.js\" charset=\"utf-8\"><\/script><\/p>\n","protected":false},"excerpt":{"rendered":"<p>\u00abConviene decirlo pronto: la situaci\u00f3n actual de la cr\u00edtica literaria en Espa\u00f1a es lamentable\u00bb. \u00bfEsa conclusi\u00f3n pertenece a 2015? No: a 1987. Pod\u00e9is leer aqu\u00ed (y aqu\u00ed y aqu\u00ed) el manifiesto (que nunca lleg\u00f3 a manifestarse) de un grupo de cr\u00edticos literarios reunidos por Alejandro G\u00e1ndara para impulsar la secci\u00f3n Libros del diario El Pa\u00eds [&hellip;]<\/p>\n","protected":false},"author":1,"featured_media":0,"comment_status":"open","ping_status":"open","sticky":false,"template":"","format":"standard","meta":{"footnotes":""},"categories":[],"tags":[],"class_list":["post-2003521","post","type-post","status-publish","format-standard","hentry"],"_links":{"self":[{"href":"http:\/\/www.elenacabrera.com\/weblog3\/wp-json\/wp\/v2\/posts\/2003521","targetHints":{"allow":["GET"]}}],"collection":[{"href":"http:\/\/www.elenacabrera.com\/weblog3\/wp-json\/wp\/v2\/posts"}],"about":[{"href":"http:\/\/www.elenacabrera.com\/weblog3\/wp-json\/wp\/v2\/types\/post"}],"author":[{"embeddable":true,"href":"http:\/\/www.elenacabrera.com\/weblog3\/wp-json\/wp\/v2\/users\/1"}],"replies":[{"embeddable":true,"href":"http:\/\/www.elenacabrera.com\/weblog3\/wp-json\/wp\/v2\/comments?post=2003521"}],"version-history":[{"count":0,"href":"http:\/\/www.elenacabrera.com\/weblog3\/wp-json\/wp\/v2\/posts\/2003521\/revisions"}],"wp:attachment":[{"href":"http:\/\/www.elenacabrera.com\/weblog3\/wp-json\/wp\/v2\/media?parent=2003521"}],"wp:term":[{"taxonomy":"category","embeddable":true,"href":"http:\/\/www.elenacabrera.com\/weblog3\/wp-json\/wp\/v2\/categories?post=2003521"},{"taxonomy":"post_tag","embeddable":true,"href":"http:\/\/www.elenacabrera.com\/weblog3\/wp-json\/wp\/v2\/tags?post=2003521"}],"curies":[{"name":"wp","href":"https:\/\/api.w.org\/{rel}","templated":true}]}}