{"id":2003528,"date":"2015-08-28T11:56:42","date_gmt":"2015-08-28T10:56:42","guid":{"rendered":""},"modified":"2016-09-03T15:09:36","modified_gmt":"2016-09-03T15:09:36","slug":"mas-critica","status":"publish","type":"post","link":"http:\/\/www.elenacabrera.com\/weblog3\/2015\/08\/28\/mas-critica\/","title":{"rendered":"M\u00e1s cr\u00edtica"},"content":{"rendered":"<blockquote><p>\u00abEn un mundillo como el nuestro, tan anquilosado en muchos aspectos, hace falta m\u00e1s cr\u00edtica p\u00fablica, a todos los niveles\u00bb. \u00abUn poco de cr\u00edtica no le sienta mal a nadie, te ennoblece, te pone en tu sitio, te hace humilde, te hace mejorar como persona o como autor\u00bb.<\/p>\n<p>\u00abMe pregunto qu\u00e9 hay en com\u00fan entre nuestro hoy y el momento en el que surge el surrealismo tras la Primera Guerra Mundial. La respuesta no es muy atractiva, \u00bfverdad? \u00bfVientos de guerra, quiz\u00e1? Creo que la gente occidental, que vive en un entorno pac\u00edfico que dura ya muchas d\u00e9cadas, nota esos vientos porque, aunque soplen desde latitudes lejanas, el Afganist\u00e1n o el Irak de turno, sabemos que tienen que ver con nosotros. Luego est\u00e1 el tema del cambio clim\u00e1tico, que se ha convertido en uno de esos miedos apocal\u00edpticos al fin de la civilizaci\u00f3n que el hombre de todas las \u00e9pocas ha tenido peri\u00f3dicamente. Aunque esta vez me parece que no es un miedo exagerado, ni infundado ni supersticioso. Y luego est\u00e1 el inter\u00e9s por nuestro inconsciente, que ha vuelto a ponerse de moda. Creo que el hombre occidental de hoy tiene una fuerte sensaci\u00f3n de fealdad hacia s\u00ed mismo, de no gustarse, tiene un gran vac\u00edo, un deseo de recuperar la \u2018armon\u00eda perdida\u2019, de volver a ser \u2018uno con el mundo\u2019. De todo esto puede venir esta nueva \u2018necesidad de surrealismo\u2019\u00bb.<\/p>\n<p>-Pepo P\u00e9rez, febrero 2007<\/p><\/blockquote>\n<p><center><img decoding=\"async\" src=\"https:\/\/pbs.twimg.com\/profile_images\/1965172290\/vecino.jpg\" \/><\/center><\/p>\n","protected":false},"excerpt":{"rendered":"<p>\u00abEn un mundillo como el nuestro, tan anquilosado en muchos aspectos, hace falta m\u00e1s cr\u00edtica p\u00fablica, a todos los niveles\u00bb. \u00abUn poco de cr\u00edtica no le sienta mal a nadie, te ennoblece, te pone en tu sitio, te hace humilde, te hace mejorar como persona o como autor\u00bb. \u00abMe pregunto qu\u00e9 hay en com\u00fan entre [&hellip;]<\/p>\n","protected":false},"author":1,"featured_media":0,"comment_status":"open","ping_status":"open","sticky":false,"template":"","format":"standard","meta":{"footnotes":""},"categories":[2],"tags":[],"class_list":["post-2003528","post","type-post","status-publish","format-standard","hentry","category-twentytwentyfive"],"_links":{"self":[{"href":"http:\/\/www.elenacabrera.com\/weblog3\/wp-json\/wp\/v2\/posts\/2003528","targetHints":{"allow":["GET"]}}],"collection":[{"href":"http:\/\/www.elenacabrera.com\/weblog3\/wp-json\/wp\/v2\/posts"}],"about":[{"href":"http:\/\/www.elenacabrera.com\/weblog3\/wp-json\/wp\/v2\/types\/post"}],"author":[{"embeddable":true,"href":"http:\/\/www.elenacabrera.com\/weblog3\/wp-json\/wp\/v2\/users\/1"}],"replies":[{"embeddable":true,"href":"http:\/\/www.elenacabrera.com\/weblog3\/wp-json\/wp\/v2\/comments?post=2003528"}],"version-history":[{"count":1,"href":"http:\/\/www.elenacabrera.com\/weblog3\/wp-json\/wp\/v2\/posts\/2003528\/revisions"}],"predecessor-version":[{"id":2002002029,"href":"http:\/\/www.elenacabrera.com\/weblog3\/wp-json\/wp\/v2\/posts\/2003528\/revisions\/2002002029"}],"wp:attachment":[{"href":"http:\/\/www.elenacabrera.com\/weblog3\/wp-json\/wp\/v2\/media?parent=2003528"}],"wp:term":[{"taxonomy":"category","embeddable":true,"href":"http:\/\/www.elenacabrera.com\/weblog3\/wp-json\/wp\/v2\/categories?post=2003528"},{"taxonomy":"post_tag","embeddable":true,"href":"http:\/\/www.elenacabrera.com\/weblog3\/wp-json\/wp\/v2\/tags?post=2003528"}],"curies":[{"name":"wp","href":"https:\/\/api.w.org\/{rel}","templated":true}]}}