{"id":2003535,"date":"2015-08-29T12:49:11","date_gmt":"2015-08-29T11:49:11","guid":{"rendered":""},"modified":"2015-08-29T12:51:07","modified_gmt":"2015-08-29T11:51:07","slug":"preguntas-y-respuestas-ineditas-del-universo-chanante","status":"publish","type":"post","link":"http:\/\/www.elenacabrera.com\/weblog3\/2015\/08\/29\/preguntas-y-respuestas-ineditas-del-universo-chanante\/","title":{"rendered":"Preguntas y respuestas (in\u00e9ditas) del universo chanante"},"content":{"rendered":"<p>En el verano de 2007, en Madrid:<\/p>\n<p><img loading=\"lazy\" decoding=\"async\" class=\"alignleft\" style=\"margin: 5px;\" src=\"http:\/\/ep01.epimg.net\/elpais\/imagenes\/2010\/03\/02\/actualidad\/1267516132_850215_0000000000_sumario_normal.jpg\" alt=\"\" width=\"400\" height=\"267\" \/><strong>\u00bfQu\u00e9 opinas de tus compa\u00f1eros?<\/strong><br \/>\n<strong>Juli\u00e1n L\u00f3pez: <\/strong>Ernesto y Joaqu\u00edn son mis amigos, si de algo presumimos nosotros es de que hacemos un programa entre amigos, igual que me tomo unas ca\u00f1as con ellos hago un programa, no tiene esa trascendencia de que est\u00e1n las c\u00e1maras, yo me lo tomo como que andamos de juerga. Prefesionalmente, son unos grandes c\u00f3micos, los mejores para m\u00ed que hay en Espa\u00f1a ahora mismo, siento envidia y admiraci\u00f3n profunda. Pero ante todo los quiero como amigos.<\/p>\n<p><strong>\u00bfQu\u00e9 es esto para ti?<\/strong><br \/>\n<strong>El Chape:<\/strong> Divirti\u00e9ndonos nosotros hemos dado con la f\u00f3rmula para que la gente tambi\u00e9n se divierta. Nosotros pens\u00e1bamos esto igual no lo entiende nadie porque era una cosa muy interna, muy del grupo pero ha gustado y es una diversi\u00f3n con sueldo.<br \/>\nVan a estar los esnobs que piensen que esto no es lo sufci\u00e9ntemente inteligente como para reirse y pas\u00e1rselo bien pero lo bueno que tiene es que no hay pretensiones. Es esto, si te gusta lo coges y si no no. A veces se tiende a dar una categor\u00eda ala comedia que no tiene. La comedia es re\u00edrse, si te hace gracia s\u00ed, si no no.<br \/>\nEs una cuesti\u00f3n de costumbres, si nos aguantan, acabar\u00e1n comulgando.<br \/>\nCuando uno est\u00e1 en este grado de idiotez terminas ri\u00e9ndote de tus propios chistes.<\/p>\n<p><strong>A ti te identifica mucho con el personaje y con la garrulez\u2026<\/strong><br \/>\n<strong>Ernesto Sevilla:<\/strong> Much\u00edsimo, s\u00ed.<br \/>\n<strong>\u00bfY est\u00e1s encantado en ello?<\/strong><br \/>\nPues no, la verdad.<!--more--> El hecho de que te digan ga\u00f1\u00e1n por la calle pues bueno, yo mo le he buscado. Pero que te identifiquen con la garrulez pues hombre, es un personaje, es ficci\u00f3n. Aunque yo tengo un ga\u00f1\u00e1n dentro como todos los espa\u00f1oles.<br \/>\n<strong>Crees que si no hubieses venido a la ciudad, habr\u00edas acabado\u2026<\/strong><br \/>\nSeguro, seguro. Si no me llego a venir a Madrid y me hubiese quedado en Albacete o en el pueblo de mi padre, ser\u00eda as\u00ed ahora.<\/p>\n<p><strong>\u00bfTe ha marcado socialmente montar el grupo Ojete Calor?<\/strong><br \/>\n<strong>Carlos Areces:<\/strong> \u00bfSi por estar en Ojete Calor te sientes ya la escoria de la sociedad, es lo que me quieres decir? Vale la respuesta es s\u00ed, pertenezco a un nivel m\u00e1s bajo, lo bueno es que s\u00f3lo puedo trepar y ascender porque m\u00e1s bajo no se puede caer. A partir de ah\u00ed todo es maravilloso y positivo. \u00bfSabes qui\u00e9n es concejal de Cultura? El otro miembro de Ojete Calor, eso es lo m\u00e1s bajo que ha hecho. En el ayuntamiento de Villanueva de la Jara. Compagina su amor al espect\u00e1culo mamarracho en Ojete Calor con su amor al espect\u00e1culo mamarracho y pol\u00edtico en su trabajo como concejal.<br \/>\nQueremos hacer una apuesta reivindicativa. Como fue Serrat en los 70, Ojete Calor en el 2000. Hanibal concejal de Cultura&#8230;, esto con Franco no pasaba, qu\u00e9 verg\u00fcenza. Hay mucha gente que se arrpiente de haber luchado contra el r\u00e9gimen franquista al ver el tipo de cosas que ha traido, como Ojete Calor. En fin, aqu\u00ed estamos.<\/p>\n<p><strong>\u00bfC\u00f3mo has acabado siendo el l\u00edder de toda esta muchachada?<\/strong><br \/>\n<strong>Joaqu\u00edn Reyes:<\/strong> L\u00edder suena demasiado grande, como todo lo que hemos hecho ha sido natural y sin ning\u00fan plan. Al principio empezamos Ernesto y yo y luego Juli\u00e1n y luego Ra\u00fal.<br \/>\nEn Espa\u00f1a el humor siempre ha tenido muy buena salud, es verdad que casi siempre ha ido en una direcci\u00f3n de s\u00e1tira pol\u00edtica o de actualidad y nosotros nos hemos desmarcado de eso. Nosotros no venimos a salvar nada, venimos a aportar nuestro granito, hacemos un programa peque\u00f1ito, y ya est\u00e1, hacemos nuestra cosita. Somo manchegos as\u00ed que de humildad sabemos.<\/p>\n<p><strong>\u00bfQu\u00e9 es lo que se te da mejor?<\/strong><br \/>\n<strong>Ra\u00fal Cim\u00e1s:<\/strong> Creo que esta temporada me he especializado en los musicales. Y las cosas de locos son siempre m\u00edas. Todos hacemos referencia a las pel\u00edculas de acci\u00f3n de nuestra generaci\u00f3n. Yo a los 14 estaba viendo a Rambo matando y soy a la vez culpable y v\u00edctima de esto. Es el cine que me gusta ver. Son muy pocas las comedias y pogramas c\u00f3micos que veo, son m\u00e1s referencias de pel\u00edculas dram\u00e1ticas normales y sacadas de contexto esa situaci\u00f3n.<\/p>\n<p><a style=\"height: 20px; width: 40px; position: absolute; opacity: 0.85; z-index: 8675309; display: none; cursor: pointer; border: medium none; background-color: transparent; background-image: url(&quot;data; top: 55px; left: 23px;\" href=\"\/\/es.pinterest.com\/pin\/create\/extension\/\"><\/a><\/p>\n","protected":false},"excerpt":{"rendered":"<p>En el verano de 2007, en Madrid: \u00bfQu\u00e9 opinas de tus compa\u00f1eros? Juli\u00e1n L\u00f3pez: Ernesto y Joaqu\u00edn son mis amigos, si de algo presumimos nosotros es de que hacemos un programa entre amigos, igual que me tomo unas ca\u00f1as con ellos hago un programa, no tiene esa trascendencia de que est\u00e1n las c\u00e1maras, yo me [&hellip;]<\/p>\n","protected":false},"author":1,"featured_media":0,"comment_status":"open","ping_status":"open","sticky":false,"template":"","format":"standard","meta":{"footnotes":""},"categories":[],"tags":[],"class_list":["post-2003535","post","type-post","status-publish","format-standard","hentry"],"_links":{"self":[{"href":"http:\/\/www.elenacabrera.com\/weblog3\/wp-json\/wp\/v2\/posts\/2003535","targetHints":{"allow":["GET"]}}],"collection":[{"href":"http:\/\/www.elenacabrera.com\/weblog3\/wp-json\/wp\/v2\/posts"}],"about":[{"href":"http:\/\/www.elenacabrera.com\/weblog3\/wp-json\/wp\/v2\/types\/post"}],"author":[{"embeddable":true,"href":"http:\/\/www.elenacabrera.com\/weblog3\/wp-json\/wp\/v2\/users\/1"}],"replies":[{"embeddable":true,"href":"http:\/\/www.elenacabrera.com\/weblog3\/wp-json\/wp\/v2\/comments?post=2003535"}],"version-history":[{"count":0,"href":"http:\/\/www.elenacabrera.com\/weblog3\/wp-json\/wp\/v2\/posts\/2003535\/revisions"}],"wp:attachment":[{"href":"http:\/\/www.elenacabrera.com\/weblog3\/wp-json\/wp\/v2\/media?parent=2003535"}],"wp:term":[{"taxonomy":"category","embeddable":true,"href":"http:\/\/www.elenacabrera.com\/weblog3\/wp-json\/wp\/v2\/categories?post=2003535"},{"taxonomy":"post_tag","embeddable":true,"href":"http:\/\/www.elenacabrera.com\/weblog3\/wp-json\/wp\/v2\/tags?post=2003535"}],"curies":[{"name":"wp","href":"https:\/\/api.w.org\/{rel}","templated":true}]}}