{"id":2003565,"date":"2015-09-08T14:27:56","date_gmt":"2015-09-08T13:27:56","guid":{"rendered":""},"modified":"2015-09-17T09:34:12","modified_gmt":"2015-09-17T08:34:12","slug":"3565","status":"publish","type":"post","link":"http:\/\/www.elenacabrera.com\/weblog3\/2015\/09\/08\/3565\/","title":{"rendered":"Popl\u00edtico"},"content":{"rendered":"<p><img loading=\"lazy\" decoding=\"async\" class=\"alignleft\" style=\"margin-top: 5px; margin-bottom: 5px;\" src=\"https:\/\/pbs.twimg.com\/profile_images\/2597756386\/Plancton.gif\" alt=\"\" width=\"260\" height=\"258\" \/> \u00abLas letras de Breton Armada retratan el momento que estamos viviendo. La crisis econ\u00f3mica, la crisis de valores e ideol\u00f3gica, el consumismo y los medios de comunicaci\u00f3n. Todo esto con cierta iron\u00eda y distanciamiento brechtiano. Vivimos tiempos dificiles y hemos querido reflejarlo en nuestro disco pero la m\u00fasica tambien tiene que servir para disfrutar y evadirse. Ser\u00eda horrible que todo el mundo escribiera letras tan criticas y duras como las nuestras\u00bb.<br \/>\n&#8211; Luis Pr\u00f3sper (Breton Armada)<\/p>\n<p>\u00abAl hilo de Alberto Contador, le dec\u00eda el otro d\u00eda a un amigo: &#8216;Mira, la justicia, no deber\u00eda de tener en cuenta las pruebas, lo importante es lo que diga el populacho, si el pueblo de Pinto dice que Contador es inocente, pues es inocente&#8217;. La culpa siempre es de los de fuera. \u00a1Nos tienen man\u00eda!, como ironicamente describ\u00eda Pio Baroja su paso por la Universidad en \u00abEl \u00e1rbol de la ciencia\u00bb refiri\u00e9ndose a las cr\u00edticas de los rectores espa\u00f1oles hacia las vanguardias francesas y alemanas\u00bb.<\/p>\n<p>&#8211; Ritxar (Ciclos Iturgaiz)<!--more--><\/p>\n<p>\u00abMi tema pol\u00edtico esencial es la creaci\u00f3n del Estado de Ourense, y ni se trata del asunto m\u00e1s importante del mundo ni del menos: s\u00f3lo es algo sobre lo que a m\u00ed me apetece escribir canciones, igual que otros lo har\u00e1n sobre lo que les venga en gana\u00bb. <\/p>\n<p>&#8211; Emilio Jos\u00e9<\/p>\n<p>\u00abQuiz\u00e1s la m\u00fasica popular no sea<!--more--> el lenguaje art\u00edstico mas apropiado para este tipo de cr\u00edtica, existen otros lenguajes como la literatura, los documentales, el periodismo de investigaci\u00f3n, etc&#8230;.donde es mas apropiado hablar de ciertas cosas, ya sea la econom\u00eda, el decrecimiento, el cenit del petr\u00f3leo o el cinismo contempor\u00e1neo, aunque por otra parte tenemos grandes referentes de la m\u00fasica popular que lo han conseguido, grandes artistas que hablaron de cosas concretas, y al mismo tiempo dotaron a su m\u00fasica de una calidad incre\u00edble, artistas como Nina Simone, The Clash, Fela Kuti, Dylan, Dead Kennedys, PIL, grandes ejemplos a seguir desde mi punto de vista, grandes ejemplos de que el esp\u00edritu cr\u00edtico en arte no es un g\u00e9nero, no es una excepci\u00f3n, ni una moda, sino uno de pilares sobre los que se basa la m\u00fasica popular desde siempre, y de los mas interesantes si uno investiga y huye de la m\u00fasica comercial, algo bastante sano si a uno le gustan estas cosas\u00bb.<\/p>\n<p>&#8211; Daniel Alonso (Pony Bravo \/ Fiera \/ El Rancho)<\/p>\n<p>\u00abCuando llegu\u00e9 a Coru\u00f1a se pod\u00eda pasear por el puerto. Hoy no se puede pero tenemos \u00abEl Puerto Centro de Ocio\u00bb (un centro comercial). Tambi\u00e9n pod\u00edas recorrer el Dique de Abrigo por encima o saltando por las piedras. Hoy tampoco se puede. Parecen tonter\u00edas pero mis sobrinos no podr\u00e1n recorrer el Dique saltando de piedra en piedra sin ser multados. Siguen construyendo mamotretos mientras derriban zonas enteras que s\u00ed ten\u00edan inter\u00e9s. Tenemos playas en plena ciudad pero las trasforman con arena tra\u00edda de fuera\u00bb.<\/p>\n<p>&#8211; Coco Lens (Mano de Obra)<\/p>\n","protected":false},"excerpt":{"rendered":"<p>\u00abLas letras de Breton Armada retratan el momento que estamos viviendo. La crisis econ\u00f3mica, la crisis de valores e ideol\u00f3gica, el consumismo y los medios de comunicaci\u00f3n. Todo esto con cierta iron\u00eda y distanciamiento brechtiano. Vivimos tiempos dificiles y hemos querido reflejarlo en nuestro disco pero la m\u00fasica tambien tiene que servir para disfrutar y [&hellip;]<\/p>\n","protected":false},"author":1,"featured_media":0,"comment_status":"open","ping_status":"open","sticky":false,"template":"","format":"standard","meta":{"footnotes":""},"categories":[],"tags":[],"class_list":["post-2003565","post","type-post","status-publish","format-standard","hentry"],"_links":{"self":[{"href":"http:\/\/www.elenacabrera.com\/weblog3\/wp-json\/wp\/v2\/posts\/2003565","targetHints":{"allow":["GET"]}}],"collection":[{"href":"http:\/\/www.elenacabrera.com\/weblog3\/wp-json\/wp\/v2\/posts"}],"about":[{"href":"http:\/\/www.elenacabrera.com\/weblog3\/wp-json\/wp\/v2\/types\/post"}],"author":[{"embeddable":true,"href":"http:\/\/www.elenacabrera.com\/weblog3\/wp-json\/wp\/v2\/users\/1"}],"replies":[{"embeddable":true,"href":"http:\/\/www.elenacabrera.com\/weblog3\/wp-json\/wp\/v2\/comments?post=2003565"}],"version-history":[{"count":0,"href":"http:\/\/www.elenacabrera.com\/weblog3\/wp-json\/wp\/v2\/posts\/2003565\/revisions"}],"wp:attachment":[{"href":"http:\/\/www.elenacabrera.com\/weblog3\/wp-json\/wp\/v2\/media?parent=2003565"}],"wp:term":[{"taxonomy":"category","embeddable":true,"href":"http:\/\/www.elenacabrera.com\/weblog3\/wp-json\/wp\/v2\/categories?post=2003565"},{"taxonomy":"post_tag","embeddable":true,"href":"http:\/\/www.elenacabrera.com\/weblog3\/wp-json\/wp\/v2\/tags?post=2003565"}],"curies":[{"name":"wp","href":"https:\/\/api.w.org\/{rel}","templated":true}]}}