{"id":2003594,"date":"2015-10-16T11:04:27","date_gmt":"2015-10-16T10:04:27","guid":{"rendered":""},"modified":"2015-10-16T11:05:44","modified_gmt":"2015-10-16T10:05:44","slug":"por-causas-de-fuerza-mayor","status":"publish","type":"post","link":"http:\/\/www.elenacabrera.com\/weblog3\/2015\/10\/16\/por-causas-de-fuerza-mayor\/","title":{"rendered":"Por causas de fuerza mayor"},"content":{"rendered":"<p><img loading=\"lazy\" decoding=\"async\" class=\"alignleft\" style=\"margin-right: 5px; margin-left: 5px;\" src=\"http:\/\/d19omg7scvfhu0.cloudfront.net\/techo_admin\/desigualdad\/\/wp-content\/uploads\/sites\/4\/2015\/09\/001Catwoman.jpg\" alt=\"\" width=\"317\" height=\"272\" \/>Un breve post para comentar que estoy muy feliz de haber entrado a trabajar en <a href=\"http:\/\/porcausa.org\">porCausa<\/a>, la fundaci\u00f3n de periodismo e investigaci\u00f3n que dirigen <a href=\"https:\/\/es.wikipedia.org\/wiki\/Gumersindo_Lafuente\">Gumersindo Lafuente<\/a> y <a href=\"http:\/\/gonzalofanjul.com\/\">Gonzalo Fanjul<\/a>. Y <a href=\"http:\/\/porcausa.org\/equipo\/\">el equipo es estupendo<\/a>.<\/p>\n<p>Mi cometido all\u00ed es coordinar <a href=\"http:\/\/especiales.univision.com\/desigualdad\/\">un site llamado Desigualdad<\/a> realizado desde porCausa en colaboraci\u00f3n con varias ONG como Techo u Oxfam para la cadena hispana Univision, dirigido a Estados Unidos y Latinoam\u00e9rica.<\/p>\n<p>Decir que estoy emocionada es quedase corto. Como dice mi hija, emocionada y hasta el infinito y todo lo dem\u00e1s.<\/p>\n<p><a style=\"height: 20px; width: 40px; position: absolute; opacity: 0.85; z-index: 8675309; display: none; cursor: pointer; border: medium none; background-color: transparent; background-image: url(&quot;data; top: 18px; left: 23px;\" href=\"\/\/es.pinterest.com\/pin\/create\/extension\/\"><\/a><\/p>\n<p><a style=\"height: 20px; width: 40px; position: absolute; opacity: 0.85; z-index: 8675309; display: none; cursor: pointer; border: medium none; background-color: transparent; background-image: url(&quot;data;\" href=\"\/\/es.pinterest.com\/pin\/create\/extension\/\"><\/a><\/p>\n","protected":false},"excerpt":{"rendered":"<p>Un breve post para comentar que estoy muy feliz de haber entrado a trabajar en porCausa, la fundaci\u00f3n de periodismo e investigaci\u00f3n que dirigen Gumersindo Lafuente y Gonzalo Fanjul. Y el equipo es estupendo. Mi cometido all\u00ed es coordinar un site llamado Desigualdad realizado desde porCausa en colaboraci\u00f3n con varias ONG como Techo u Oxfam [&hellip;]<\/p>\n","protected":false},"author":1,"featured_media":0,"comment_status":"open","ping_status":"open","sticky":false,"template":"","format":"standard","meta":{"footnotes":""},"categories":[],"tags":[],"class_list":["post-2003594","post","type-post","status-publish","format-standard","hentry"],"_links":{"self":[{"href":"http:\/\/www.elenacabrera.com\/weblog3\/wp-json\/wp\/v2\/posts\/2003594","targetHints":{"allow":["GET"]}}],"collection":[{"href":"http:\/\/www.elenacabrera.com\/weblog3\/wp-json\/wp\/v2\/posts"}],"about":[{"href":"http:\/\/www.elenacabrera.com\/weblog3\/wp-json\/wp\/v2\/types\/post"}],"author":[{"embeddable":true,"href":"http:\/\/www.elenacabrera.com\/weblog3\/wp-json\/wp\/v2\/users\/1"}],"replies":[{"embeddable":true,"href":"http:\/\/www.elenacabrera.com\/weblog3\/wp-json\/wp\/v2\/comments?post=2003594"}],"version-history":[{"count":0,"href":"http:\/\/www.elenacabrera.com\/weblog3\/wp-json\/wp\/v2\/posts\/2003594\/revisions"}],"wp:attachment":[{"href":"http:\/\/www.elenacabrera.com\/weblog3\/wp-json\/wp\/v2\/media?parent=2003594"}],"wp:term":[{"taxonomy":"category","embeddable":true,"href":"http:\/\/www.elenacabrera.com\/weblog3\/wp-json\/wp\/v2\/categories?post=2003594"},{"taxonomy":"post_tag","embeddable":true,"href":"http:\/\/www.elenacabrera.com\/weblog3\/wp-json\/wp\/v2\/tags?post=2003594"}],"curies":[{"name":"wp","href":"https:\/\/api.w.org\/{rel}","templated":true}]}}