{"id":2003598,"date":"2015-10-23T07:19:43","date_gmt":"2015-10-23T06:19:43","guid":{"rendered":""},"modified":"2016-09-03T15:08:38","modified_gmt":"2016-09-03T15:08:38","slug":"estudiantes-de-periodismo","status":"publish","type":"post","link":"http:\/\/www.elenacabrera.com\/weblog3\/2015\/10\/23\/estudiantes-de-periodismo\/","title":{"rendered":"Estudiantes de periodismo"},"content":{"rendered":"<p style=\"text-align: left;\">Venirse.<\/p>\n<p style=\"text-align: center;\"><img loading=\"lazy\" decoding=\"async\" class=\"aligncenter\" src=\"http:\/\/2.bp.blogspot.com\/-7df553DLFN0\/ViPamuo_3_I\/AAAAAAAAADc\/u64rzbG-Qoc\/s1600\/Periodismo_Mujer_Comunicacion_CARTEL.png\" alt=\"\" width=\"475\" height=\"672\" \/><\/p>\n<p>Hoy VIERNES 23 de octubre:<\/p>\n<p>VIERNES 23 de octubre<\/p>\n<p>Ma\u00f1ana: MESA REDONDA Y DEBATE<\/p>\n<p>9:00-11h. Mesa redonda: Medios de comunicaci\u00f3n feministas (s\u00ed, existen).<\/p>\n<p>Participantes:<\/p>\n<p>ANDREA MOMOITIO: P\u00edkara Magazine.<\/p>\n<p>IRENE GARC\u00cdA RUBIO: Pandora Mirabilia.<\/p>\n<p>SUSANA ALBARR\u00c1N: Red Nosotras en el Mundo.<\/p>\n<p>Modera: ELISA G. MCCAUSLAND.<\/p>\n<p>11-13h. Debate: Herstory period\u00edstica y visibilidad de las mujeres en los medios de comunicaci\u00f3n.<\/p>\n<p>Participantes:<\/p>\n<p>ISABEL TAJAHUERCE, profesora UCM.<\/p>\n<p>MAR\u00cdA GALLEGO REGUERA, periodista e investigadora.<\/p>\n<p><strong> ELENA CABRERA, periodista. <\/strong><\/p>\n<p>AMANDA PADILLA, periodista y miembro del COLECTIVO ZAS.<\/p>\n<p>Modera: ANA SEGOVIA.<\/p>\n<p>&nbsp;<\/p>\n<p>&nbsp;<\/p>\n<p>&nbsp;<\/p>\n","protected":false},"excerpt":{"rendered":"<p>Venirse. Hoy VIERNES 23 de octubre: VIERNES 23 de octubre Ma\u00f1ana: MESA REDONDA Y DEBATE 9:00-11h. Mesa redonda: Medios de comunicaci\u00f3n feministas (s\u00ed, existen). Participantes: ANDREA MOMOITIO: P\u00edkara Magazine. IRENE GARC\u00cdA RUBIO: Pandora Mirabilia. SUSANA ALBARR\u00c1N: Red Nosotras en el Mundo. Modera: ELISA G. MCCAUSLAND. 11-13h. Debate: Herstory period\u00edstica y visibilidad de las mujeres en [&hellip;]<\/p>\n","protected":false},"author":1,"featured_media":0,"comment_status":"open","ping_status":"open","sticky":false,"template":"","format":"standard","meta":{"footnotes":""},"categories":[2],"tags":[],"class_list":["post-2003598","post","type-post","status-publish","format-standard","hentry","category-twentytwentyfive"],"_links":{"self":[{"href":"http:\/\/www.elenacabrera.com\/weblog3\/wp-json\/wp\/v2\/posts\/2003598","targetHints":{"allow":["GET"]}}],"collection":[{"href":"http:\/\/www.elenacabrera.com\/weblog3\/wp-json\/wp\/v2\/posts"}],"about":[{"href":"http:\/\/www.elenacabrera.com\/weblog3\/wp-json\/wp\/v2\/types\/post"}],"author":[{"embeddable":true,"href":"http:\/\/www.elenacabrera.com\/weblog3\/wp-json\/wp\/v2\/users\/1"}],"replies":[{"embeddable":true,"href":"http:\/\/www.elenacabrera.com\/weblog3\/wp-json\/wp\/v2\/comments?post=2003598"}],"version-history":[{"count":1,"href":"http:\/\/www.elenacabrera.com\/weblog3\/wp-json\/wp\/v2\/posts\/2003598\/revisions"}],"predecessor-version":[{"id":2002002028,"href":"http:\/\/www.elenacabrera.com\/weblog3\/wp-json\/wp\/v2\/posts\/2003598\/revisions\/2002002028"}],"wp:attachment":[{"href":"http:\/\/www.elenacabrera.com\/weblog3\/wp-json\/wp\/v2\/media?parent=2003598"}],"wp:term":[{"taxonomy":"category","embeddable":true,"href":"http:\/\/www.elenacabrera.com\/weblog3\/wp-json\/wp\/v2\/categories?post=2003598"},{"taxonomy":"post_tag","embeddable":true,"href":"http:\/\/www.elenacabrera.com\/weblog3\/wp-json\/wp\/v2\/tags?post=2003598"}],"curies":[{"name":"wp","href":"https:\/\/api.w.org\/{rel}","templated":true}]}}