{"id":2003622,"date":"2016-01-31T12:56:10","date_gmt":"2016-01-31T11:56:10","guid":{"rendered":""},"modified":"2016-06-22T22:14:00","modified_gmt":"2016-06-22T21:14:00","slug":"mi-primera-experiencia-en-biciloca","status":"publish","type":"post","link":"http:\/\/www.elenacabrera.com\/weblog3\/2016\/01\/31\/mi-primera-experiencia-en-biciloca\/","title":{"rendered":"Mi primera experiencia en biciloca"},"content":{"rendered":"<p>La semana pasada cog\u00ed una bicimad por primera vez. A las ocho de la ma\u00f1ana me registr\u00e9 <a title=\"Bicimad\" href=\"http:\/\/www.bicimad.com\/\">en la web<\/a>, pagu\u00e9 el carnet anual (25 euros), hice una carga de saldo (10 euros) y a las 9:15 estaba junto a la estaci\u00f3n n\u00famero 140 de la calle Vel\u00e1zquez haciendo un esfuerzo por figurarme c\u00f3mo funcionaba aquello sin que se me notara mucho.<\/p>\n<p>No fue hasta el cuarto intento que la m\u00e1quina me dijo que s\u00ed, que efectivamente ten\u00eda un abono para retirar. La pantalla me ped\u00eda \u00abn\u00famero de documento\u00bb. \u00bfDe qu\u00e9? \u00bfDe identidad, de usuaria? Prob\u00e9 lo segundo y, antes de darle al enter ya me estaba arrepintiendo. Le vi m\u00e1s l\u00f3gica a que fuera el DNI, aunque no lo especificara. Lo puse. Error. \u00bfHab\u00eda que poner la letra? La puse. Error. Estaba a punto de buscar el macanismo para reclamar y aceptar el triste destino de ir en metro a trabajar cuando se me ocurri\u00f3 poner un cero por delante (mi n\u00famero de DNI tiene siete cifras). Acierto. Ah\u00ed estaba mi tarjeta.<br \/>\nVale.  \u00bfY ahora qu\u00e9?  Busqu\u00e9 instrucciones, pero en ning\u00fan sitio dec\u00eda qu\u00e9 hab\u00eda que hacer con la tarjeta. Ni en los men\u00fas de la pantalla ni en las pegatinas del totem. Sinti\u00e9ndome imb\u00e9cil, me aproxim\u00e9 a<!--more--> las bicis. Hab\u00eda anclajes vac\u00edos en rojo, anclajes con bici en verde y otros con bici pero en rojo. Tampoco por ah\u00ed hab\u00eda un dibujito de por d\u00f3nde pasar o meter la tarjeta. Hasta que v\u00ed un hueco, grueso, a la izquierda. No puede ser eso. S\u00ed, era eso.  Desenganch\u00e9 con facilidad una bicicleta, busqu\u00e9 la manera de bajar el sill\u00edn todo lo posible y, mientras estaba en ello, apareci\u00f3 otro biciloco. Buenos d\u00edas, le digo, con una sonrisa estupenda. No me contesta y ancla la suya en el puesto de color rodjo del que yo hab\u00eda extra\u00eddo mi flamante nuevo veh\u00edculo prestado. No solo no me devuelve el saludo sino que me mira con seriedad. Pens\u00e9 que, quiz\u00e1, este mundillo no es como el de los motoristas por carretera, los campistas o los caminantes de v\u00edas forestales, donde uno se saluda sin conocerse porque se siente parte de una comunidad o un club peque\u00f1o y diferente.  Nada. Me monto. Y ahora qu\u00e9. Ah, un bot\u00f3n de on\/off. Con esto s\u00ed estoy familiarizada. Buah, fenomenal. Me pongo en circulaci\u00f3n y me paro en el sem\u00e1foro, en mitad de la calle. Cuando se abre, he de ir r\u00e1pido para girar a la izquierda por L\u00f3pez de Hoyos. Pienso que con la inyecci\u00f3n el\u00e9ctrica no me voy a dejar el coraz\u00f3n en el arranque. Se abre el disco, le doy al pedal y ah\u00ed estoy yo, ahogada en la cuesta y siendo rebasada por coches con prisas. Me llevo mi primera pitada del d\u00eda. Miro el manillar y, uf, la electricidad est\u00e1 apagada. Otra vez on. Bien, eso tira. En el siguiente sem\u00e1foro me fijo a ver si pagu\u00e9 la inocentada de coger una biciloca sin bater\u00eda. Y no, est\u00e1 llena. Pero el asunto es que el bicho se apaga cuando paro. Ahora ya le he pillado el truco y antes de que se ponga en vede le doy al on y tiro millas.  Llega el momento e el que tengo que incoporarme a Mar\u00eda de Molina para coger Serrano y es cuando miro por el retrovisor para ver lo que me viene detr\u00e1s y, joder, es cuando me doy cuenta de que no tiene retrovisores. Ni a un lado ni a otro. Me entra el p\u00e1nico\u00a0 no s\u00e9 c\u00f3mo cambiarme de carril. Si giro la cabeza, muevo el manillar. Adem\u00e1s, mis est\u00fapidas gafas negras de pasta no me dejan ver por el rabillo de ojo. Mi pulgar izquierdo pulsa el intermitente para girar a la izquierda. Y no encuentro el puto intermitente. Me viene un flash a la cabeza. Es un librillo peque\u00f1o de tapas verdes, con dibujos. Estaba en la habitaci\u00f3n de mi hermano cuando yo era ni\u00f1a. C\u00f3digo de circulaci\u00f3n para ciclistas y ciclomotores. Me acuerdo muy bien de los dibujos de un chico montado en una bici formando con su brazo un \u00e1ngulo de 90\u00ba con el tronco del cuerpo. Sinceramente, no me veo capaz de soltar una mano del manillar. Acumulo valor desperdigado por aqu\u00ed y all\u00e1 y, ale, levanto el brazo en un \u00e1ngulo de 15 o 20 grados.  Giro. No he muerto atropellada.  Estoy en Serrano, frente a la Fundaci\u00f3n L\u00e1zaro Galdiano. Cuesta abajo. Un \u00fanico sentido. Como todos los d\u00edas, cuando hago el trayecto de ida a la oficina en moto, me coloco en el carril de la derecha. Es el carril bus-taxi-moto. Los motoristas lo sabemos, aunque no est\u00e9 pintado en el suelo. En esto que a la altura de la Embajada de Estados Unidos de Am\u00e9rica me doy cuenta de que yo ya no soy una motorista. Eso fue ayer. No tengo retrovisores, no tengo intermitentes, no llevo casco, soy una ciclista y voy en biciloca por Madrid. Con lentitud \u2014ya vamos cuesta arriba\u2014 me muevo un carril hacia la izquierda. Ya voy pisando los dibujos de la bicicleta y el c\u00edrculo con el n\u00famero 30 pintado en blanco sobre el asfalto. Me zumban por la derecha, me zumban por la izquierda. Me paro en los sem\u00e1foros (otra vez on al arrancar) que habitualmente nunca pillo en rojo cuando bajo a 70 zumbando alegremente con mi Kymco, haciendo eses entre los carruajes lentos y pesados, reflejando mi figura de motorista fantasma por los escaparates de las joyer\u00edas de Serrano. Hoy no, hoy soy ciclista, respeto el medioambiente, no contamino, no me paso de lista, hago ejerci  \u2014\u00a1\u00a1Que ah\u00ed hay un carril bici!!  Me lo ha gritado un motorista que me adelanta con violencia por la izquierda, mientras se aleja y su voz baja de volumen. Antes de que gire la cabeza otra vez de frente me da tiempo a poner cara de \u00ab\u00a1ah!\u00bb, a pedir disculpas con tanta humildad como me da la vida. Aderezo el gesto con una indescifrable mirada de \u00aben realidad, yo soy motorista, como t\u00fa, soy compa\u00f1era, hoy es mi primer d\u00eda de bici, no soy una de estas turistas p\u00e1nfilas que se pasean por Madrid en bicimad como si la calle fuera una explanda sin reglas ni regulaciones\u00bb. \u00ab\u00a1\u00a1All\u00ed!!\u00bb, se\u00f1ala el motorista la acera del lado izquierdo. Vale, vale. Mientras avanzo, voy cruzando Serrano en diagonal, carril a carril, hasta llegar a la acera. Me paro y me subo a ella.  \u00bfCarril bici? Bueno, a duras penas da el ancho del manillar. Empiezo a pedalear y me fijo, haci\u00e9ndole la cr\u00edtica a los artistas del urbanismo municipal, en lo mal pintadas que est\u00e1n las bicis del carrilillo. Todas del rev\u00e9s.  Si ya me parec\u00eda peligroso compartir calzada con motos, autobuses, taxis y coches, hacerlo con peatones es ya la ley de la selva. Hab\u00eda llegado el momento de estrenar el piticl\u00edn, como llamaba yo en mi infancia de ni\u00f1a con bici BH (hasta que me la robaron del garaje de mis padres) al timbre del manillar. Peatones, desde aqu\u00ed os digo, el carri bici no sirve para pasear a la abuela del brazo, tampoco para pararse antes de cruzar el sem\u00e1foro ni mucho menos para descargar cajas de frutas con comodidad. Por otro lado, los badenes que se forman antes y despu\u00e9s de cada tramo de acera rebajada me estaban destrozando el pubis. Quiz\u00e1s no deber\u00eda haberme puesto falda en mi primer d\u00eda de biciloca.  Viene una bici en sentido contrario. Qu\u00e9 hago. Saludo, no saludo. Me mira feo, mejor no saludo. No se aparta ni un cent\u00edmetro de su trayectoria. Me veo obligada a echarme mi lado derecho, sali\u00e9ndome del carril, pero al calcular mentalmente el punto de intersecci\u00f3n me doy cuenta de que me coincide con una farola. Esto es imposible. Frenazo. Me paro. Me echo a un lado. Le dejo pasar. Ni las gracias. Otra vez me cago en el urbanismo madrile\u00f1o \u00bfpor qu\u00e9 es tan estrecho el carril bici, por qu\u00e9 todos los que vienen de frente act\u00faan como si tuvieran la preferencia, d\u00f3nde lo pone?  Es en ese momento, un rato antes de llegar a los Jardines del Decubrimiento (que ni jard\u00edn tiene y de descubrimiento, pues ya sab\u00e9is lo que pas\u00f3 en Am\u00e9rica) que me entra al fin la duda que lev\u00e1is esperando desde hace un par de p\u00e1rrafos. \u00bfNo ser\u00e1 que este carril bici es de un \u00fanico sentido? Imposible, me digo, los motoristas nunca mienten. Los motoristas son mis amigos.  Lo mejor ser\u00e1 preguntar. Se me aproxima un hombre pedaleando en otra bicimad. Calculo su velocidad y ajusto el volumen de mi voz a la distancia que nos separa.  \u2014Perdona, \u00bfpuedo circular en este sentido?  Echo la cabeza para atr\u00e1s para recibir su respuesta, un poco todo a c\u00e1mara lenta. Imaginad la escena ralentizada. El ciclista gira a su vez la cabeza para mirarme. No hace ning\u00fan gesto. No dice nada. Me mira con seriedad. Me mira con frialdad durante uno o dos segundos. Me paro para recibir una respuesta que no llega jam\u00e1s.  Ya estoy en Goya. Cruzo Serrano por el paso de cebra, me subo a la acera contraria, me bajo ora vez y enfilo hacia la estatua de Col\u00f3n. En el sem\u00e1foro, disfruto m\u00e1s que nunca de las cosas bizarras de esta intersecci\u00f3n: el enchufe verde sobre las torres gemelas, la macrobandera, el agua en cascada del antes llamado Centro Cultural de la Villa, la rana absurda, el edificio de Telef\u00f3nica que ya no es de Telef\u00f3nica, la extrema belleza de la Biblioteca Nacional, la foto del Cristiano Ronaldo de cera eternamente joven.  El tramo de calle que me falta para llegar a la estaci\u00f3n m\u00e1s cercana a mi trabajo, la desembocadura de la calle G\u00e9nova, decido hacerla a pie, empujando la bici por la acera. Ya no tengo fuerzas ni ganas para afrontar esa cuesta. La anclo en un caballete magn\u00e9tico libre. Compruebo, como me aconsej\u00f3 mi jefe, que las luces pasan del rojo al verde, que se oyen los pitidos y que el cacharro ya no se mueve de ah\u00ed.<\/p>\n<blockquote class=\"instagram-media\" style=\"background: #FFF; border: 0; border-radius: 3px; box-shadow: 0 0 1px 0 rgba(0,0,0,0.5),0 1px 10px 0 rgba(0,0,0,0.15); margin: 1px; max-width: 658px; padding: 0; width: calc(100% - 2px);\">\n<div style=\"padding: 8px;\">\n<div style=\"background: #F8F8F8; line-height: 0; margin-top: 40px; padding: 50.0% 0; text-align: center; width: 100%;\"><\/div>\n<p><a style=\"color: #000; font-family: Arial,sans-serif; font-size: 14px; font-style: normal; font-weight: normal; line-height: 17px; text-decoration: none; word-wrap: break-word;\" href=\"https:\/\/www.instagram.com\/p\/BBAOrqtvkww\/\" target=\"_blank\">Vuelta a casa e n #bicimad frustrada \ud83d\ude41 Estaci\u00f3n n\u00famero 10, 10 bicicletas y todas en rojo.<\/a> Una foto publicada por Elena Cabrera (@elenacabrera_porcausa) el 26 de Ene de 2016 a la(s) 5:15 PST<\/div>\n<\/blockquote>\n<p><script src=\"\/\/platform.instagram.com\/en_US\/embeds.js\"><\/script><\/p>\n<p>He llegado. En bici. Y se lo quiero contar a todo el mundo. Mi jefe y yo tenemos una reuni\u00f3n a primera hora.<\/p>\n<p>\u2014Antes de nada \u2014le digo\u2014 tengo algo muy improtante que decirte. \u00a1He venido en bicimad!<\/p>\n<p>De verdad. Parezco mongola. Lo s\u00e9. Pero para m\u00ed esto es toda una haza\u00f1a.<\/p>\n<p style=\"text-align: center;\">***<\/p>\n<p>Volver a casa no ser\u00eda igual de f\u00e1cil. De diez bicis que hab\u00eda en la estaci\u00f3n n\u00famero 10, no hab\u00eda ni una sola en verde. Tuve que ir a buscar otra estaci\u00f3n. Volv\u00ed por la Castellana, siendo la dificultad m\u00e1s grande del camino averiguar cu\u00e1l de todos los carriles era el m\u00edo. Al fin, descubr\u00ed que hab\u00eda que irse al lateral derecho, separado por una mediana del paseo central, y colocarse a la izquierda de los taxis. Por el carril limitado a 30 km\/h cuando hay bicis de por medio.<\/p>\n<p>Uno de los motivos por los que he tardado tanto en usar la bicimad es porque a\u00fan no ha llegado a mi barrio. El sistema no ha penetrado m\u00e1s all\u00e1 de Pr\u00edncipe de Vergara y la Avenida de Am\u00e9rica. Prosperidad es territorio virgen. La estaci\u00f3n m\u00e1s cercana se encuentra a quince minutos andando de mi casa. As\u00ed que, una vez que llegas, todav\u00eda hay que llegar. Saco el m\u00f3vil, miro la app, me he gastado veinte c\u00e9ntimos en el transporte de hoy. En una ciudad en la que un viaje de metro o autob\u00fas cuesta 1,50\u20ac, esto es gloria bendita.<\/p>\n<blockquote class=\"instagram-media\" style=\"background: #FFF; border: 0; border-radius: 3px; box-shadow: 0 0 1px 0 rgba(0,0,0,0.5),0 1px 10px 0 rgba(0,0,0,0.15); margin: 1px; max-width: 658px; padding: 0; width: calc(100% - 2px);\">\n<div style=\"padding: 8px;\">\n<div style=\"background: #F8F8F8; line-height: 0; margin-top: 40px; padding: 50.0% 0; text-align: center; width: 100%;\"><\/div>\n<p style=\"margin: 8px 0 0 0; padding: 0 4px;\"><a style=\"color: #000; font-family: Arial,sans-serif; font-size: 14px; font-style: normal; font-weight: normal; line-height: 17px; text-decoration: none; word-wrap: break-word;\" href=\"https:\/\/www.instagram.com\/p\/BBAREMtPk09\/\" target=\"_blank\">Lo consegu\u00ed! Y llegu\u00e9 a lo m\u00e1s cerca de mi casa que me deja #bicimad, 10 minutos andando. #otrobarrio<\/a><\/p>\n<p style=\"color: #c9c8cd; font-family: Arial,sans-serif; font-size: 14px; line-height: 17px; margin-bottom: 0; margin-top: 8px; overflow: hidden; padding: 8px 0 7px; text-align: center; text-overflow: ellipsis; white-space: nowrap;\">Una foto publicada por Elena Cabrera (@elenacabrera_porcausa) el 26 de Ene de 2016 a la(s) 5:36 PST<\/p>\n<\/div>\n<\/blockquote>\n<p><script src=\"\/\/platform.instagram.com\/en_US\/embeds.js\"><\/script><\/p>\n<p style=\"text-align: center;\">***<\/p>\n<p>Efectivamente, el motorista estaba equivocado: el carril bici de Serrano es para un solo sentido (el contrario al de los coches).<\/p>\n<p>Y s\u00ed, mi primera bicimad ten\u00eda una aver\u00eda: no hay que estar d\u00e1ndole al bot\u00f3n de on cada vez que te paras. En eso, el segundo viaje fue m\u00e1s confortable.<\/p>\n","protected":false},"excerpt":{"rendered":"<p>La semana pasada cog\u00ed una bicimad por primera vez. A las ocho de la ma\u00f1ana me registr\u00e9 en la web, pagu\u00e9 el carnet anual (25 euros), hice una carga de saldo (10 euros) y a las 9:15 estaba junto a la estaci\u00f3n n\u00famero 140 de la calle Vel\u00e1zquez haciendo un esfuerzo por figurarme c\u00f3mo funcionaba [&hellip;]<\/p>\n","protected":false},"author":1,"featured_media":0,"comment_status":"open","ping_status":"open","sticky":false,"template":"","format":"standard","meta":{"footnotes":""},"categories":[],"tags":[],"class_list":["post-2003622","post","type-post","status-publish","format-standard","hentry"],"_links":{"self":[{"href":"http:\/\/www.elenacabrera.com\/weblog3\/wp-json\/wp\/v2\/posts\/2003622","targetHints":{"allow":["GET"]}}],"collection":[{"href":"http:\/\/www.elenacabrera.com\/weblog3\/wp-json\/wp\/v2\/posts"}],"about":[{"href":"http:\/\/www.elenacabrera.com\/weblog3\/wp-json\/wp\/v2\/types\/post"}],"author":[{"embeddable":true,"href":"http:\/\/www.elenacabrera.com\/weblog3\/wp-json\/wp\/v2\/users\/1"}],"replies":[{"embeddable":true,"href":"http:\/\/www.elenacabrera.com\/weblog3\/wp-json\/wp\/v2\/comments?post=2003622"}],"version-history":[{"count":0,"href":"http:\/\/www.elenacabrera.com\/weblog3\/wp-json\/wp\/v2\/posts\/2003622\/revisions"}],"wp:attachment":[{"href":"http:\/\/www.elenacabrera.com\/weblog3\/wp-json\/wp\/v2\/media?parent=2003622"}],"wp:term":[{"taxonomy":"category","embeddable":true,"href":"http:\/\/www.elenacabrera.com\/weblog3\/wp-json\/wp\/v2\/categories?post=2003622"},{"taxonomy":"post_tag","embeddable":true,"href":"http:\/\/www.elenacabrera.com\/weblog3\/wp-json\/wp\/v2\/tags?post=2003622"}],"curies":[{"name":"wp","href":"https:\/\/api.w.org\/{rel}","templated":true}]}}