{"id":2003637,"date":"2016-06-22T22:05:57","date_gmt":"2016-06-22T21:05:57","guid":{"rendered":""},"modified":"2016-06-22T22:05:57","modified_gmt":"2016-06-22T21:05:57","slug":"medio-ano-en-un-suspiro","status":"publish","type":"post","link":"http:\/\/www.elenacabrera.com\/weblog3\/2016\/06\/22\/medio-ano-en-un-suspiro\/","title":{"rendered":"Medio a\u00f1o en un suspiro"},"content":{"rendered":"<p>Me gustar\u00eda much\u00edsimo escribir con frecuencia aqu\u00ed. Es m\u00e1s, me gustar\u00eda, much\u00edsimo, escribir. Pero no tengo tiempo. Han pasado seis meses en un suspiro. Durante este tiempo he estado trabajando de una manera intensa en porCausa. <a href=\"http:\/\/www.elenacabrera.com\/weblog\/por-causas-de-fuerza-mayor\/\">Como ya dije aqu\u00ed<\/a>, he venido editando el site para Univision <a href=\"http:\/\/especiales.univision.com\/desigualdad\/\">Desigualdad<\/a>. Pero tambi\u00e9n, desde enero, entr\u00e9 a trabajar al n\u00facleo duro de la fundaci\u00f3n, coordinando el \u00e1rea de periodismo. Todo el que me conoce sabe lo feliz que estoy aqu\u00ed. Necesitaba un proyecto, un equipo, una oficina. Y he encontrado eso y m\u00e1s.<\/p>\n<p>En este tiempo, hemos <a href=\"https:\/\/porcausa.org\/\">redise\u00f1ado la web<\/a>, lanzado <a href=\"https:\/\/porcausa.org\/proyecto\/diasporas\/\">el proyecto sobre migraci\u00f3n<\/a>, montado <a href=\"http:\/\/porcausa.org\/suenosrotos\/reportaje\/generacion-ninini-jovenes-que-dicen-verdades-como-punos\/\">un peculiar encuentro en el CaixaForum<\/a>. Tengo <a href=\"https:\/\/porcausa.org\/equipo\/\">un equipo creciente<\/a> y lleno de energ\u00eda que me ense\u00f1a a mirar el mundo con sus ojos; personas con las que me r\u00edo y converso. Es una gozada. Y la oficina, en si misma, es un lugar genial, compartido con <a href=\"https:\/\/www.isglobal.org\/\">ISGlobal<\/a> y la <a href=\"http:\/\/www.fondationcarasso.org\/es\">Fundaci\u00f3n Carasso<\/a>, confluyendo en la cocina, el ba\u00f1o o la terraza. Oh, la terraza. Merece un post solo para ella.<\/p>\n","protected":false},"excerpt":{"rendered":"<p>Me gustar\u00eda much\u00edsimo escribir con frecuencia aqu\u00ed. Es m\u00e1s, me gustar\u00eda, much\u00edsimo, escribir. Pero no tengo tiempo. Han pasado seis meses en un suspiro. Durante este tiempo he estado trabajando de una manera intensa en porCausa. Como ya dije aqu\u00ed, he venido editando el site para Univision Desigualdad. Pero tambi\u00e9n, desde enero, entr\u00e9 a trabajar [&hellip;]<\/p>\n","protected":false},"author":1,"featured_media":0,"comment_status":"open","ping_status":"open","sticky":false,"template":"","format":"standard","meta":{"footnotes":""},"categories":[],"tags":[],"class_list":["post-2003637","post","type-post","status-publish","format-standard","hentry"],"_links":{"self":[{"href":"http:\/\/www.elenacabrera.com\/weblog3\/wp-json\/wp\/v2\/posts\/2003637","targetHints":{"allow":["GET"]}}],"collection":[{"href":"http:\/\/www.elenacabrera.com\/weblog3\/wp-json\/wp\/v2\/posts"}],"about":[{"href":"http:\/\/www.elenacabrera.com\/weblog3\/wp-json\/wp\/v2\/types\/post"}],"author":[{"embeddable":true,"href":"http:\/\/www.elenacabrera.com\/weblog3\/wp-json\/wp\/v2\/users\/1"}],"replies":[{"embeddable":true,"href":"http:\/\/www.elenacabrera.com\/weblog3\/wp-json\/wp\/v2\/comments?post=2003637"}],"version-history":[{"count":0,"href":"http:\/\/www.elenacabrera.com\/weblog3\/wp-json\/wp\/v2\/posts\/2003637\/revisions"}],"wp:attachment":[{"href":"http:\/\/www.elenacabrera.com\/weblog3\/wp-json\/wp\/v2\/media?parent=2003637"}],"wp:term":[{"taxonomy":"category","embeddable":true,"href":"http:\/\/www.elenacabrera.com\/weblog3\/wp-json\/wp\/v2\/categories?post=2003637"},{"taxonomy":"post_tag","embeddable":true,"href":"http:\/\/www.elenacabrera.com\/weblog3\/wp-json\/wp\/v2\/tags?post=2003637"}],"curies":[{"name":"wp","href":"https:\/\/api.w.org\/{rel}","templated":true}]}}