{"id":200535,"date":"2006-05-01T21:11:55","date_gmt":"2006-05-01T20:11:55","guid":{"rendered":""},"modified":"2009-02-15T21:12:30","modified_gmt":"2009-02-15T20:12:30","slug":"alberto-vazquez-la-infancia-oscura","status":"publish","type":"post","link":"http:\/\/www.elenacabrera.com\/weblog3\/2006\/05\/01\/alberto-vazquez-la-infancia-oscura\/","title":{"rendered":"Alberto V\u00e1zquez, la infancia oscura"},"content":{"rendered":"<p><strong>Alberto V\u00e1zquez no se precipita y dibuja su carrera, su intrahistoria, perfilando con calma, paciencia y un desbordamiento silencioso de cierta magia oscura que hacen de sus personajes y argumentos protagonistas de un mundo paralelo, que en alg\u00fan sitio existe.<\/strong><br \/>\n\u201cPsiconautas\u201d es su tercer \u00e1lbum tras \u201cAlter Ego\u201d y \u201cFreda\u201d (Edicions De Ponent), el primero para Astiberri y, por ello, probablemente, su tarjeta de presentaci\u00f3n a un p\u00fablico m\u00e1s numeroso. Birdboy es el problem\u00e1tico rapaz que nos fue introducido en las p\u00e1ginas del Fanzine Enfermo, del cual Alberto forma parte regularmente.<\/p>\n<p>\u00bfCuando y d\u00f3nde naci\u00f3 Birdboy en tu cabeza?<br \/>\nCreo que la primera vez que pens\u00e9 en este personaje fue en mi cl\u00e1sico viaje anual al pueblo de mi abuela y mi madre (Viveiro, al norte del norte de Lugo). De peque\u00f1o iba todo el verano all\u00ed y me lo pasaba genial pero ahora la cosa cambia e ir al pueblo es pr\u00e1cticamente una obligaci\u00f3n para visitar a mi abuela (de hecho intento ir lo menos posible). Mis amigos del pueblo ya no viven ah\u00ed y cada a\u00f1o que pasa lo veo todo m\u00e1s muerto. Una semana en Viveiro se me convierte en un mes. A veces alucino con la juventud que all\u00ed vive. Gente joven que siempre ha vivido y trabajado en Viveiro.<br \/>\nPienso que el referente real de Birdboy podr\u00eda ser un adolescente de este pueblo.<\/p>\n<p>\u00bfC\u00f3mo fue el trabajo para recopilar las historias que ya ten\u00edas dibujadas y darles un hilo argumental?<br \/>\nBueno, m\u00e1s bien ha sido al rev\u00e9s. La historia siempre la he tenido en la cabeza y la he ido dibujando durante dos a\u00f1os&#8230; lo que pasa es que cort\u00e9 alg\u00fan fragmento para alguna peque\u00f1a historia, como por ejemplo en el Fanzine Enfermo n\u00famero 3 y una historia corta de 4 p\u00e1ginas que met\u00ed en el TOS.<\/p>\n<p>\u00bfQu\u00e9 tienen en com\u00fan tus personajes?<br \/>\nMe imagino que representan a todos los adolescentes raritos que hay por el mundo&#8230; Bastante inadaptados, solitarios, autodestructivos, ap\u00e1ticos, sin muchas esperanzas y resignados a su suerte.<\/p>\n<p>Tienes un trazo y una est\u00e9tica muy propia y particular. \u00bfC\u00f3mo la has desarrollado y de d\u00f3nde bebe??<br \/>\nEl desarrollo ha sido estrechamente ligado a la historia que quer\u00eda narrar con \u201cPsiconautas\u201d. Cuando empec\u00e9 a dibujar el tebeo ten\u00eda muy claro que los personajes deb\u00edan ser animales muy sint\u00e9ticos por diferentes motivos. El principal era buscar una est\u00e9tica de cuento infantil y naif para as\u00ed intentar darle universalidad a la historia y que el lector de una manera u otra la sintiese extrapolable a su vida.<br \/>\nTambi\u00e9n me\u00a0 gusta crear cierto contraste entre di\u00e1logos e historias duras\u00a0 con personajes de apariencia dulce e infantil. Por otra parte las cosas que me suelen gustar suelen ser bastantes personales y que creen una atm\u00f3sfera particular. No me suelen gustar lo que se enmarca dentro de un g\u00e9nero definido. Por ejemplo, disfruto mucho con c\u00f3mics como \u201cAgujero negro\u201d de Charles Burns, \u201cFrank\u201d de Jim Woodring , \u201cCarboy\u201d de Max Andersson y en general la obra de Blanquet.<\/p>\n<p>\u00bfDesde cuando dibujas? Apuesto que desde la cuna\u2026<br \/>\nLa verdad es que comenc\u00e9 a dibujar bastante tarde. Mi inter\u00e9s por los c\u00f3mics se despert\u00f3 en la carrera de Bellas Artes gracias a contactar all\u00ed con\u00a0 bastante gente que dibujaba. He de decir que con anterioridad mi primer contacto con el c\u00f3mic adulto fue aproximadamente a los 15 a\u00f1os, gracias a la Editorial El Pregonero. Recuerdo que en un kiosko cerca de mi instituto ten\u00edan algo de esta colecci\u00f3n y alguna vez que faltaba a clase me iba all\u00ed a comprar algo&#8230; El primer c\u00f3mic que me compr\u00e9 de mi bolsillo fue el \u201cBadadaboum\u201d de Blanquet&#8230; y recuerdo que me impact\u00f3 mucho, creo que lo deb\u00ed leer 300 veces. Tambi\u00e9n me compr\u00e9 los \u201cBrian the Brain\u201d de Miguel \u00c1ngel Mart\u00edn que me entusiasmaban, creo que tambi\u00e9n por su uni\u00f3n a Subterfuge Records, ya que por aquel entonces estaba flipado con \u201cesa nueva m\u00fasica generacional\u201d.<\/p>\n<p>La fantas\u00eda es muy importante en tus tebeos&#8230; \u00bflo es tambi\u00e9n en tu vida?<br \/>\nS\u00ed. Me interesa la fantas\u00eda, pero no solamente como elemento fantasioso si no tambi\u00e9n para poder hablar de cosas reales. Creo que a veces se puede explicar mejor la realidad mediante met\u00e1foras.<\/p>\n<p>\u00bfCuanto de Alberto V\u00e1zquez tienen tus personajes?<br \/>\nYo creo que todo. De hecho la gente que me conoce desde hace un tiempo siempre me dice que \u201cPsiconautas\u201d es un tebeo que lo relacionan mucho con mi forma de ser&#8230; el trasfondo, los di\u00e1logos, los personajes, el tipo de humor&#8230;. yo creo que casi todo tiene un referente real, de hecho mucho de los personajes del tebeo son peque\u00f1as adaptaciones de situaciones vividas.<\/p>\n<p>Eres un gallego que vive en Barcelona. \u00bfEso significa algo?<br \/>\nPienso que no. Circunstancias de la vida y ganas de cambiar de aires&#8230;<\/p>\n<p>\u00bfCuales han sido los acontecimientos de tu vida qu\u00e9 m\u00e1s te han marcado?<br \/>\nSin lugar a dudas esa dif\u00edcil edad de los 12 a los 17 a\u00f1os&#8230; No soportaba el instituto y a la gran mayor\u00eda de compa\u00f1eros de clase. Recuerdo que no me interesaba nada lo que estudiaba y por lo general sufr\u00eda de forma gratuita.<\/p>\n<p>\u00bfQu\u00e9 dibujantes has conocido en persona y qu\u00e9 lecciones has extra\u00eddo de aquellos que hayas podido conocer y que te hayan impresionado?<br \/>\nBuff, dif\u00edcil pregunta&#8230; Para empezar he de decir que tengo un n\u00facleo importante de mis amistades que son dibujantes&#8230; Lo que pasa es que, lecciones ahora mismo no recuerdo&#8230; me imagino que de donde sacas m\u00e1s es cu\u00e1ndo hablas con ellos sobre dibujo, narraci\u00f3n o comentas cosas que te han impactado. Las cr\u00edticas que te hacen hacia tu trabajo son fundamentales. Cada persona tiene su propia visi\u00f3n de las cosas y me imagino que muchas veces la gente deja residuos en tu cerebro que al final de una forma u otra te influyen.<\/p>\n<p>\u00bfQu\u00e9 otras personas -no dibujantes- has conocido y te han influido tanto que tengan cierta resonancia en tu labor como dibujante y guionista?<br \/>\nSobre todo mis amigos y sus influencias&#8230;. pel\u00edculas, m\u00fasica y dem\u00e1s&#8230;<\/p>\n<p>\u00bfTe gusta colaborar con otros?<br \/>\nAhora la verdad es que no me apetece mucho. Hace unos cuatro a\u00f1os hicimos \u201cFreda\u201d Kike Benlloch y yo. Fue una buena experiencia, pero ahora prefiero trabajar s\u00f3lo. Bueno, con Lola Lorente hemos hecho alguna historia corta y es muy f\u00e1cil trabajar con ella por que tenemos inquietudes y visiones del c\u00f3mic muy parecidas. A veces pensamos en la posibilidad de hacer algo juntos, pero al final nunca hay tiempo para nada.<\/p>\n<p>\u00bfQui\u00e9nes son los dibujantes de tu generaci\u00f3n de los que te sientes m\u00e1s cercano?<br \/>\nNo pienso en una generaci\u00f3n concreta, pero me imagino que con los\u00a0 colaboradores del Fanzine Enfermo&#8230; ya sabes, por edad, forma de pensar, gustos y amiguismo&#8230; Adem\u00e1s de todo esto son extraordinarios dibujantes&#8230; F\u00e9lix D\u00edaz, Lola Lorente, Brais, Daniel Garc\u00eda, Luis demano, Jano, Jorge Parras, Luci Guti\u00e9rrez, Pau Masiques, Mart\u00edn Romero, Miguel Porto, Rub\u00edn y etc\u00e9tera, etc\u00e9tera. En fin\u2026 \u00a1\u00a1gentuza!!! Tambi\u00e9n me gusta Brieva y la forma de guionizar que tiene Paco Alc\u00e1zar.<\/p>\n<p>\u00bfCu\u00e1l es tu labor en el Fanzine Enfermo??<br \/>\nAdem\u00e1s de dibujar en \u00e9l&#8230; ser coeditor junto con F\u00e9lix D\u00edaz. Cuando me refiero a \u201ccoeditar\u201d me refiero a poner dinero, distribuirlo en tiendas y encargarse de cobrar. F\u00e9lix se encarga adem\u00e1s de todo esto de maquetarlo y llevarlo a la fotocopiadora que es un trabajazo. Por ahora todo este peque\u00f1o sufrimiento se compensa con la\u00a0 satisfacci\u00f3n que nos da el fanzine.<\/p>\n<p>\u00bfCu\u00e1nto te dejas influenciar por el cine? \u00bfY por la literatura?<br \/>\nBastante. Obviamente son primos hermanos del c\u00f3mic. He de confesar que leo m\u00e1s bien poco&#8230; Veo much\u00edsimo m\u00e1s cine y creo que tiene su influencia.<br \/>\nAdmito que ha habido una pel\u00edcula que me impact\u00f3 mucho y creo que ha sido definitiva para mi trabajo: \u201cGummo\u201d de Harmony Korine. Tambi\u00e9n me encanta el expresionismo y la animaci\u00f3n.<\/p>\n<p>En tus historias resulta ser algo muy importante la amistad y la relaci\u00f3n de los personajes con su soledad. \u00bfTe ocurre lo mismo en tu vida o de d\u00f3nde nace?<\/p>\n<p>S\u00ed, has hecho un correcto an\u00e1lisis&#8230; son dos temas que est\u00e1n bastante presentes. Creo que en mayor o menor medida tambi\u00e9n en la vida de todo el mundo. No s\u00e9 decirte de d\u00f3nde nace esto, habr\u00eda que hacer unas buenas sesiones de psicoan\u00e1lisis&#8230;<\/p>\n<p>\u00bfQui\u00e9nes son tus h\u00e9roes y quienes tus hero\u00ednas?<br \/>\nBueno, puestos a mitificar, mis \u201ch\u00e9roes\u201d por as\u00ed decirlo podr\u00edan ser personajes de ficci\u00f3n como Jes\u00fas de Nazareth, Jimmy Corrigan o Bender.<\/p>\n<p>\u00bfQuienes son tus villanos?<br \/>\nBette Davis en \u201c\u00bfQu\u00e9 fue de Baby Jane?\u201d.<\/p>\n<p>\u00bfCu\u00e1l es tu g\u00e9nero favorito?<br \/>\nSi existiese como g\u00e9nero ser\u00eda la iron\u00eda, en cualquiera de sus expresiones.<\/p>\n<p>\u00bfCu\u00e1l es tu rotulador favorito?<br \/>\nMi rotulador favorito ser\u00eda sin duda el gran Pentel fino. Un rotulador pincel de gran precisi\u00f3n y lo m\u00e1s parecido a un pincel que he conocido y muy adecuado para abocetar. Aunque he de decir que para entintar los c\u00f3mics sigo utilizando el cl\u00e1sico pincel fino y moj\u00e1ndolo en tinta china.<\/p>\n<p><em>Elena Cabrera. Publicado en la web de la editorial Astiberri.<\/em><\/p>\n","protected":false},"excerpt":{"rendered":"<p>Alberto V\u00e1zquez no se precipita y dibuja su carrera, su intrahistoria, perfilando con calma, paciencia y un desbordamiento silencioso de cierta magia oscura que hacen de sus personajes y argumentos protagonistas de un mundo paralelo, que en alg\u00fan sitio existe. \u201cPsiconautas\u201d es su tercer \u00e1lbum tras \u201cAlter Ego\u201d y \u201cFreda\u201d (Edicions De Ponent), el primero [&hellip;]<\/p>\n","protected":false},"author":1,"featured_media":0,"comment_status":"open","ping_status":"open","sticky":false,"template":"","format":"standard","meta":{"footnotes":""},"categories":[],"tags":[],"class_list":["post-200535","post","type-post","status-publish","format-standard","hentry"],"_links":{"self":[{"href":"http:\/\/www.elenacabrera.com\/weblog3\/wp-json\/wp\/v2\/posts\/200535","targetHints":{"allow":["GET"]}}],"collection":[{"href":"http:\/\/www.elenacabrera.com\/weblog3\/wp-json\/wp\/v2\/posts"}],"about":[{"href":"http:\/\/www.elenacabrera.com\/weblog3\/wp-json\/wp\/v2\/types\/post"}],"author":[{"embeddable":true,"href":"http:\/\/www.elenacabrera.com\/weblog3\/wp-json\/wp\/v2\/users\/1"}],"replies":[{"embeddable":true,"href":"http:\/\/www.elenacabrera.com\/weblog3\/wp-json\/wp\/v2\/comments?post=200535"}],"version-history":[{"count":0,"href":"http:\/\/www.elenacabrera.com\/weblog3\/wp-json\/wp\/v2\/posts\/200535\/revisions"}],"wp:attachment":[{"href":"http:\/\/www.elenacabrera.com\/weblog3\/wp-json\/wp\/v2\/media?parent=200535"}],"wp:term":[{"taxonomy":"category","embeddable":true,"href":"http:\/\/www.elenacabrera.com\/weblog3\/wp-json\/wp\/v2\/categories?post=200535"},{"taxonomy":"post_tag","embeddable":true,"href":"http:\/\/www.elenacabrera.com\/weblog3\/wp-json\/wp\/v2\/tags?post=200535"}],"curies":[{"name":"wp","href":"https:\/\/api.w.org\/{rel}","templated":true}]}}