{"id":200547,"date":"2006-12-10T21:23:14","date_gmt":"2006-12-10T20:23:14","guid":{"rendered":""},"modified":"2009-02-15T21:24:31","modified_gmt":"2009-02-15T20:24:31","slug":"juanjo-saez-un-truhan-un-senor","status":"publish","type":"post","link":"http:\/\/www.elenacabrera.com\/weblog3\/2006\/12\/10\/juanjo-saez-un-truhan-un-senor\/","title":{"rendered":"Juanjo S\u00e1ez, un truh\u00e1n, un se\u00f1or"},"content":{"rendered":"<p>Hubo un tiempo en el que daba miedo ser demasiado \u2018moderno\u2019 y caer bajo las garras del lapicero de Juanjo S\u00e1ez. Si no le conoc\u00edas le imaginabas como un altivo e implacable ser revestido de una armadura de iron\u00eda de acero. Pero los que tienen la suerte de conversar con \u00e9l saben que es uno de los seres m\u00e1s encantadores que ha parido madre. Una se\u00f1ora que, por cierto, es protagonista del \u00faltimo libro de Juanjo, el conmovedor \u201cEl Arte. Conversaciones imaginarias con mi madre\u201d (Mondadori, 2006); cuando ella termin\u00f3 de leerlo bes\u00f3 varias veces a su hijo y \u201cpuso cara de emoci\u00f3n\u201d, en palabras del autor.<\/p>\n<p>Ahora Juanjo est\u00e1 inmerso en la publicidad, trabajando como creativo externo para la agencia Publicis\/Lado C y \u201cpor primera vez se est\u00e1 valorando m\u00e1s mis ideas que mis dibujos\u201d. Su estilo \u2013simplificado, de remembranza infantil- es tan caracter\u00edstico que durante estos \u00faltimos a\u00f1os se le llamaba para \u2018hacer de Juanjo S\u00e1ez\u2019, \u201cEl \u2018estilo\u2019 que tengo actualmente lo desarroll\u00e9 en la Escuela Massana. No es una escuela acad\u00e9mica, se basa m\u00e1s en la experimentaci\u00f3n y en tus propias v\u00edas de expresi\u00f3n. Desde fuera parece que es algo muy definido pero para m\u00ed no lo es tanto. De hecho, es circunstancial al momento en el que estoy, dibujando as\u00ed me siento c\u00f3modo, no me cuesta y me resulta funcional para lo que quiero explicar, tanto a nivel narrativo como emocional\u201d. Esta impronta se materializ\u00f3 al principio en los fanzines de C\u00edrculo Primigenio cuya tem\u00e1tica \u2013no dejar t\u00edtere con cabeza, reflexiones sentimentales a pie de calle, humor gr\u00e1fico de tres palotes rozando el absurdo o parodiando prolijas redacciones escolares- le marc\u00f3 definitivamente: \u201cS\u00ed y a mis compa\u00f1eros tambi\u00e9n. Fue una etapa donde experimentamos, siguiendo unas reglas concretas que nos autoimpusimos&#8230; ten\u00edamos nuestro \u2018dogma\u2019 y nuestros temas tab\u00fa. Durante esa \u00e9poca C\u00edrculo Primigenio era mi \u00fanica raz\u00f3n de existir, ja, ja, ja&#8230;\u201d. Aquel hacer se prolong\u00f3 en sus tiras sobre la Barcelona de los 90 en las revistas aB, .H y Rockdelux d\u00e1ndole un sentido unitario con su primer libro \u201cViviendo del Cuento\u201d (2004), \u201cun libro de humor que habla de una generaci\u00f3n de la que todav\u00eda no se ha hablado mucho. Lo ins\u00f3lito es que lo haya publicado una editorial grande como Mondadori\u201d.<\/p>\n<p>Las reediciones de sus libros y su incipiente \u00e9xito m\u00e1s all\u00e1 de la escena independiente ha sido una sorpresa, de las que ya no suceden a menudo, celebrada con gran jolgorio. Sus historias calan, m\u00e1s all\u00e1 del acento local: \u201cSiempre he querido dibujar&#8230; lo de ser humorista, no me lo esperaba, la verdad. De hecho no me consideraba gracioso&#8230; Ahora parece que hago re\u00edr a la gente, cosa que me agrada mucho\u201d. Entonces, \u00bfde verdad que Juanjo S\u00e1ez no odia a nadie, no hay \u00eddolos que matar? \u201cPara ser sincero no matar\u00eda a nadie porque muchas veces matar\u00eda a demasiados&#8230; el mundo en s\u00ed mismo es un asco y mucha gente tambi\u00e9n, o mejor dicho sus actitudes&#8230; Realmente considero que todo el mundo es genial pero de vez en cuando hacen cosas dif\u00edciles de entender&#8230; por decirlo suavemente. En estas cosas soy muy cambiante, seg\u00fan el d\u00eda. Pero a pesar de ser muy gru\u00f1\u00f3n soy muy social y me encanta la gente. Ya s\u00e9 que es contradictorio, pero mi relaci\u00f3n con los dem\u00e1s es as\u00ed&#8230;\u201d Juanjo se r\u00ede al terminar estas palabras y no digo yo que no me recorra un leve estremecimiento de la espina dorsal.<\/p>\n<p>\u201cNo tengo proyectos fara\u00f3nicos, como hacer pel\u00edculas, parques tem\u00e1ticos o cosas as\u00ed&#8230; no busco nada, me lo voy encontrando\u201d. Pero por supuesto tiene muchos papeles entre manos: \u201cVarios libros en mente, entre ellos el que trata sobre m\u00fasica, pero antes me gustar\u00eda hacer otro mas \u2018experimental\u2019. Quiero hacer un libro con algo parecido a la poes\u00eda&#8230; no s\u00e9 c\u00f3mo definirlo exactamente sin que parezca pretencioso o cursi, pero me interesa hacer historietas cortas, de una o dos p\u00e1ginas, intentando utilizar un lenguaje evocador, como en la poes\u00eda. En \u00abEl Arte\u00bb ya hay partes que son as\u00ed\u201d.<\/p>\n<p><em>Elena Cabrera. Publicado en El Manglar.<\/em><\/p>\n","protected":false},"excerpt":{"rendered":"<p>Hubo un tiempo en el que daba miedo ser demasiado \u2018moderno\u2019 y caer bajo las garras del lapicero de Juanjo S\u00e1ez. Si no le conoc\u00edas le imaginabas como un altivo e implacable ser revestido de una armadura de iron\u00eda de acero. Pero los que tienen la suerte de conversar con \u00e9l saben que es uno [&hellip;]<\/p>\n","protected":false},"author":1,"featured_media":0,"comment_status":"open","ping_status":"open","sticky":false,"template":"","format":"standard","meta":{"footnotes":""},"categories":[],"tags":[],"class_list":["post-200547","post","type-post","status-publish","format-standard","hentry"],"_links":{"self":[{"href":"http:\/\/www.elenacabrera.com\/weblog3\/wp-json\/wp\/v2\/posts\/200547","targetHints":{"allow":["GET"]}}],"collection":[{"href":"http:\/\/www.elenacabrera.com\/weblog3\/wp-json\/wp\/v2\/posts"}],"about":[{"href":"http:\/\/www.elenacabrera.com\/weblog3\/wp-json\/wp\/v2\/types\/post"}],"author":[{"embeddable":true,"href":"http:\/\/www.elenacabrera.com\/weblog3\/wp-json\/wp\/v2\/users\/1"}],"replies":[{"embeddable":true,"href":"http:\/\/www.elenacabrera.com\/weblog3\/wp-json\/wp\/v2\/comments?post=200547"}],"version-history":[{"count":0,"href":"http:\/\/www.elenacabrera.com\/weblog3\/wp-json\/wp\/v2\/posts\/200547\/revisions"}],"wp:attachment":[{"href":"http:\/\/www.elenacabrera.com\/weblog3\/wp-json\/wp\/v2\/media?parent=200547"}],"wp:term":[{"taxonomy":"category","embeddable":true,"href":"http:\/\/www.elenacabrera.com\/weblog3\/wp-json\/wp\/v2\/categories?post=200547"},{"taxonomy":"post_tag","embeddable":true,"href":"http:\/\/www.elenacabrera.com\/weblog3\/wp-json\/wp\/v2\/tags?post=200547"}],"curies":[{"name":"wp","href":"https:\/\/api.w.org\/{rel}","templated":true}]}}