{"id":20087,"date":"2008-12-15T20:32:20","date_gmt":"2008-12-15T19:32:20","guid":{"rendered":""},"modified":"2008-12-15T20:38:00","modified_gmt":"2008-12-15T19:38:00","slug":"%c2%bfquien-vive-en-la-pina-debajo-del-mar","status":"publish","type":"post","link":"http:\/\/www.elenacabrera.com\/weblog3\/2008\/12\/15\/%c2%bfquien-vive-en-la-pina-debajo-del-mar\/","title":{"rendered":"\u00bfQui\u00e9n vive en la pi\u00f1a debajo del mar?"},"content":{"rendered":"<p>Cuando participaba en los quehaceres diarios, o en los grandes acontecimientos, de la radio libre Radio Carcoma (hablo de lo que hac\u00eda en ella a principios de los 90, no las colaboraciones a principios de los 00) hac\u00edamos contrainformaci\u00f3n, d\u00e1bamos much\u00edsimas convocatorias, nos serv\u00edamos de agencias de noticias alternativas y critic\u00e1bamos a los medios de comunicaci\u00f3n cuando la cagaban.<\/p>\n<p>Nos llamaba alguien para contarnos las actividades que se hac\u00edan en un centro social ocupado, les entrevist\u00e1bamos, hac\u00edamos reportajes. Cubrimos a nuestra manera una huelga general. Participamos en los primeros pasos de Nodo50, antes de <a href=\"http:\/\/www.nodo50.org\">internet<\/a>.<\/p>\n<p>Aquella yo, la de <a href=\"http:\/\/www.radiocarcoma.com\/\">Radio Carcoma<\/a>, es la misma yo, la de <a href=\"http:\/\/www.adn.es\/cultura\">ADN.es<\/a>. Mi conciencia cr\u00edtica no ha desaparecido, es m\u00e1s, ahora es mas profunda, severa y racional. Pero el mismo activista que hace quince a\u00f1os me contaba los pormenores de un desalojo, de un encierro, una manifestaci\u00f3n o una rebeli\u00f3n hoy ya no hablar\u00eda conmigo (*). Yo podr\u00eda informar de la misma manera -pero mejor, soy quince a\u00f1os m\u00e1s lista- pero ahora trabajo para un medio de comunicaci\u00f3n de masas. Y los anticapitalista, los antisistema, est\u00e1n contra los medios de comunicaci\u00f3n. No quieren hablar con ellos, no quieren exponerse a ser asimilados.<\/p>\n<p>Ya no se me permite ser como ellos. A sus ojos no soy ya comunista, republicana o activista. (Es otro tema, pero hay periodistas que piensan que hacer contrainformaci\u00f3n es <a href=\"http:\/\/www.publico.es\/xalok\/181505\/informacion\/basa\/logica\/militante\">cosa de j\u00f3venes de izquierdas<\/a>). Soy el sistema y no hablar\u00e1n conmigo aunque yo quiera hablar con ellos, como ha demostrado la persona que hace el blog <a href=\"http:\/\/grecia-libertaria.blogspot.com\/\">Grecia-libertaria<\/a> cuando me escribe en sus comentarios \u00abEscribo y utilizo ese blog como un medio mas (entre muchos otros) de contra-informaci\u00f3n y para que se oigan voces fuera de la prensa burguesa&#8230;Sea gratuita o sea de pago&#8230;No es mintenci\u00f3n y no quiero escribir en ning\u00fan ADN, Metro o El pais mas adelante&#8230;\u00a0 gradezco tu interes (con la condici\u00f3n que lo haces con las mejores intenciones), pero tambi\u00e9n te agradecer\u00eda que no copiases textos de aqu\u00ed para ponerlos en la prensa. Estos solamente pueden copiarlos medios de contrainformaci\u00f3n y los que funcionan horizontalmente\u00bb. [Yo no le estaba ofreciendo escribir, por cierto, tan s\u00f3lo le ped\u00eda una manera de contactar con \u00e9l].<\/p>\n<p>Yo quiero explicar(me) el mundo lo mejor que puedo. Es lo que siempre he hecho. Resulta igual de frustrante cuando te impiden el acceso a las fuentes los rebeldes o los asimilados. El resultado al final es el mismo, la desinformaci\u00f3n. No s\u00e9 si lo saben pero, de saberlo, imagino que prefieren mantenerse al margen. Ser, s\u00f3lo, entre ellos.<\/p>\n<p>Es un t\u00f3pico. Pero sigo pensando que se cambia desde dentro. Desde fuera, las puertas est\u00e1n cerradas. Desde dentro, puedes abrir una puerta de atr\u00e1s.<\/p>\n<p><a href=\"http:\/\/www.elenacabrera.com\/weblog\/wp-content\/uploads\/2008\/12\/img_00451.jpg\"><img loading=\"lazy\" decoding=\"async\" class=\"alignnone size-full wp-image-89\" title=\"Fuck the Millenium con Vadim Tudor\" src=\"http:\/\/www.elenacabrera.com\/weblog\/wp-content\/uploads\/2008\/12\/img_00451.jpg\" alt=\"\" width=\"500\" height=\"375\" \/><\/a><\/p>\n<p>(*) Y si vieran <a href=\"http:\/\/www.last.fm\/user\/elenac\">mi perfil de Last.fm<\/a>, vendr\u00edan a rompernos los cristales de casa. Pero eso es tema de otro post.<\/p>\n","protected":false},"excerpt":{"rendered":"<p>Cuando participaba en los quehaceres diarios, o en los grandes acontecimientos, de la radio libre Radio Carcoma (hablo de lo que hac\u00eda en ella a principios de los 90, no las colaboraciones a principios de los 00) hac\u00edamos contrainformaci\u00f3n, d\u00e1bamos much\u00edsimas convocatorias, nos serv\u00edamos de agencias de noticias alternativas y critic\u00e1bamos a los medios de [&hellip;]<\/p>\n","protected":false},"author":1,"featured_media":0,"comment_status":"open","ping_status":"open","sticky":false,"template":"","format":"standard","meta":{"footnotes":""},"categories":[],"tags":[],"class_list":["post-20087","post","type-post","status-publish","format-standard","hentry"],"_links":{"self":[{"href":"http:\/\/www.elenacabrera.com\/weblog3\/wp-json\/wp\/v2\/posts\/20087","targetHints":{"allow":["GET"]}}],"collection":[{"href":"http:\/\/www.elenacabrera.com\/weblog3\/wp-json\/wp\/v2\/posts"}],"about":[{"href":"http:\/\/www.elenacabrera.com\/weblog3\/wp-json\/wp\/v2\/types\/post"}],"author":[{"embeddable":true,"href":"http:\/\/www.elenacabrera.com\/weblog3\/wp-json\/wp\/v2\/users\/1"}],"replies":[{"embeddable":true,"href":"http:\/\/www.elenacabrera.com\/weblog3\/wp-json\/wp\/v2\/comments?post=20087"}],"version-history":[{"count":0,"href":"http:\/\/www.elenacabrera.com\/weblog3\/wp-json\/wp\/v2\/posts\/20087\/revisions"}],"wp:attachment":[{"href":"http:\/\/www.elenacabrera.com\/weblog3\/wp-json\/wp\/v2\/media?parent=20087"}],"wp:term":[{"taxonomy":"category","embeddable":true,"href":"http:\/\/www.elenacabrera.com\/weblog3\/wp-json\/wp\/v2\/categories?post=20087"},{"taxonomy":"post_tag","embeddable":true,"href":"http:\/\/www.elenacabrera.com\/weblog3\/wp-json\/wp\/v2\/tags?post=20087"}],"curies":[{"name":"wp","href":"https:\/\/api.w.org\/{rel}","templated":true}]}}