{"id":20099,"date":"2008-12-17T21:08:15","date_gmt":"2008-12-17T20:08:15","guid":{"rendered":""},"modified":"2009-04-11T16:00:54","modified_gmt":"2009-04-11T15:00:54","slug":"eso-que-se-esta-agitando","status":"publish","type":"post","link":"http:\/\/www.elenacabrera.com\/weblog3\/2008\/12\/17\/eso-que-se-esta-agitando\/","title":{"rendered":"Eso que se est\u00e1 agitando"},"content":{"rendered":"<p>Quer\u00eda ir m\u00e1s all\u00e1 de donde dej\u00e9 el \u00faltimo post, pero me he perdido.<\/p>\n<p>Normal.<\/p>\n<p>Hay unas palabras del comentario de ese chico que me retumban, y es la del medio horizontal. En alg\u00fan post de mi blog, antes de que cayera en desgracia, hablaba de las reuniones en las que <a href=\"http:\/\/librosdeagustingarciacalvo.blogspot.com\/\"><strong>Agust\u00edn Garc\u00eda Calvo<\/strong><\/a> propuso pensar un peri\u00f3dico, aunque luego no lo hici\u00e9ramos, pero s\u00f3lo con pensarlo ya exist\u00eda y, as\u00ed, desafiaba todos los imperativos que te impiden crear un medio sino es un medio asimilado. \u00ab\u00bfPero qui\u00e9n nos lo va a impedir?\u00bb, clamaba Garc\u00eda Calvo.<\/p>\n<p>A m\u00ed me parec\u00eda que quedarse en los proyectos y no intentar hacerlo era tirar la energ\u00eda. Y con los a\u00f1os he ido aprendiendo que estaba equivocada pues pensarlo, hablarlo, es ya de por s\u00ed un lujo, un inexistente. \u00bfQuieren saber de qu\u00e9 se habla en mi redacci\u00f3n cuando no se est\u00e1 trabajando? Bueno, no lo dir\u00e9 por si alg\u00fan compa\u00f1ero husmea por aqu\u00ed y se siente atacado. Pero s\u00ed dir\u00e9 que prefieren ustedes no saberlo. Y con eso ya digo demasiado.<\/p>\n<p>Si tan s\u00f3lo pudi\u00e9ramos pensar en c\u00f3mo ser\u00eda un medio horizontal que nosotros hici\u00e9ramos, creo que muchas cosas cambiar\u00edan.<\/p>\n<p>Ayer, en la mesa redonda, las mini intervenciones <a href=\"http:\/\/www.laovejaroja.es\/agenda.htm\">en torno a la visita de <strong>Jean-Le\u00f3n Beauvois<\/strong><\/a> hubo un momento en el que los invitados se encendieron e incluso hubo un aplauso desde el p\u00fablico al poner sobre la mesa c\u00f3mo los medios p\u00fablicos de comunicaci\u00f3n jam\u00e1s han sido menos p\u00fablicos. Y se a\u00f1adi\u00f3: para la pol\u00edtica tampoco existe espacio de lo p\u00fablico.<\/p>\n<p>El inter\u00e9s por lo p\u00fablico est\u00e1 en crisis. Hablamos de la crisis financiera y econ\u00f3mica todo el rato. Y la otra nos da igual.<\/p>\n<p>Hoy termin\u00e9 <a href=\"http:\/\/www.adn.es\/cultura\/20081216\/NWS-1125-guionistas-cine-pelean-derechos.html\">un art\u00edculo sobre eso que se est\u00e1 agitando entre los guionistas en Espa\u00f1a<\/a>. Hay que seguirlo. Hay que escucharles, a ver.<\/p>\n<p>Ha muerto repentinamente Francisco Casavella, a quien nunca he le\u00eddo ni s\u00e9 si debo leer. Y me voy a comer una burguercangreburguer de tofu mientras pienso en las preguntas que tengo que hacerle a <a href=\"http:\/\/notasmoleskine.blogspot.com\/\">un peruano<\/a>, las preguntas a unos griegos y sobre todo las que tengo que hacerme a m\u00ed.<\/p>\n<p><a href=\"http:\/\/www.elenacabrera.com\/weblog\/wp-content\/uploads\/2008\/12\/nevera.jpg\"><img loading=\"lazy\" decoding=\"async\" class=\"alignnone size-full wp-image-100\" title=\"Nevera del a\u00f1o 2005\" src=\"http:\/\/www.elenacabrera.com\/weblog\/wp-content\/uploads\/2008\/12\/nevera.jpg\" alt=\"\" width=\"500\" height=\"274\" \/><\/a><\/p>\n","protected":false},"excerpt":{"rendered":"<p>Quer\u00eda ir m\u00e1s all\u00e1 de donde dej\u00e9 el \u00faltimo post, pero me he perdido. Normal. Hay unas palabras del comentario de ese chico que me retumban, y es la del medio horizontal. En alg\u00fan post de mi blog, antes de que cayera en desgracia, hablaba de las reuniones en las que Agust\u00edn Garc\u00eda Calvo propuso [&hellip;]<\/p>\n","protected":false},"author":1,"featured_media":0,"comment_status":"open","ping_status":"open","sticky":false,"template":"","format":"standard","meta":{"footnotes":""},"categories":[],"tags":[],"class_list":["post-20099","post","type-post","status-publish","format-standard","hentry"],"_links":{"self":[{"href":"http:\/\/www.elenacabrera.com\/weblog3\/wp-json\/wp\/v2\/posts\/20099","targetHints":{"allow":["GET"]}}],"collection":[{"href":"http:\/\/www.elenacabrera.com\/weblog3\/wp-json\/wp\/v2\/posts"}],"about":[{"href":"http:\/\/www.elenacabrera.com\/weblog3\/wp-json\/wp\/v2\/types\/post"}],"author":[{"embeddable":true,"href":"http:\/\/www.elenacabrera.com\/weblog3\/wp-json\/wp\/v2\/users\/1"}],"replies":[{"embeddable":true,"href":"http:\/\/www.elenacabrera.com\/weblog3\/wp-json\/wp\/v2\/comments?post=20099"}],"version-history":[{"count":0,"href":"http:\/\/www.elenacabrera.com\/weblog3\/wp-json\/wp\/v2\/posts\/20099\/revisions"}],"wp:attachment":[{"href":"http:\/\/www.elenacabrera.com\/weblog3\/wp-json\/wp\/v2\/media?parent=20099"}],"wp:term":[{"taxonomy":"category","embeddable":true,"href":"http:\/\/www.elenacabrera.com\/weblog3\/wp-json\/wp\/v2\/categories?post=20099"},{"taxonomy":"post_tag","embeddable":true,"href":"http:\/\/www.elenacabrera.com\/weblog3\/wp-json\/wp\/v2\/tags?post=20099"}],"curies":[{"name":"wp","href":"https:\/\/api.w.org\/{rel}","templated":true}]}}