{"id":229,"date":"2004-01-20T01:33:53","date_gmt":"2004-01-20T00:33:53","guid":{"rendered":""},"modified":"-0001-11-30T00:00:00","modified_gmt":"-0001-11-29T22:00:00","slug":"post_name","status":"publish","type":"post","link":"http:\/\/www.elenacabrera.com\/weblog3\/2004\/01\/20\/post_name\/","title":{"rendered":"Fais moi mal Johnny"},"content":{"rendered":"<p>\tEl domingo pasado transcurri\u00f3 e hizo morir la semana como habitualmente en mi vida, charlando, comiendo, viendo cine en la televisi\u00f3n y\/o quiz\u00e1 siesteando en casa de mi madre; con ella y con mi padrino. S\u00f3lo distingui\u00ed ese domingo de otros por los temas que tratamos. La actualidad nos polariz\u00f3 a mi padrino y a m\u00ed: \u00e9l piensa que Francia hace bien <a href=\"http:\/\/news.google.es\/news?q=protestas+prohibici%C3%B3n+velo+francia\"hl=es\"lr=\"ie=UTF-8\"sa=N\"tab=nn\">prohibiendo el velo<\/a> -el <em>hiyab<\/em>&#8211; en los colegios p\u00fablicos; yo creo que se equivoca. Mi madre, con su personal ideolog\u00eda &#8211;<em>\u00abyo soy anarquista\u00bb<\/em>, dice- no fue capaz de deshacer el empate, ya que a la par que declaraba que \u00abcada cual puede vestir como quiera\u00bb le parec\u00eda inadmisible que en Espa\u00f1a se hagan excepciones con los <a href=\"http:\/\/217.126.92.108\/febrer02.htm\">uniformes de gimnasia de las ni\u00f1as musulmanas<\/a>. Pero hoy <a href=\"http:\/\/www.prensalibre.com\/suplementos\/domingo\/archivo\/marzo02\/240302\/opinion.html\">he le\u00eddo<\/a> lo siguiente: <em>\u00abLa psiquiatra y escritora egipcia <strong>Nawal El Saadawi<\/strong>, perseguida por el fanatismo isl\u00e1mico, dice que el velo no es una imposici\u00f3n religiosa, sino pol\u00edtica. Y muchas ni\u00f1as musulmanas cantan y hacen ejercicio f\u00edsico sin problemas. Entonces cabe preguntarse si estamos ante venerables tradiciones, o ante coletazos de un proselitismo fundamentalista alentado por jefes espirituales integristas que han asentado sus posaderas en las mezquitas espa\u00f1olas. Hace dos a\u00f1os, por ejemplo, el imam de Fuengirola (M\u00e1laga) public\u00f3 un libro sobre c\u00f3mo pegar a las esposas sin dejarles marcas\u00bb.<\/em> Aunque m\u00e1s que el tema pol\u00e9mico, me interes\u00f3 la conversaci\u00f3n anterior sobre un tema hist\u00f3rico: la adquisic\u00f3n de pornograf\u00eda durante el Franquismo. Est\u00e1bamos en la cocina y llegamos al tema por un afluente curioso: Como todos los domingos, compr\u00e9 El Pa\u00eds en mi camino hacia el parking. Al llegar a Canillejas, vimos que alguien hab\u00eda arrancado la esquina donde colocan el cup\u00f3n para comprar m\u00f3s barato loqueseaquevendan (una Enciclopedia, en este caso). Como La Guindalera linda con el Barrio de Salamanca, zona de alta densidad de abrigo Loden y bigote, mi padrino aventur\u00f3 que seguro hab\u00eda sido un comprador del ABC con intenci\u00f3n de comprar el segundo tomo del diccionario. Yo dije que una vez quise comprar una pel\u00edcula en DVD que vend\u00edan con el ABC y tuve que comprarme el panfleto, eso s\u00ed, lo escond\u00ed dentro de otra cosa. Mi madre aport\u00f3 que ve\u00eda a personas que escond\u00edan el Marca dentro de El Pa\u00eds para no perder la reputaci\u00f3n. En ese momento yo repliqu\u00e9 que el mejor ejemplo de eso es el porno pero en el quiosco de Francisco Silvela los porn\u00f3filos discretos cuentan con la complicidad del quiosquero, el cual te esconde la revista dentro de otra cosa que compres a la vez, y si son pel\u00edculas te las emte en una bolsa de pl\u00e1stico. Madre y padrino abren los ojos como platos. \u00abYo lo he visto\u00bb, digo. Entonces ellos me explicaron c\u00f3mo eran las cosas durante antes de la muerte de Franco. A Perpignan no se iba solo a mirar, cualquier quiosco vend\u00f3a pel\u00f3culas de Super 8 igual que ahora los DVDs y los espa\u00f1oles que pasaban la frontera sol\u00edan traerse alg\u00fan regalito. Aunque no era demasiado complicado comprar en Espa\u00f1a revistas y pel\u00edculas de contrabando, exactamente igual que el caf\u00e9, el chocolate o cualquier otro alimento racionado. Si alg\u00fan amigo te dirig\u00eda al quiosquero correcto, no ten\u00edas m\u00e1s que nombrarle: \u00ab\u00bfSeguro que no vende esta revista? Me ha dicho Fulanito que quiz\u00e1 ssi\u00bb, a lo que el tendero respond\u00eda \u00abvuelva dentro de un rato\u00bb. Pero m\u00e1s f\u00e1cil, a\u00fan, era que un amigo de un amigo de un Guardia Civil te suministrara. Alfredo ten\u00eda un compa\u00f1ero que surt\u00eda a toda la oficina, gratis, de g\u00e9nero decomisado en la frontera. Ese Guardia Civil corrupto y afortunadamente amigo de la comunidad porn\u00f3faga era honesto y no hac\u00eda negocio pero sin duda deb\u00eda haber decenas de ellos que hicieran negocio con el material incautado. Dejando atr\u00e1s la historia, la noticia de estos dos \u00faltimos d\u00edas ha sido <a href=\"http:\/\/antisgae.internautas.org\/guerra.php\">la boutade de la S.G.A.E. (no por esperada menos burrada)<\/a> de su intenci\u00f3n por cobrarnos un canon por el disco duro. Y jurar\u00eda que alguien hizo un chiste con esto el a\u00f1o pasado. Tambi\u00e9n brome\u00e1bamos diciendo que nos cobrar\u00edan canon por el ADSL y creo ya que ser\u00e1 lo siguiente. Las bromas de esta temporada dec\u00edan que no podremos silbar por la calle sin que un agente nos quiera cobrar derechos de reproducci\u00f3n. Esto va a ocurrir el a\u00f1o que viene. <center><a href=\"http:\/\/www.internautas.org\/anti-canon\"><img decoding=\"async\" src=\"http:\/\/www.internautas.org\/anti-canon\/graficos\/anticanon-p.gif\" \/><\/a><\/center>No esperaba menos de <a href=\"http:\/\/www.escolar.net\"><strong>Nacho<\/strong><\/a>, hace un cuarto de hora ha dedicado su microespacio en Informativos Tele 5 al tema. Aunque imagino que tiene que ser discreto, el desarrollo de la noticia daba a entender el absurdo.Es tan rid\u00edculo y a la par queda tan lejos de nuestro alcance que deja de ser preocupante para rayar en el terreno de la carcaja histri\u00f3nica del absurdo. Y lo peor es que nos siguen jodiendo, nos lo tomemos como nos lo tomemos. Como dice <a href=\"http:\/\/www.putasgae.org\">putasgae.org<\/a>: <em><strong>\u00abLa guerra contra la SGAE ha comenzado, y sabemos quienes ser\u00e1n los vencedores. Porque somos m\u00e1s, somos mejores y somos quienes les damos de comer.\u00bb<\/strong><\/em> Recordar\u00e9is que el s\u00e1bado acab\u00e9 de postear y me fui al sal\u00f3n a ver \u00ab101\u00bb, la pel\u00edcula sobre la gira de <strong>Depeche Mode<\/strong> en EE.UU. para presentar \u00abMusic For The Masses\u00bb, dirigida por <strong>D. A. Pennebaker<\/strong>. La hab\u00eda visto muchas veces en video, claro, pero aquella fue la primera que pon\u00eda el DVD que me hab\u00eda regalado Aldo. Despu\u00e9s de ver 20 minutos de pel\u00edcula no pude resistirlo m\u00e1s y cambi\u00e9 el CD 1 por el 2 para ver los extras. El gran descubrimiento lleg\u00f3 con las entrevistas a tres de los chicos que fueron elegidos para protagonizar el documental junto y paralelamente al grupo. \u00bfAlguien les recuerda bien? (\u00bfRosario?) Hab\u00eda uno, el que siempre me pareci\u00f3 el m\u00e1s guapo, que formaba pareja con una chica rubia. Los dos sol\u00edan arreglarse mucho el pelo, cardarse las crestas, cuidar cada detalle de la ropa. Ellos me encantaban. \u00c9l es <strong>Oliver Chesler<\/strong>, un nombre que en principio no me dice nada (tengo mala memoria) hasta que, durante la entrevista -actual- que le hacen (del tipo \u00ab\u00bfqu\u00e9 pas\u00f3 con?\u00bb), se ve un recorte fotocopiado y colgado en la pared, escrito por <a href=\"http:\/\/blissout.blogspot.com\/\">Simon Reynold<\/a>, hablando de \u00e9l, <strong><a href=\"http:\/\/www.thingstocome.com\/thehorrorist\/horrorist.html\">THE HORRORIST<\/a><\/strong> y el que fue su \u00e9xito de hace \u00bftres a\u00f1os?, \u00abOne Night in New York City\u00bb. Este video sol\u00edan ponerlo mucho en las noches de Viva y Viva Zwei&#8230; <center> <\/center>Pero a\u00fan m\u00e1s curioso que el devenir es la denuncia ya rendida, desganada, abandonada, que hace Oliver Chesler, otrora p\u00e1lido y delgado, hoy rechoncho y sonrosado, gesto de muuuy buen tipo, sobre los derechos de la canci\u00f3n que le trajo la fama: ya no puede interpretarla en directo, bajo ninguna circunstancia, si no quiere que cien abogados alemanes se le echen encima reclamando su porci\u00f3n de derechos de autor. La entrevistadora le pide que la ponga en el ordenador siquiera un momento, \u00e9l dice que no puede. Seg\u00fan dice, los problemas derivados de estas luchas por tomar el control de su carrera y sus derechos de autor le llevan a crear su propio sello: <a href=\"http:\/\/www.thingstocome.com\/\"><strong>Things To Come<\/strong><\/a>.<em \/><em>Fais moi mal Johnny Johnny Johnny&#8230;<\/em> <em \/>\t<\/p>\n","protected":false},"excerpt":{"rendered":"<p>El domingo pasado transcurri\u00f3 e hizo morir la semana como habitualmente en mi vida, charlando, comiendo, viendo cine en la televisi\u00f3n y\/o quiz\u00e1 siesteando en casa de mi madre; con ella y con mi padrino. S\u00f3lo distingui\u00ed ese domingo de otros por los temas que tratamos. La actualidad nos polariz\u00f3 a mi padrino y a [&hellip;]<\/p>\n","protected":false},"author":1,"featured_media":0,"comment_status":"open","ping_status":"open","sticky":false,"template":"","format":"standard","meta":{"footnotes":""},"categories":[],"tags":[],"class_list":["post-229","post","type-post","status-publish","format-standard","hentry"],"_links":{"self":[{"href":"http:\/\/www.elenacabrera.com\/weblog3\/wp-json\/wp\/v2\/posts\/229","targetHints":{"allow":["GET"]}}],"collection":[{"href":"http:\/\/www.elenacabrera.com\/weblog3\/wp-json\/wp\/v2\/posts"}],"about":[{"href":"http:\/\/www.elenacabrera.com\/weblog3\/wp-json\/wp\/v2\/types\/post"}],"author":[{"embeddable":true,"href":"http:\/\/www.elenacabrera.com\/weblog3\/wp-json\/wp\/v2\/users\/1"}],"replies":[{"embeddable":true,"href":"http:\/\/www.elenacabrera.com\/weblog3\/wp-json\/wp\/v2\/comments?post=229"}],"version-history":[{"count":0,"href":"http:\/\/www.elenacabrera.com\/weblog3\/wp-json\/wp\/v2\/posts\/229\/revisions"}],"wp:attachment":[{"href":"http:\/\/www.elenacabrera.com\/weblog3\/wp-json\/wp\/v2\/media?parent=229"}],"wp:term":[{"taxonomy":"category","embeddable":true,"href":"http:\/\/www.elenacabrera.com\/weblog3\/wp-json\/wp\/v2\/categories?post=229"},{"taxonomy":"post_tag","embeddable":true,"href":"http:\/\/www.elenacabrera.com\/weblog3\/wp-json\/wp\/v2\/tags?post=229"}],"curies":[{"name":"wp","href":"https:\/\/api.w.org\/{rel}","templated":true}]}}