{"id":260,"date":"2004-03-11T11:27:41","date_gmt":"2004-03-11T10:27:41","guid":{"rendered":""},"modified":"2019-03-12T10:48:34","modified_gmt":"2019-03-12T08:48:34","slug":"que-horror-que-miedo-atentado-madrid","status":"publish","type":"post","link":"http:\/\/www.elenacabrera.com\/weblog3\/2004\/03\/11\/que-horror-que-miedo-atentado-madrid\/","title":{"rendered":"QU\u00c9 HORROR Y QU\u00c9 MIEDO (Atentado en Madrid)"},"content":{"rendered":"<p>En los trenes de cercan\u00edas, por la ma\u00f1ana temprano (a partir de las 7:39), en las l\u00edneas que entran a Madrid. En El Pozo (del T\u00edo Raimundo), Santa Eugenia y Atocha. Las bombas van en mochilas. 13 en total: 3 en Atocha, 4 en la calle T\u00e9llez, 1 en Santa Eugenia y 2 en El Pozo. 3 m\u00e1s (bombas trampa con temporizadores) controladas por los artificieros. <a href=\"http:\/\/news.google.es\/news?hl=es\" target=\"blank\">Las noticias, v\u00eda Google News.<\/a> <a href=\"http:\/\/noticias.dirson.com\/mirrors-atentado\/elmundo_1359.htm\" target=\"blank\">Mirror de elmundo.es.<\/a> <a href=\"http:\/\/noticias.dirson.com\/mirrors-atentado\/elpais_1316.htm\" target=\"blank\">Mirror de elpais.es.<\/a> Por ahora son <b>198 los muertos<\/b> (116 -presumiblemente- en Atocha, 67 en El Pozo, 15 en Santa Eugenia; los cad\u00e1veres se los llevan al Pabell\u00f3n 6 del Ifema, en El Parque de las Naciones, aterra pensar lo que est\u00e1 pasando en ese Pabell\u00f3n. 10.600 metros cuadrados de tanatorio de campa\u00f1a) y calculan <b>1.463 los heridos<\/b>.<\/p>\n<p><center>&#8212;<\/center>Los tel\u00e9fonos m\u00f3viles no funcionan bien y un portavoz de Telef\u00f3nica acaba de decir que se limite el uso de ellos porque <a href=\"http:\/\/www.hispamp3.com\/noticias\/noticia.php?noticia=20040311134938\" target=\"blank\">\u00abpuede caer la red en Madrid\u00bb<\/a>. \u00a1Acabo de flipar! \u00bfPara qu\u00e9 tenemos una red de telefon\u00eda m\u00f3vil si cuando se necesita de verdad va Telef\u00f3nica y dice no la usemos que se cae? \u00bfPero qu\u00e9 mierda de tecnolog\u00eda est?\u00e1 usando? <a href=\"http:\/\/labolsa.com\/noticias\/20040311153212\/\" target=\"blank\">\u00abVodafone Espa\u00f1a ofrece llamadas gratuitas a los n\u00fameros de informaci\u00f3n de emergencia tras el atentado\u00bb<\/a>. Es la primera vez que veo algo as\u00ed.<\/p>\n<p><center>&#8212;<\/center>Por cierto: la l\u00ednea 1 de metro est\u00e1 totalmente cerrada y la 5 entre \u00d3pera y Marqu\u00e9s de Vadillo tambi\u00e9n. <a href=\"http:\/\/www.tugueb.com\/e_campus\/2004\/03\/reportaje\/atentado\/central.html\" target=\"blank\">La universidad paralizada.<\/a><\/p>\n<p>Las primeras palabras de Rajoy son \u00abSe\u00f1oras y se\u00f1ores, Espa\u00f1a est\u00e1 de luto\u00bb. (Eso me suena a \u00abse\u00f1oras y se\u00f1ores, esto es espect\u00e1culo\u00bb). Es el comienzo de unas declaraciones para anunciar que \u00abel Partido Popular ha decidido suspender su campa\u00f1a electoral\u00bb. \u00bfY por qu\u00e9 no? Acaban de ganar las elecciones.<\/p>\n<p><center>&#8212;<\/center><a href=\"http:\/\/www.lapetiteclaudine.com\" target=\"blank\">La Petite Claudine<\/a> ha <a href=\"http:\/\/www.lapetiteclaudine.com\/archives\/000623.html\" target=\"blank\">escuchado las bombas<\/a>. Ella ha recordado el atentado en la Plaza de Callao, entre la FNAC y El Corte Ingl\u00e9s, la explosi\u00f3n que nos revent\u00f3 las ventanas de la oficina del FIB. C\u00f3mo me voy a olvidar de aquella ma\u00f1ana. <a href=\"http:\/\/www.escolar.net\/\">Nacho Escolar va analizando algunos datos y hace \u00abseis reflexiones\u00bb<\/a>. Y lo que <a href=\"http:\/\/noticias.dirson.com\/bitacoras-atentado.php\" target=\"blank\">dicen los otros weblogs<\/a>. Me gustar\u00eda encontrar uno de alguien que lo haya vivido, no s\u00f3lo opiniones e informaci\u00f3n. La primera persona m\u00e1s cercana que he encontrado es <a href=\"http:\/\/www.endorphines.net\/shaker\/archives\/001028.html\" target=\"blank\">un chico que lleg\u00f3 a Atocha afortunadamente tarde<\/a>: \u00abel tren en el que pas\u00f3 todo podr\u00eda haber sido el m\u00edo si hubiera madrugado un poco, afortunadamente tuve que ir al banco y, seamos realistas, madrugar no es lo m\u00edo\u00bb. El t\u00edtulo de su post es \u00abHijos de puta!!!!\u00bb <a href=\"http:\/\/www.puedoprometeryprometo.com\/2004_03_11_archivo.html#107898928275345825\" target=\"blank\">Puedoprometeryprometo.com tambi\u00e9n est\u00e1 haciendo constantes actualizaciones<\/a>. He aqu\u00ed <a href=\"http:\/\/www.bitacoras.com\/11demarzo\/archivos\/000403.html\" target=\"blank\">la lista de blogs que hablan sobre el d\u00eda de hoy<\/a>, la ha hecho <a href=\"http:\/\/www.bitacoras.com\" target=\"blank\">Bit\u00e1coras.com<\/a> Ojal\u00e1 hubiera estado m\u00e1s pronto en la ma\u00f1ana, pero est\u00e1 bien. Est\u00e1n ampliando este blog espec\u00edfico llamado <a href=\"http:\/\/11demarzo.bitacoras.com\/\" target=\"blank\">11demarzo<\/a> con alguna otra noticia. Sigo buscando, no obstante, la primera persona-testigo, y no la encuentro. Me gust\u00f3 este <a href=\"http:\/\/www.miscartas.com\/000285.html\" target=\"blank\">post en Cartas desde mi IP<\/a> cuyo autor fue despertado por la llamada de su madre. A muchos nos ha pasado lo mismo. <a href=\"http:\/\/www.fluzo.net\" target=\"blank\">Manuel<\/a> me llamaba y me contaba algo parecido. Esta ma\u00f1ana floje\u00e9 en la cama m\u00e1s de lo debido (me acost\u00e9 muy muy tarde) y cuando son\u00f3 el fijo no reaccion\u00e9 con la suficiente rapidez. Despu\u00e9s fue el m\u00f3vil y era mi padrino. Primero me rega\u00f1a porque no cojo el fijo, luego me dice que quer\u00eda comprobar que estoy en casa. A estas alturas ya estoy un poco mosqueada, no porque algo me inquiete, sino porque me pone nerviosa que me quieran controlar. Escucho la televisi\u00f3n detr\u00e1s de \u00e9l, y no es el t\u00edpico paisaje sonoro de las ma\u00f1anas marujas. Entonces me lo suelta de golpe y me pongo nerviosa pero de verdad. Lo \u00fanico que se me ocurre decir es \u00abal final lo han hecho\u00bb.<\/p>\n<p>Dej\u00e9 un comentario en el mencionado blog 11demarzo buscando a alguien que hablara como testigo. En respuesta, <a href=\"http:\/\/sego.dtremens.net\/\">SeGo<\/a> me he dejado este enlace al weblog <a href=\"http:\/\/sego.dtremens.net\/\">\u00abEspejito, espejito&#8230;\u00bb de una chica que estaba en el and\u00e9n de Atocha:<\/a> <i>Esperaba el tren de las 7:45 a Tres Cantos&#8230;&#8230;..y el de Alcala ha estallado poco antes&#8230;&#8230;.q masacre&#8230;&#8230;os juro q no he parado de llorar en todo este rato&#8230;.. No he visto tren ninguno&#8230;&#8230;.solo un ruido fuerte&#8230;&#8230;.y un olor a muerte, destruccion y maldad&#8230;&#8230;..me he caido al suelo, me han pisoteado varias personas q querian salir del anden, un hombre me ha ayudado a levantarme y ni siquiera he mirado atras&#8230;&#8230;..solo he echado a correr escaleras arriba, correr, correr, correr hacia fuera&#8230;&#8230;<\/i><\/p>\n<p><center>&#8212;<\/center>Se ha dado por supuesto que es un atentado de ETA, pero no lo han reivindicado a\u00fan y tampoco avis\u00f3 previamente (que es lo que suele hacer) y Nacho \u00abno descartar\u00eda Al-Qaeda\u00bb. <a href=\"http:\/\/elmundo.es\/elmundo\/2004\/03\/11\/espana\/1079003714.html\" target=\"blank\">Arnaldo Otegi, portavoz de Batasuna, ha declarado esta ma\u00f1ana<\/a> que: <i>\u00abEl -modus operandi-, el n\u00famero elevado de v\u00edctimas y el modo de proceder a m\u00ed me da que pensar y ahora mismo tengo en la cabeza como hip\u00f3tesis que efectivamente haya podido ser un operativo de sectores de la resistencia \u00e1rabe\u00bb.<\/i> La polic\u00eda dice que \u00ab90% a que es de ETA\u00bb. Lo m\u00e1s mosqueante de todo es que Batasuna condene el atentado en nombre de la izquierda abertzale: <a href=\"http:\/\/www.gara.net\/orriak\/P12032004\/art74401.htm\"> \u00ablas acciones indiscriminadas contra la poblaci\u00f3n civil son absolutamente rechazadas\u00bb<\/a>.<\/p>\n<p>Yo no entiendo de comunicaci\u00f3n y pol\u00edtica, as\u00ed que no comprendo porqu\u00e9 Zapatero comparece en rueda de prensa a la vez que el Ministro del Interior, \u00c1ngel Acebes. Resultado: TVE y Telemadrid (que son las p\u00fablicas) conectan en directo con el ministro y Antena 3, Tele 5 y Canal + optan por Zapatero. A Acebes le molesta (se nota) que los periodistas insistan en preguntar por las declaraciones de Otegi y por los indicios de autor\u00eda. Acusa a Otegi de \u00absembrar confusi\u00f3n\u00bb y, cuando le piden que razone sus motivos para atribuir el atentado a ETA, dice que \u00abel modus operandi es el mismo que en Nochebuena\u00bb, \u00ablas mochilas\u00bb es propio de ETA, \u00abla estrategia general de la banda, buscaban un atentado de gran dimensi\u00f3n\u00bb, \u00abETA no siempre reivindica y nunca lo hace inmediatamente, s\u00f3lo cuando lo ve necesario para sus intereses\u00bb. Sobre el tipo de explosivo, \u00ablo est\u00e1n analizando\u00bb. Zapatero tambi\u00e9n suspende la campa?a electoral. Telemadrid suspende los anuncios publicitarios durante todo el d\u00eda. Tambi\u00e9n me gust\u00f3 que Inmaculada Galv\u00e1n, periodista que presenta Madrid Directo y residente al lado de la estaci\u00f3n de Atocha, saliera a la calle con su c\u00e1mara de video digital tras escuchar las detonaciones. Lo que m\u00e1s me ha impactado han sido las im\u00e1genes de un videoaficionado llamado Rafael Villegas que grab\u00f3 desde la ventana de su casa (con vistas a las v\u00edas de Atocha) los vagones reventados y todos los cuerpos esparcidos, en los minutos siguientes a las explosiones, antes de que nadie (ni bomberos, ni polic\u00eda, ni Samur) llegara a la estaci\u00f3n. Mientras graba, con el l\u00f3gico temblor, se escucha la voz del hombre repitiendo \u00abhijoputas, hijoputas&#8230;\u00bb.<\/p>\n<p>En frente de mi casa est\u00e1 el Hospital de la Princesa. Durante toda la ma\u00f1ana, en segundo plano sonoro, llevo horas escuchando las sirenas de las ambulancias. A menudo escucho un est\u00e9reo extra\u00f1o: el altavoz me trae las sirenas que se mezclan en el audio de la televisi\u00f3n, el altavoz izquierdo es lo que se cuela por la ventana de mi patio interior.<\/p>\n<p>Esto es lo primero que leo sobre la investigaci\u00f3n: <a href=\"http:\/\/www.elmundo.es\/elmundo\/2004\/03\/11\/espana\/1079002612.html\" target=\"blank\">nota de Europa Press en El Mundo acerca de dos sospechos que entraron con mochilas a la estaci\u00f3n de Alcal\u00e1 de Henares.<\/a> Recibo mailing de <a href=\"http:\/\/www.casaencendida.com\" target=\"blank\">La Casa Encendida<\/a>: suspenden sus actividades programadas para hoy y ma\u00f1ana. Aldo, que ten\u00eda que pinchar hoy en el Lolita, me llama para contarme que cerrar\u00e1n el local esta noche. Informa <a href=\"http:\/\/www.supernovapop.com\" target=\"blank\">Supernovapop<\/a> que su fiesta de segundo aniversario que ten\u00eda previsto realizarse en el Moby Dick tambi\u00e9n ha sido cancelada. La sala permancer\u00e1 cerrada durante todo el fin de semana. Estoy preguntando si sigue el pie el concierto de Belle &amp; Sebastian en Aqualung.<\/p>\n<p><b>Comunicado de Sinnamon<\/b>:<\/p>\n<p><center><i>Belle and Sebastian y Adam Green han decididdo <b>no cancelar<\/b> su concierto previsto para esta noche del 11 de Marzo en la sala Aqualung de Madrid. Ambos grupos son conscientes de la magnitud de la tragedia que hemos vivido hoy y se solidarizan con todas las v\u00edctimas y sus familiares. A las personas que tengan entrada anticipada y no puedan asistir por motivos personales al concierto, se les reembolsar\u00e1 el dinero de la entrada. En breve os informaremos de como tramitar dicha devoluci\u00f3n. +Info: 93 272 09 10<\/i><\/center><center>&#8212;<\/center>Las listas de <a href=\"http:\/\/www.mir.es\/atentadomadrid\/heridoshospitales.htm\">heridos<\/a>.<\/p>\n<p><center>&#8212;<\/center>Como bien apuntaba Ferran en los comentarios (he estado offline un buen rato, conectarse v\u00eda ADSL hoy ha sido un sufrimiento), hay nuevos indicios que ponen en duda la autor\u00eda de los atentados. El peri\u00f3dico \u00e1rabe con sede en Londres <a href=\"http:\/\/www.alquds.com\/\">Al Quds Al Arabi<\/a> ha publicado una presunta carta de <b>Al Qaeda<\/b> atribuy\u00e9ndose la autor\u00eda. Y por otro lado, en Alcal\u00e1 de Henares han encontrado una furgoneta con siete detonadores y una cinta en \u00e1rabe con la lecturas de versos del Cor\u00e1n; una cinta comercial destinada a la ense\u00f1anza. El veh\u00edculo fue robado en Madrid y el due\u00f1o ha asegurado que la cinta no era suya.<\/p>\n<p>Extractos de la presunta carta firmada por Al Qaeda y las Brigadas Abu Hafs Al Masri:<\/p>\n<p style=\"text-align: center;\"><i>Hemos logrado con \u00e9xito infiltrarnos en el coraz\u00f3n de Europa y destruir uno de los principales pilares de la alianza de los cruzados, Espa\u00f1a?<\/i><i> Aznar, \u00bfd\u00f3nde est\u00e1 ahora Am\u00e9rica?, \u00bfqui\u00e9n te proteger\u00e1 de nosotros: Reino Unido, Jap\u00f3n, Italia&#8230;? <\/i><i>Esto es una manera de ajustar viejas cuentas con Espa\u00f1a, cruzado y aliado de Am\u00e9rica en su guerra contra el Islam.\u00a0 Nosotros, las Brigadas de Abu Hafs al-Masri, no sentimos pena por los denominados civiles. Si est\u00e1 bien para vosotros matar a nuestros ni\u00f1os, mujeres, ancianos y j\u00f3venes en Afganist\u00e1n, Irak, Palestina y Cachemira, \u00bfpor qu\u00e9 nos estar\u00e1 vedado a nosotros matar a los vuestros?<\/i><\/p>\n<p>Buscar\u00e1n la notoriedad y es una posibilidad real. <a href=\"http:\/\/www.elmundo.es\/elmundo\/2004\/03\/11\/espana\/1079040520.html\">Elmundo.es aporta muchos datos sobre Abu Hafs Al Masri, El Egipcio<\/a>: <i>\u00abAl Masri era uno de los ayudantes de Ayman Zawahiri, el lugarteniente de Bin Laden, y particip\u00f3 en los atentados contra las embajadas de EEUU en Nairobi (Kenia) y Dar es Salam (Tanzania) en 1998\u00bb<\/i>.<\/p>\n<p>Ok, electoralicemos la matanza: si lo hizo ETA, el domingo en las urnas ganar\u00e1 el PP; si lo hizo Al Qaeda, ganar\u00e1 el PSOE. El portavoz del Departamento de Estado de EEUU, Richard Boucher, rechaza esta nueva hip\u00f3tesis. Dice <i>\u00abno estoy al tanto de algo parecido en estos momentos\u00bb<\/i> y tambi\u00e9n que <i>\u00abestamos al tanto de que hubo un robo de una significativa cantidad de explosivos no hace mucho tiempo relacionado con ETA, as\u00ed que sus conclusiones se basan en diversos aspectos\u00bb<\/i>. O me lo he saltado, o aqu\u00ed no nos han relacionado ning\u00fan robo de explosivos con el atentado. (<a href=\"http:\/\/www.el-universal.com.mx\/pls\/impreso\/noticia.html?id_nota=209793\">El Universal M\u00e9xico<\/a>)<\/p>\n<p>Esta declaraci\u00f3n de un poco de risa, ya lo s\u00e9. Se espera que en las pr\u00f3ximas horas el diario vasco <a href=\"http:\/\/www.gara.net\/\">Gara<\/a> publique un comunicado de ETA refrendando lo que ya dijo Otegui esta ma\u00f1ana: que ellos nada tienen que ver con este atentado. En Euskadi, como pruebas de lo contrario, parece que s\u00f3lo tienen la <a href=\"http:\/\/www.diariovasco.com\/edicion\/actualidad\/politica\/200403\/11\/DVA_zutabe.html\">consigna publicada en el n\u00famero 100 de Zutabe (bolet\u00edn interno de la banda armada) de considerar objetivos los <i>\u00abmedios de transporte del Estado espa\u00f1ol y v\u00edas de tren, trenes, autopistas, puentes y aeropuertos\u00bb<\/i>.<\/a> En el art\u00edculo de <a href=\"http:\/\/iblnews.com\/news\/noticia.php3?id=103034\">IBLnews \u00ab\u00bfQui\u00e9n se encuentra detr\u00e1s?\u00bb<\/a> se aportan las siguientes opiniones: <i>\u00abEl experto en Espa\u00f1a de la London School of Economics Anthony Gooch no descart\u00f3 una participaci\u00f3n de Al Qaeda en los atentados. Atentados como los de Madrid \u00abno responden al modo de actuar de ETA\u00bb, dijo el catedr\u00e1tico. En su opini\u00f3n, la masacre pudo tener relaci\u00f3n con el conflicto de Irak, despu\u00e9s del apoyo mostrado por Espa\u00f1a a la guerra. Por el contrario, el experto alem\u00e1n en terrorismo Rolf Tophoven ve poca relaci\u00f3n entre los atentados en Espa\u00f1a y grupos islamistas: \u00abDesde el punto de vista de grupos terroristas islamistas tiene poco sentido colocar bombas en trenes de cercan\u00edas espa\u00f1oles\u00bb.\u00bb<\/i><\/p>\n<p><center>&#8212;<\/center>Seg\u00fan apunt\u00f3 primero Ferran y luego Diego en los comentarios, la Cadena Ser ha informado que <i>\u00abFuentes de la lucha antiterrorista han dicho a la SER que un terrorista suicida viajaba en un vag\u00f3n. Zaplana lo ha negado\u00bb<\/i> con estas palabras: <i>\u00abOtra cosa es que durante la tarde, se haya intentado correr alg\u00fan bulo, de que pod\u00eda ser un atentado suicida, que pod\u00eda haber alguna persona de origen musulm\u00e1n entre los fallecidos, cosa que ha desmentido la Polic\u00eda\u00bb<\/i>. Tambi\u00e9n se habla de ello en <a href=\"http:\/\/www.izaronews.org\/noticias1\/4marzo\/suicida.htm\">Izaronews<\/a> donde se dice adem\u00e1s algo curioso sobre el explosivo: <i>\u00abOtro dato que vendr\u00eda a corroborar las \u00faltimas hip\u00f3tesis descartando la autor\u00eda de ETA en favor de Al Qaeda, es el hecho de que el ministro de Interior, en su \u00faltima comparecencia, no se refiere a titadine, (explosivo utilizado habitualmente por ETA), ni a la inclusi\u00f3n de nitroglicerina en los artefactos explosivo, limit\u00e1ndose a hablar de dinamita, sin especificar la marca.\u00bb<\/i> Declaraciones de Zaplana (Ministro de Trabajo y Asuntos Sociales y portavoz del Ejecutivo): <i>\u00abEl m\u00e1ximo responsable de Trabajo afirm\u00f3 que si un terrorista suicida hubiera participado en los atentados, \u00aba estas alturas de la investigaci\u00f3n se sabr\u00eda\u00bb. \u00abDespu\u00e9s ha aparecido una carta reivindicando el atentado (&#8230;) y la polic\u00eda dice que esos grupos tardan unos o dos meses en reivindicar\u00bb, sostuvo.\u00bb<\/i> Superinformado el ministro ese.<\/p>\n<p><center>&#8212;<\/center><b>Vicent Fibla<\/b>, m\u00fasico e impulsor del sello .spark a quien respeto mucho, me ha enviado esta nota biling\u00fce escrita por \u00e9l, la reproduzco en castellano pero si alguien la quiere en catal\u00e1n, que <a href=\"mailto:elenac@autoreversediscos.com\">me mande un email<\/a> y se la reenv\u00edo: <i>\u00abNO A LES MANIFESTACIONS INJUSTIFICADES A nivel totalmente personal, pero con la certeza de que alguien tiene que decir estas cosas y de que no hay otro medio disponible, desde aqu\u00ed pido que NADIE VAYA A LAS MANIFESTACIONES CONVOCADAS para ma\u00f1ana viernes. * porque hay que decir NO a la manipulaci\u00f3n absoluta a la que nos vemos sometidos en este pa\u00eds. * porque alguine tiene que reconocer que esta no es ni la forma ni el procedimiento * porque no puede ser que TODO EL MUNDO quiera sacar ganancias electorales\/pol\u00edticas de los desastres * porque no se pueden convocar manifestaciones SIN SABER por qu\u00e9, en base a qu\u00e9 ni con qu\u00e9 lema; ni enviar emails con fotos de \u00abterroristas m\u00e1s buscados\u00bb ni \u00abmatemos a esos bascos de mierda\u00bb * porque, independientemente de los autores de los atentados, no se puede correr a echar las culpas a nadie, r\u00e1pido, a \u00faltima hora, a ver si sacamos alg\u00fan provecho * porque acabo de aterrizar hace una hora y me imaginaba que me encontrar\u00eda lo que me he encontrado \ud83d\ude42 En Londres lo ten\u00edan mucho m\u00e1s claro de hecho lo que me gustar\u00eda pedir es la dimisi\u00f3n de los culpables: culpables de desinformar, manipular, hacer creer a la gente lo que no es, utilizando todos los medios posibles, para sacar partido, aprovecharse, tanto unos como otros pero quien tendr\u00eda que dimitir es la sociedad entera&#8230; vicent fibla\u00bb<\/i><\/p>\n<p><center>&#8212;<\/center>Datos que aporta Aznar en su comparecencia de prensa (11:20 h.): 1 chileno, 1 cubano, 1 peruano, 1 ecuatoriano, 1 guineano, 2 hondure\u00f1os, 2 polacos, 1 franc\u00e9s, 1 marroqu\u00ed, 1 colombiano y espa\u00f1oles el resto. De estos 198 muertos, s\u00f3lo se han identificado 113. 1.463 heridos. 576 altas en los hospitales, 498 hospitalizados a\u00fan, de ellos 38 de extrema urgencia y 21 muy graves. Ha estado a la defensiva, borde incluso, con los periodistas. 1400 millones de euros del fondo de continencia para familiares de las v\u00edctimas y afectados. Nacional espa\u00f1ola autom\u00e1tica a los muertos y sus familiares directos (!!! esto ya es de co\u00f1a, claro, mejor esto que es m\u00e1s melodram\u00e1tico que reformar la Ley de Extranjer\u00eda).<\/p>\n<p><b>PRIMERA PUBLICACI\u00d3N: 11:27 h. \u00daLTIMA ACTUALIZACI\u00d3N: 11:27 h. del viernes 12 de marzo.<\/b><\/p>\n<hr \/>\n<p>Nota: La foto que ilustra este post est\u00e1 a\u00f1adida 15 a\u00f1os despu\u00e9s de la publicaci\u00f3n. Las fotos que acompa\u00f1aban este art\u00edculo, as\u00ed como sus comentarios, se perdieron en una migraci\u00f3n del blog.<\/p>\n","protected":false},"excerpt":{"rendered":"<p>En los trenes de cercan\u00edas, por la ma\u00f1ana temprano (a partir de las 7:39), en las l\u00edneas que entran a Madrid. En El Pozo (del T\u00edo Raimundo), Santa Eugenia y Atocha. Las bombas van en mochilas. 13 en total: 3 en Atocha, 4 en la calle T\u00e9llez, 1 en Santa Eugenia y 2 en El [&hellip;]<\/p>\n","protected":false},"author":1,"featured_media":2002002396,"comment_status":"open","ping_status":"open","sticky":false,"template":"","format":"standard","meta":{"footnotes":""},"categories":[],"tags":[],"class_list":["post-260","post","type-post","status-publish","format-standard","has-post-thumbnail","hentry"],"_links":{"self":[{"href":"http:\/\/www.elenacabrera.com\/weblog3\/wp-json\/wp\/v2\/posts\/260","targetHints":{"allow":["GET"]}}],"collection":[{"href":"http:\/\/www.elenacabrera.com\/weblog3\/wp-json\/wp\/v2\/posts"}],"about":[{"href":"http:\/\/www.elenacabrera.com\/weblog3\/wp-json\/wp\/v2\/types\/post"}],"author":[{"embeddable":true,"href":"http:\/\/www.elenacabrera.com\/weblog3\/wp-json\/wp\/v2\/users\/1"}],"replies":[{"embeddable":true,"href":"http:\/\/www.elenacabrera.com\/weblog3\/wp-json\/wp\/v2\/comments?post=260"}],"version-history":[{"count":6,"href":"http:\/\/www.elenacabrera.com\/weblog3\/wp-json\/wp\/v2\/posts\/260\/revisions"}],"predecessor-version":[{"id":2002002399,"href":"http:\/\/www.elenacabrera.com\/weblog3\/wp-json\/wp\/v2\/posts\/260\/revisions\/2002002399"}],"wp:featuredmedia":[{"embeddable":true,"href":"http:\/\/www.elenacabrera.com\/weblog3\/wp-json\/wp\/v2\/media\/2002002396"}],"wp:attachment":[{"href":"http:\/\/www.elenacabrera.com\/weblog3\/wp-json\/wp\/v2\/media?parent=260"}],"wp:term":[{"taxonomy":"category","embeddable":true,"href":"http:\/\/www.elenacabrera.com\/weblog3\/wp-json\/wp\/v2\/categories?post=260"},{"taxonomy":"post_tag","embeddable":true,"href":"http:\/\/www.elenacabrera.com\/weblog3\/wp-json\/wp\/v2\/tags?post=260"}],"curies":[{"name":"wp","href":"https:\/\/api.w.org\/{rel}","templated":true}]}}