{"id":261,"date":"2004-03-12T13:21:28","date_gmt":"2004-03-12T12:21:28","guid":{"rendered":""},"modified":"2019-03-12T11:18:08","modified_gmt":"2019-03-12T09:18:08","slug":"horror-asco-dia-despues-atentado","status":"publish","type":"post","link":"http:\/\/www.elenacabrera.com\/weblog3\/2004\/03\/12\/horror-asco-dia-despues-atentado\/","title":{"rendered":"Horror y asco (el d\u00eda despu\u00e9s del atentado)"},"content":{"rendered":"<p>El d\u00eda despu\u00e9s no es tan diferente. <b><a href=\"http:\/\/www.ladinamo.org\">Ladinamo<\/a><\/b>: <i>Como consecuencia de los graves sucesos acontecidos en el d\u00eda de hoy en nuestra ciudad, creemos conveniente la suspensi\u00f3n de las actividades programadas por Ladinamo para esta tarde. (&#8230;) os convocamos a todos y todas a una asamblea ciudadana para conversar y encontrarnos en torno a lo sucedido, para reflexionar colectivamente sobre el significado de lo que est\u00e1 pasando. (&#8230;) a las 20:00 horas de esta tarde [viernes 12 de marzo] en el espacio de Ladinamo en la calle Mira el Sol n\u00ba 2 (metro: Embajadores, Lavapi\u00e9s y La Latina).<\/i><\/p>\n<p><center><b>&#8212;<\/b><\/center><b>Herbert<\/b> ha cancelado el concierto previsto para esta noche en el Low de Madrid y ha enviado esta carta para su difusi\u00f3n p\u00fablica: <i>From Matthew Herbert &#8211; 11.03.04 my sincere condolences to everyone there. it is an awful tragedy.i have decided not to come to spain. it just doesn&#8217;t feel right in my heart. with 3 days of national mourning being declared i don-t see how a party can fit in to that. i will happily do the interviews by phone and answer any questions from people who wanted to come. it will also make the music sound different. and when house music is so free from politics, it just feels wrong. sincere apologies for any trouble this may cause. matthew<\/i><\/p>\n<p><center><b>&#8212;<\/b><\/center>Ya han dado los datos de <a href=\"http:\/\/www.lavozdegalicia.es\/inicio\/noticia.jsp?CAT=126\" target=\"blank\">la mochila que fue analizada<\/a> en la unidad de artificieros de Canillas. Parece que la mochila la recogieron en El Pozo como un equipaje m\u00e1s de los muchos no recogidos. En la Comisar\u00eda de Vallecas se dieron cuenta de que llevaba una bomba dentro. El Ministerio del Interior admite que no es el tipo de explosivos utilizados por ETA. Los detonadores eran de cobre mientras que ellos los usan de aluminio. Se accionaban mediante tel\u00e9onos m\u00f3viles, la programaci\u00f3n de la alarma (o bien una llamada, cualquier cosa que lo hiciera vibrar) activaba la bomba. 10,2 kilos de explosivo Tipo C con el sello ECO (antes antigua marca R\u00edotinto), detonadores tambi\u00e9n espa\u00f1oles (tambi\u00e9n de R\u00edotinto) y 1 kilo de metralla (tornillos y clavos rodeando al explosivo). (<a href=\"http:\/\/www.elmundo.es\/elmundo\/2004\/03\/12\/espana\/1079092050.html\">Tambi\u00e9n en El Mundo<\/a>). As\u00ed que no era <b>titadine<\/b>, pero yo estoy segura de que ayer dijeron que s\u00ed.<\/p>\n<p><center><b>&#8212;<\/b><\/center>\u00bfHab\u00e9is escuchado la <a href=\"http:\/\/www.cadenaser.com\/player.html?audioFile=20040312csrcsrnac_8.Aes\">llamada por tel\u00e9ono<\/a> de una mujer, Aroa, en el contestador del m\u00f3vil de una compa\u00f1era de oficina, desde la estaci\u00f3n de Atocha en la que se escucha la segunda explosi\u00f3n? Te congela la sangre. Es muy duro.<\/p>\n<p><center><b>&#8212;<\/b><\/center>\u00bfPor qu\u00e9 tardan tanto en analizar las grabaciones de las <b>c\u00e1maras de seguridad<\/b> de las estaciones? Eso me est\u00e1 poniendo un poco nerviosa. Siempre me acuerdo de esos anuncios que me asustan y que hay en el Metro de Madrid que dicen \u00abm\u00e1s de mil c\u00e1maras de video velan por su seguridad\u00bb (o algo muy parecido).<\/p>\n<p><center><b>&#8212;<\/b><\/center>Esto es muy bueno: El hombre que avis\u00f3 a la polic\u00eda sobre la furgoneta en Alcal\u00e1 de Henares, el Sr. Del Moral, despu\u00e9s de que su portero le informara sobre el sospechoso conductor del veh\u00edculo (pasamonta\u00f1as y pa\u00f1uelo o bufanda cubri\u00e9ndose la boca) lo hizo a las 10:15. Un coche de polic\u00eda tardo s\u00f3lo 5 minutos en llegar. Es decir, a las 10:20. A partir de ah\u00ed, llegaron unidades, artificieros etc. Descubren los detonadores. Y a las 13:45 una gr\u00faa se llevaba el veh\u00edculo. Por ello, <b>antes<\/b> de la comparecencia de \u00c1ngel Acebes, cuando no ten\u00eda ni la m\u00e1s m\u00ednima duda de la autor\u00eda de ETA. Es muy fuerte que <a href=\"http:\/\/www.lavozdeasturias.com\/noticias\/noticia.asp?pkid=116718\" target=\"blank\">la propia polic\u00eda<\/a> se enfada con el Gobierno por ocultar informaci\u00f3n, y as\u00ed se lo dicen en privado al PSOE, en lo que consideran <i>\u00abuna ocultaci\u00f3n intolerable de datos a la opini\u00f3n p\u00fablica\u00bb<\/i>.<\/p>\n<p><center><b>&#8212;<\/b><\/center>Me gustar\u00eda citar el blog <a href=\"http:\/\/ugarte63.blogspot.com\/\">Guerra eterna en Oriente Medio<\/a> ya que el periodista I\u00f1igo S\u00e1enz de Ugarte dice algo interesante sobre las Brigadas de Abu Hafs El Egipcio: <i>\u00ab\u00bfPero qu\u00e9 es la organizaci\u00f3n <a href=\"http:\/\/www.guardian.co.uk\/alqaida\/story\/0,12469,1087672,00.html\">Brigadas de Abu Hafs al-Masri<\/a> que ha reivindicado el atentado? Algunos peri\u00f3dicos dicen que se trata de un grupo desconocido. Al contrario, es un grupo muy conocido, pero s\u00f3lo a trav\u00e9s de sus comunicados. Ha reivindicado atentados muy reales, como los de Estambul, de mec\u00e1nica parecida, por su simultaneidad, a los de Madrid. Tambi\u00e9n ha reivindicado cosas absurdas, como el apag\u00f3n que sufri\u00f3 el noreste de EEUU el a\u00f1o pasado. Su aparici\u00f3n virtual, a trav\u00e9s de notas enviadas siempre al mismo peri\u00f3dico \u00e1rabe editado en Londres, suele ser acogida con escepticismo. Al Qaeda nunca ha tenido la costumbre de reivindicar los atentados. No es una organizaci\u00f3n terrorista al estilo occidental, con unos objetivos muy concretos y una organizaci\u00f3n controlada totalmente por sus dirigentes. Pero los hijos de Al Qaeda pueden ser muy diferentes.\u00bb<\/i><\/p>\n<p><center><b>&#8212;<\/b><\/center><b>Entre nosotros<\/b>: <b>Santesh Raga<\/b>: \u00ab<i>Noise Telecom no pod\u00eda ser ajena a los atentados terroristas en Madrid. Y no puede serlo porque dos de los trenes explosionados proced\u00edan de Alcal\u00e1 de Henares, y se dirig\u00edan hacia el apeadero m\u00e1s cercano al edificio de la compa\u00f1\u00eda.<\/i>\u00bb (<a href=\"http:\/\/alteraccion.blogspot.com\/\" target=\"blank\">Sigue leyendo \u00ab11-M\u00bb<\/a>). <b>Carmona y Caballero<\/b>: \u00ab<i>No podemos parar nuestra vida porque un se\u00f1or con bigote lo decida. Por eso, y a\u00fan a riesgo de meter la pata hasta lo que es el fondo, CyC quieren manifestar sus desconfores.<\/i>\u00bb (<a href=\"http:\/\/www.carmonaycaballero.net.\/blog\/blog.html\">Sigue leyendo \u00abLo que es ayer\u00bb<\/a>). <b>Carolink<\/b>: \u00ab<i>A pesar de todo, tom\u00e9 el autob\u00fas. Sabiendo lo que se sab\u00eda a las nueve de la ma\u00f1ana. Nunca (casi) tomo el tren, porque vivimos lejos de la estaci\u00f3n. Podr\u00eda haber sido Jorge, y he llorado de rabia pensando cu\u00e1ntos Jorges iban en esos trenes. Jorges, Flavios, Nikolas, Erikas. El crepitar de los m\u00f3viles en el bus no paraba. Los hab\u00eda que se contaban las \u00faltimas novedades de bus a bus. Si de dar cr\u00e9dito se trataba, en la Conti, como le llaman los madrile\u00f1os, se habl\u00f3 de bombas tambi\u00e9n en la Nacional II.<\/i>\u00bb (<a href=\"http:\/\/www.terra.es\/personal5\/hcnwfhev\/\">Sigue leyendo \u00abEl Terror\u00bb<\/a>) <b>Fluzo<\/b>: \u00ab<i>Teniendo como tenemos un familiar ingresado no he podido evitar temerme lo peor durante los segundos que han pasado entre el momento en el que sonaba el m\u00f3vil y cuando comenzaba a hablar con mi padre. Lo que me ha contado era mucho peor que aquello que me hab\u00eda imaginado<\/i>\u00ab. (<a href=\"http:\/\/www.fluzo.net\/\" target=\"blank\">Sigue leyendo \u00ab11 de marzo de 2004\u00bb y \u00abMal cuerpo\u00bb<\/a>) <b>Nacho Saski<\/b>: <a href=\"http:\/\/www.fotolog.net\/saski\" target=\"blank\">el negro<\/a>. Y el gran <b>Marzz<\/b>, que hoy se hizo un a\u00f1o m\u00e1s madrile\u00f1o.<\/p>\n<p><center><b>&#8212;<\/b><\/center>El diario Gara, que es el medio de comunicaci\u00f3n emblem\u00e1tico abertzale, insiste en quitarle la responsabilidad a Euskadi Ta Askatasuna y apunta sobre el atentado que: <a href=\"http:\/\/www.gara.net\/orriak\/P12032004\/art74395.htm\"><i>\u00abSus referentes habr\u00eda que situarlos m\u00e1s bien en la acci\u00f3n de los gerrilleros chechenos en Rusia, la resistencia iraqu\u00ed, los ataques palestinos en medios de transporte israel\u00edes o la acci\u00f3n anti occidental en la isla de Bali\u00bb.<\/i><\/a><\/p>\n<p><center><b>&#8212;<\/b><\/center>Me ha llamado <a href=\"http:\/\/www.juanjoelrapido.com\" target=\"blank\">Juanjo<\/a> y me ha aconsejado que no coja el Metro. Su cu\u00f1ado es bombero y hoy est\u00e1 de guardia. Est\u00e1n en alarma por posibles bombas (al menos hay avisos, que quiz\u00e1 son falsos) en el Metro. Esto coincide con lo que comentaba Luijo. Y ahora sabemos que los bomberos est\u00e1n en alerta.<\/p>\n<p><center><b>&#8212;<\/b><\/center><center>\u00a0<b>Ilustraci\u00f3n de Olaf (Gracias Mamen).<\/b><\/center>S\u00f3lo es una hip\u00f3tesis (siento alejarme por un momento de la informaci\u00f3n) pero me gustar\u00eda apuntarla aqu\u00ed para ver si os parece razonable o no: Imaginemos que ETA es la responsable de un atentado-masacre en \u00e9poca electoral (y sabemos que es lo que buscaban hace un par de semanas). Tienen dos intereses: la masacre en el pueblo para debilitar (no es la primera vez, hace mucho que el tiro en la nuca no est\u00e1 tan de moda) el Estado espa\u00f1ol y el impacto sobre el estado democr\u00e1tico de derecho (por eso lo hace en \u00e9poca electoral). Le interesa desestabilizar el gobierno y dividir la opini\u00f3n p\u00fablica. \u00bfNo ayudar\u00eda tambi\u00e9n a eso que la propia ETA se ocupara de desinformar para hacer a\u00fan m\u00e1s da\u00f1o? Yo creo que s\u00ed: primero usar\u00eda mis cauces de comunicaci\u00f3n (Batasuna) para decir \u00abyo no he sido ha sido aquel\u00bb, luego robar\u00eda una furgoneta en Madrid, me ir\u00eda a una tienda musulmana y comprar\u00eda una cassette que la dejar\u00eda \u00abolvidada\u00bb y totalmente a la vista en el veh\u00edculo, pondr\u00eda a un pavo disfrazado de sospechoso con un pasamonta\u00f1as y har\u00eda que llamase la atenci\u00f3n de los vecinos, me pondr\u00eda en contacto con las Brigadas de Abu Hafs al-Masri (\u00bfo acaso no es verdad que las c\u00e9lulas terroristas se comunican entre s\u00ed?) y les dir\u00eda que conseguir\u00edan mucha notoriedad si aprovechan para reivindicar un atentado que ETA va a negar, al menos durante los d\u00edas anteriores a las elecciones. Desestabilizar es el objetivo y, ciertamente, todo este asunto de qui\u00e9n es el culpable (cuando en Espa\u00f1a nunca se ha dudado, ni siquiera en los casos en que pod\u00eda ser GRAPO o ETA) lo est\u00e1 consiguiendo. Aznar est\u00e1 crispado.<\/p>\n<p><center><b>Ilustraci\u00f3n de Pepe Jam\u00f3n, de Grupo Salvaje (Gracias Ernesto).<\/b><\/center><center><b>&#8212;<\/b><\/center>Finalmente, <a href=\"http:\/\/www.gara.net\/azkenak\/orriak\/art74501.php\" target=\"blank\">una llamada de un comunicante an\u00f3nimo, que hablaba en nombre de ETA al diario Gara<\/a>, poco pasadas las seis de la tarde, anunciando que <b>\u00abno tiene NINGUNA RESPONSABILIDAD\u00bb<\/b> sobre el atentado. <i>\u00abHa manifestado que el objeto de la llamada era dirigir una -nota informativa a Euskal Herria-. A continuaci\u00f3n esta persona ha afirmado literalmente lo siguiente en euskara: -ETA erakundeak atzoko atentatuetan ez du inolako ardurarik-, mensaje que traducido al castellano significa: -La organizaci\u00f3n ETA no tiene ninguna responsabilidad sobre los atentados de ayer-\u00ab.<\/i> <a href=\"http:\/\/www.eitb.com\/castellano\/noticias\/noticia.asp?id=176757\">ETB tambi\u00e9n recibi\u00f3 una llamada<\/a> y la persona anunci\u00f3 que era uno de los dos terroristas que aparecen en el video del anuncio de la tregua en Catalu\u00f1a.<\/p>\n<p><center><b>&#8212;<\/b><\/center>\u00abFrancia elev\u00f3 el color de su alerta de amarillo a naranja, el segundo nivel de un total de cuatro&#8230;\u00bb (Sigue leyendo: <a href=\"http:\/\/www.univision.com\/content\/wirefeed.jhtml?chid=3\">\u00abElevan alerta de terror en Francia tras atentados en Espa\u00f1a\u00bb<\/a>)<\/p>\n<p><center><b>&#8212;<\/b><\/center>Se me ha borrado un buen trozo del post. \ud83d\ude41 No s\u00e9 c\u00f3mo ha ocurrido. Creo que era el trozo en el que daba varios datos un poco fuertes:<br \/>\n-Que <b>\u00c1ngel Acebes<\/b> est\u00e1 sujetando la pancarta en la manifestaci\u00f3n en lugar de estar ocupad\u00edsimo como dec\u00eda que est\u00e1, dirigiendo las investigaciones en su Ministerio.<br \/>\n-Que <b>Ana Palacio<\/b>. Ministra de Asuntos Exteriores, mand\u00f3 una circular a las Embajadas poco despu\u00e9s de las 5 de la tarde, nombrando a ETA e insistiendo en la certeza del Gobierno a pesar de otras v\u00edas de investigaci\u00f3n. Recordemos que a esa hora ya llevaban horas investigando la furgoneta. <a href=\"http:\/\/www.lacronica.com\/edicionenlinea\/notas\/Noticias\/20040312\/59400.asp\" target=\"blank\">Y atenci\u00f3n a estas declaraciones a la radio francesa Europe 1<\/a>.<br \/>\n-Que han pasado 30 horas hasta que se han puesto a <b>traducir<\/b> del \u00e1rabe lo que dice la cinta.<br \/>\n&#8211;<b>Bush<\/b> niegue algo que nadie ha afirmado oficialmente: la culpa de los atentados no la tiene Espa\u00f1a por haber apoyado a EEUU en la Guerra de Irak. (!!!)<\/p>\n<p>En la \u00faltima comparecencia de Acebes, el Ministro insisti\u00f3 en que \u00abno hay ninguna pista ni dato adicional\u00bb sobre la investigaci\u00f3n. Y dicho esto, se march\u00f3 cagando leches al grito de \u00abme tengo que ir a la manifestaci\u00f3n\u00bb. Menos de tres horas despu\u00e9s y mientras \u00e9l sigue caminando bajo la lluvia, ya sabemos que:<br \/>\n-Se han encontrado huellas dactilares en el cap\u00f3 de la furgoneta y en una de las ruedas.<br \/>\n-La configuraci\u00f3n del idioma de los m\u00f3viles encontrados es el castellano. Y posiblemente se adquirieron en una partida de segunda mano.<br \/>\n-Los explosivos llevan n\u00fameros de referencia que indican cu\u00e1ndo se han fabricado. Y s\u00f3lo hay un lugar en Espa\u00f1a (y en el mundo) donde se hacen, que es en la f\u00e1brica de Uni\u00f3n Espa\u00f1ola de Explosivos en P\u00e1ramo de Masa (Burgos).<\/p>\n<p><center><b>&#8212;<\/b><\/center>No me puedo creer que <a href=\"http:\/\/www.autoreversediscos.com\/thelastdance\/archives\/001030.html\">este t\u00edo boc\u00f3n<\/a> tenga que aprovechar <a href=\"http:\/\/www.lacronica.com\/edicionenlinea\/notas\/entretenimiento\/20040312\/59427.asp\">cada oportunidad que se le presenta para salir en la prensa<\/a>.<\/p>\n<p><center><b>&#8212;<\/b><\/center>Esto es lo que he dicho en los comentarios que escribir\u00eda sobre los <b>problemas t\u00e9cnicos<\/b> de ayer y hoy:<br \/>\n-Esta tarde me llam\u00f3 mi amigo Nicholas desde Atenas y me dijo que ayer fue totalmente imposible comunicarse conmigo. Las llamadas al m\u00f3vil y al fijo no seleccionaban, y los emails rebotaban.<br \/>\n-Mi m\u00f3vil se ha quedado sin cobertura durante las manifestaci\u00f3n, entre las 19 y las 20 h. (y eso que estoy a seis paradas de metro de ella).<br \/>\n-Por no hablar de los colapsos de Internet: muchas p\u00e1ginas que no pod\u00eda abrir, conexiones lentas, las dos horas que tard\u00e9 ayer para conseguir conectarme por la tarde&#8230; Nicholas asegura (y sabe porqu\u00e9 lo dice) que en su pa\u00eds y cualquier otro se bloquean y se esp\u00edan las comunciaciones sistem\u00e1ticamente, siempre, al m\u00e1s m\u00ednimo problema pol\u00edtico.<\/p>\n<p><center><b>&#8212;<\/b><\/center>Escuchado en la <a href=\"http:\/\/www.cadenaser.com\/\" target=\"blank\">Cadena Ser<\/a> (21:33): la polic\u00eda cient\u00edfica est\u00e1 haciendo pruebas de ADN a \u00abrestos\u00bb (imagino que pelos, escamas de piel&#8230;) humanos en prendas de vestir encontradas en la furgoneta, a \u00abguantes, gorros de lana, un jersey y camisetas de tirantes\u00bb.<\/p>\n<p><center><b>&#8212;<\/b><\/center><center><\/center><b>Copyright-free artwork by Brazilian cartoonist Latuff (\u00a1Gracias Rosario!).<\/b><\/p>\n<p><center><b>&#8212;<\/b><\/center>Mientras me he alejado del ordenador para cenar, H\u00e9ctor me env\u00eda el siguiente email: <i>Asunto: <b>M\u00e1s datos ocultados<\/b> <a href=\"http:\/\/www.laprensa.com.ar\/secciones\/nota.asp?ed=1306\">Enlace al peri\u00f3dico argentino La Prensa<\/a> <b>Omar Bakri<\/b>, dirigente del movimiento extremista isl\u00e1mico Muhajirun, considerado cercano a la organizaci\u00f3n de Osama Bin Laden, asegur\u00f3 que la carta enviada al peri\u00f3dico es aut\u00e9ntica. \u00abLa misiva es aut\u00e9ntica y los ataques son obra de Al Qaeda\u00bb, se\u00f1al\u00f3 Bakri en una entrevista transmitida desde Londres por el programa de televisi\u00f3n Controcorrente que se emite por la cadena italiana SkyTg24. El dirigente integrista dijo que \u00abEspa\u00f1a est\u00e1 a favor del gobierno estadounidense y no es la primera vez que soldados espa\u00f1oles son atacados. El objetivo de Al Qaeda es atemorizar a los europeos. Ahora toda la Uni\u00f3n Europea est\u00e1 bajo la amenaza de Al Qaeda\u00bb, agreg\u00f3 Bakri. \u00ab<\/i><\/p>\n<p><center><b>&#8212;<\/b><\/center>Y <b>Manuel Bartual<\/b> me ha enviado estas fotograf\u00edas de la manifestaci\u00f3n en Madrid, <i>\u00abLas de exteriores son en Cibeles a eso de las 18:30. Las de las velas, en la Estaci\u00f3n de Atocha una hora y media despu\u00e9s\u00bb<\/i>. (\u00a1\u00a1Gracias!!)<\/p>\n<p><center><b>&#8212;<\/b><\/center><b>\u00daLTIMA ACTUALIZACI\u00d3N: 00:28 h. del s\u00e1bado 13 de marzo.<\/b><\/p>\n","protected":false},"excerpt":{"rendered":"<p>El d\u00eda despu\u00e9s no es tan diferente. Ladinamo: Como consecuencia de los graves sucesos acontecidos en el d\u00eda de hoy en nuestra ciudad, creemos conveniente la suspensi\u00f3n de las actividades programadas por Ladinamo para esta tarde. (&#8230;) os convocamos a todos y todas a una asamblea ciudadana para conversar y encontrarnos en torno a lo [&hellip;]<\/p>\n","protected":false},"author":1,"featured_media":2002002401,"comment_status":"open","ping_status":"open","sticky":false,"template":"","format":"standard","meta":{"footnotes":""},"categories":[],"tags":[],"class_list":["post-261","post","type-post","status-publish","format-standard","has-post-thumbnail","hentry"],"_links":{"self":[{"href":"http:\/\/www.elenacabrera.com\/weblog3\/wp-json\/wp\/v2\/posts\/261","targetHints":{"allow":["GET"]}}],"collection":[{"href":"http:\/\/www.elenacabrera.com\/weblog3\/wp-json\/wp\/v2\/posts"}],"about":[{"href":"http:\/\/www.elenacabrera.com\/weblog3\/wp-json\/wp\/v2\/types\/post"}],"author":[{"embeddable":true,"href":"http:\/\/www.elenacabrera.com\/weblog3\/wp-json\/wp\/v2\/users\/1"}],"replies":[{"embeddable":true,"href":"http:\/\/www.elenacabrera.com\/weblog3\/wp-json\/wp\/v2\/comments?post=261"}],"version-history":[{"count":4,"href":"http:\/\/www.elenacabrera.com\/weblog3\/wp-json\/wp\/v2\/posts\/261\/revisions"}],"predecessor-version":[{"id":2002002404,"href":"http:\/\/www.elenacabrera.com\/weblog3\/wp-json\/wp\/v2\/posts\/261\/revisions\/2002002404"}],"wp:featuredmedia":[{"embeddable":true,"href":"http:\/\/www.elenacabrera.com\/weblog3\/wp-json\/wp\/v2\/media\/2002002401"}],"wp:attachment":[{"href":"http:\/\/www.elenacabrera.com\/weblog3\/wp-json\/wp\/v2\/media?parent=261"}],"wp:term":[{"taxonomy":"category","embeddable":true,"href":"http:\/\/www.elenacabrera.com\/weblog3\/wp-json\/wp\/v2\/categories?post=261"},{"taxonomy":"post_tag","embeddable":true,"href":"http:\/\/www.elenacabrera.com\/weblog3\/wp-json\/wp\/v2\/tags?post=261"}],"curies":[{"name":"wp","href":"https:\/\/api.w.org\/{rel}","templated":true}]}}