{"id":270,"date":"2004-03-23T14:12:58","date_gmt":"2004-03-23T13:12:58","guid":{"rendered":""},"modified":"2019-03-12T01:01:27","modified_gmt":"2019-03-11T23:01:27","slug":"documental-colectivo-11m","status":"publish","type":"post","link":"http:\/\/www.elenacabrera.com\/weblog3\/2004\/03\/23\/documental-colectivo-11m\/","title":{"rendered":"Documental colectivo sobre el 11-M"},"content":{"rendered":"<p>Reproduzco la info que tengo: <i>\u00ab<b>Docus Madrid<\/b> est\u00e1 organizando un documental colectivo sobre la masacre del 11-M. La idea es hacer entre 20 y 30 piezas de una duraci\u00f3n aproximada de 3 minutos. Y para ello cuentan con c\u00e1maras, salas de edici\u00f3n y material de archivo que ceden gratuitamente distintas productoras. Est\u00e1n abiertos a todo tipo de propuestas, pero las necesitan urgentemente para poder tomar una decisi\u00f3n sobre las que son finalmente seleccionadas la semana que viene y empezar cuanto antes a coordinar toda la producci\u00f3n de las mismas. Luego, si el asunto funciona bien, se podr\u00eda intentar proyectar en algunas salas o incluso pasar en alguna cadena de TV. Lo que s\u00ed que es seguro es que el documental abrir\u00e1 fuera de concurso el festival de documentales <b>Documenta<\/b> en Madrid el pr\u00f3ximo 6 de Mayo. Si algun@ est\u00e1is interesad@, pod\u00e9is escribir <a href=\"mailto:info@docusmadrid.org\">aqu\u00ed<\/a>, o directamente al coordinador editorial del asunto, <a href=\"mailto:argonauta.prod@retemail.es\">Alfonso Domingo<\/a><\/i>\u00ab. <b><\/b><\/p>\n<p><center>&#8212;<\/center><b>CONTABILIDAD MACABRA<\/b>: alguien se equivoc\u00f3, alguien que brillantemente sum\u00f3 el n\u00famero de v\u00edctimas al n\u00famero de bolsas. Ya sab\u00e9is lo que hab\u00eda en cada bolsa. Y el total daba 201 (m\u00e1s un feto que se ha a\u00f1adido a la lista). Pues no. Rectifican hoy, \u00a1hoy! <i>S\u00f3lo<\/i> 190. Las trece bolsas sin identificar pertenecen a v\u00edctimas o heridos mutilados.<\/p>\n","protected":false},"excerpt":{"rendered":"<p>Reproduzco la info que tengo: \u00abDocus Madrid est\u00e1 organizando un documental colectivo sobre la masacre del 11-M. La idea es hacer entre 20 y 30 piezas de una duraci\u00f3n aproximada de 3 minutos. Y para ello cuentan con c\u00e1maras, salas de edici\u00f3n y material de archivo que ceden gratuitamente distintas productoras. Est\u00e1n abiertos a todo [&hellip;]<\/p>\n","protected":false},"author":1,"featured_media":0,"comment_status":"open","ping_status":"open","sticky":false,"template":"","format":"standard","meta":{"footnotes":""},"categories":[2],"tags":[],"class_list":["post-270","post","type-post","status-publish","format-standard","hentry","category-twentytwentyfive"],"_links":{"self":[{"href":"http:\/\/www.elenacabrera.com\/weblog3\/wp-json\/wp\/v2\/posts\/270","targetHints":{"allow":["GET"]}}],"collection":[{"href":"http:\/\/www.elenacabrera.com\/weblog3\/wp-json\/wp\/v2\/posts"}],"about":[{"href":"http:\/\/www.elenacabrera.com\/weblog3\/wp-json\/wp\/v2\/types\/post"}],"author":[{"embeddable":true,"href":"http:\/\/www.elenacabrera.com\/weblog3\/wp-json\/wp\/v2\/users\/1"}],"replies":[{"embeddable":true,"href":"http:\/\/www.elenacabrera.com\/weblog3\/wp-json\/wp\/v2\/comments?post=270"}],"version-history":[{"count":1,"href":"http:\/\/www.elenacabrera.com\/weblog3\/wp-json\/wp\/v2\/posts\/270\/revisions"}],"predecessor-version":[{"id":2002002385,"href":"http:\/\/www.elenacabrera.com\/weblog3\/wp-json\/wp\/v2\/posts\/270\/revisions\/2002002385"}],"wp:attachment":[{"href":"http:\/\/www.elenacabrera.com\/weblog3\/wp-json\/wp\/v2\/media?parent=270"}],"wp:term":[{"taxonomy":"category","embeddable":true,"href":"http:\/\/www.elenacabrera.com\/weblog3\/wp-json\/wp\/v2\/categories?post=270"},{"taxonomy":"post_tag","embeddable":true,"href":"http:\/\/www.elenacabrera.com\/weblog3\/wp-json\/wp\/v2\/tags?post=270"}],"curies":[{"name":"wp","href":"https:\/\/api.w.org\/{rel}","templated":true}]}}