{"id":272,"date":"2004-03-24T13:15:08","date_gmt":"2004-03-24T12:15:08","guid":{"rendered":""},"modified":"-0001-11-30T00:00:00","modified_gmt":"-0001-11-29T22:00:00","slug":"post_name","status":"publish","type":"post","link":"http:\/\/www.elenacabrera.com\/weblog3\/2004\/03\/24\/post_name\/","title":{"rendered":"Las indies contra MTV"},"content":{"rendered":"<p>\tHoy a las once (horario ingl\u00e9s) en una rueda de prensa las asociaciones de discogr\u00e1ficas independientes <b>IMPALA y AIM<\/b> (Association of Independent Music) han lanzado p\u00fablicamente sus requerimientos a <b>MTV Networks Europe<\/b> para discutir <i>\u00abthe value of music in the modern, multi-platform world, and the benefits to broadcasters and third parties of acquiring their rights collectively\u00bb<\/i>. En esta convocatoria han participado: Michel Lambot (co-chairman PIAS Group\/Vital, President IMPALA) Martin Mills (Chairman Beggars Group) Lohan Presencer (MD Ministry of Sound) Catherine Bell (General Manager Business Affairs, Chrysalis Music Group) Peter Quicke (MD Ninja Tune) Antes de entrar en el tema me gustar\u00eda aclarar una cosa en orden al acuerdo de claridad informativa que contraje con ustedes etc. Tengo un -muy peque\u00f1o- sello independiente (<a href=\"http:\/\/www.autoreversediscos.com\">Autoreverse<\/a>) -tan peque\u00f1o que no hemos podido ingresar en la <b>UFI<\/b> (una especie de IMPALA espa\u00f1ola de la que ya hemos hablado aqu\u00ed) por falta de fondos para pagar la inscripci\u00f3n-, trabajo en un festival de m\u00fasica (<a href=\"http:\/\/www.fiberfib.com\" target=\"blank\">FIB<\/a>) cuya televisi\u00f3n oficial es <b>MTV<\/b>, canal al que se venden los derechos de emisi\u00f3n de los conciertos e, independientemente de ambas cosas, soy periodista y trabajo como colaboradora -espor\u00e1dicamente- para <a href=\"http:\/\/www.mtv.es\" target=\"blank\">mtv.es<\/a>, que es la web de MTV Espa\u00f1a. Intento que en ninguno de estos tres v\u00e9rtices se mezclen los otros dos. Pero hay uno m\u00e1s que convierte el tri\u00e1ngulo en pir\u00e1mide: este weblog. No soy ajena a las cosas que suceden as\u00ed que, que no sea por miedo a molestar a un pagador que me callo lo que ocurre en el mundo. Estos son los documentos que acaban de hacerse p\u00fablicos: <a href=\"http:\/\/www.autoreversediscos.com\/thelastdance\/archives\/final rel MTV.doc\">European Independent Record Sector Rejects MTV Divide and Rule Approach<\/a> <a href=\"http:\/\/www.autoreversediscos.com\/thelastdance\/archives\/MTV briefing final9.10.doc\">Descripci\u00f3n de MTV<\/a> <a href=\"http:\/\/www.autoreversediscos.com\/thelastdance\/archives\/Open l MTV 2403.doc\">Carta abierta a MTV<\/a> <a href=\"http:\/\/www.autoreversediscos.com\/thelastdance\/archives\/WRITTEN STATEMENTFROM GUT.doc\">Declaraci\u00f3n del sello Gut<\/a> <center>&#8212;<\/center> Reuters UK: <a href=\"http:\/\/www.reuters.co.uk\/newsPackageArticle.jhtml?type=entertainmentNews\"storyID=481675\"section=news\" target=\"blank\">\u00abLos sellos amenazan con boicotear MTV\u00bb<\/a>: <i>\u00abLONDON (Reuters) &#8211; Fans of The White Stripes and The Strokes will not be able to see their favourite rockers on video music channel MTV Europe come April 1 as talks between the two sides have broken down over a new licensing agreement\u00bb.<\/i> La queja contra MTV es por lo que \u00e9sta paga al emitir videoclips de compa\u00f1\u00edas independientes 8que suman el 21% del mercado europeo): &#8211; consideran que no s\u00f3lo por debajo de su valor econ\u00f3mico y cultural sino, adem\u00e1s, por la mitad de lo que antes se pagaba (seg\u00fan un acuedo de 1998), aunque se hayan creado m\u00e1s canales: en aquel momento MTV Networks Europe emit\u00eda MTV, MTV 2 y VH1. Desde ese trato se han lanzado MTV Base, MTV Dance, MTV Hits\/MTV Extra, VH1 Classic y VH2, as\u00ed como tambi\u00e9n ha comprado la holandesa TMF (The Music Factory). &#8211; bajo la misma tarifa los videos se usan tambi\u00e9n online y en telefon\u00eda m\u00f3vil. &#8211; la tarifa que se quiere establecer no es revisable y no habr\u00e1 incrementos crezca o no la econom\u00eda, se creen nuevos canales o la se\u00f1al se distribuya a m\u00e1s pa\u00edses. &#8211; MTV dice que las indies reciben la compensaci\u00f3n de la promoci\u00f3n por lo que dejan de cobrar, pero \u00e9stas, obvio, exigen el mismo trato que otras discogr\u00e1ficas ya que ellas tambi\u00e9n proveen de contenido a la cadena. &#8211; MTV est\u00e1 ganando millones con dus tratos con operadores de telefon\u00eda m\u00f3vil, anunciantes, esp\u00f3nsors y consumidores, sin que que por ello aquellos que hacen la m\u00fasica que ellos venden reciban ning\u00fan pago, excepto la tarifa antes mencionada: el 50% de la antigua. Esta carta la firman <b>288 sellos independientes<\/b> entre los que se encuentran 4AD, Matador, Wiiija, Too Pure, Domino, Everlasting, Invicta Hi-Fi, K7, Labrador, Sanctuary o Rough Trade y <b>64 artistas<\/b>, entre ellos Manitoba, The Strokes, To Rococo Rot, Moloko, Kid Koala o White Stripes. Exceptuando la nota de la agencia Reuters y <a href=\"http:\/\/news.google.com\/news?hl=en\"edition=uk\"newsclusterurl=http:\/\/www.variety.com\/article\/VR1117902204%3Fcategoryid%3D1444\" target=\"blank\">tres medios que la reproduce<\/a> (<a href=\"http:\/\/www.musiqueplus.com\/fr\/nouveautes\/nouvelles\/2028\" target=\"blank\">y en Francia<\/a>), <b>no he encontrado a nadie que se haga eco<\/b> de la noticia. Flipo. <center>&#8212; <b>\u00a1TODOS A LA CARCEL!<\/b><\/center> Es un off-topic pero no he podido evitarlo. Mira que el PSOE dijo que <a href=\"http:\/\/actualidad.tiscali.es\/articulo.jsp?content=181615\"sec=act\"subsec=nac\"pos=2\" target=\"blank\">una de las primeras cosas que har\u00eda<\/a> nada m\u00e1s pudiera ser\u00eda sustituir al fiscal general del Estado, <b>Jes\u00fas Cardenal<\/b>, un pe\u00f3n del PP. Este abuelito, que se las ve\u00eda venir, debi\u00f3 de pensar, para lo que me queda&#8230;\u00bb: [Texto fusilado de: CGT] <i>El fiscal general del Estado, Jes\u00fas Cardenal, est\u00e1 dando instrucciones a los fiscales de todo el pa\u00eds para que las denuncias sobre las concentraciones celebradas en la jornada de reflexi\u00f3n se remitan a los juzgados de instrucci\u00f3n para que se abran procedimientos penales, seg\u00fan ha sabido la Cadena SER. Algunas fiscal\u00edas, y algunas de ellas muy importantes, ya han asegurado a la Cadena SER que van a desobedecer esta orden de Jes\u00fas Cardenal. Puede ser incluso, seg\u00fan dicen, <b>\u00abuna orden prevaricadora\u00bb<\/b>. <\/i> La informaci\u00f3n completa, si sigues leyendo: <i>El fax dice que, al tener constancia de la presentaci\u00f3n de denuncias relacionadas con \u201cconcentraciones de gente frente a las sedes del PP el s\u00e1bado d\u00eda 13, el fiscal general del Estado interesa que se proceda a la judializaci\u00f3n de esas denuncias\u201d. Algunas fiscal\u00edas, y algunas de ellas muy importantes, ya han asegurado a la Cadena SER que van a desobedecer esta orden de Jes\u00fas Cardenal. Puede ser incluso, seg\u00fan dicen, <b>\u00abuna orden prevaricadora\u00bb<\/b>. Seg\u00fan explicaron fuentes fiscales, la Fiscal\u00eda de Madrid ya ha presentado una denuncia ante el juzgado de guardia por la concentraci\u00f3n celebrada en la sede central del PP, en la calle G\u00e9nova. La petici\u00f3n de Cardenal se formula despu\u00e9s de que la Junta Electoral Central (JEC) declarara dichas concentraciones \u00abcontrarias a la regulaci\u00f3n de la campa\u00f1a electoral\u00bb y acordara trasladar a la Fiscal\u00eda las actuaciones por si \u00abpudieran resultar hechos constitutivos de delito\u00bb. Para Joaqu\u00edn L\u00f3pez, miembro de la Uni\u00f3n Progresista de Fiscales (UPF) y del Consejo Fiscal, la decisi\u00f3n de Cardenal es \u201csorprendente\u201d. L\u00f3pez ha asegurado en Hora 14 que el fiscal general deber\u00eda \u201cdejar en manos del criterio de cada uno de los fiscales el estudio de las denuncias\u201d y las decisiones posteriores. Para \u00e9l, lo l\u00f3gico es \u201canalizar caso por caso\u201d. De hecho, eso es lo que establece la Ley de Enjuiciamiento Criminal, que establece que los fiscales deben analizar el contenido concreto de las denuncias para decidir si se archivan o se env\u00edan al juez. Sin embargo, en este caso, el fiscal general del Estado se ha saltado el art\u00edculo 773 de esta ley y, sin estudiar las denuncias presentadas en todo el pa\u00eds, ha ordenado que se env\u00eden a los jueces y que se abra una investigaci\u00f3n. El fiscal jefe del Tribunal Superior de Justicia de Andaluc\u00eda, Jes\u00fas Garc\u00eda Calder\u00f3n, aseguraba a la cadena SER que \u201cno hay ninguna denuncia interpuesta por la fiscal\u00eda\u00bb y que \u00abno hay elementos que aconsejen la actuaci\u00f3n de oficio por parte del Ministerio Fiscal\u201d.<\/i> <center>&#8212;<\/center> <a href=\"http:\/\/www.rebelion.org\/opinion\/040324antonioh.htm\" target=\"blank\">Antonio Hern\u00e1ndez en Rebeli\u00f3n.org<\/a>: <i>En Espa\u00f1a, aunque la convocatoria se produjo en un primer momento a trav\u00e9s de mensajes de m\u00f3viles e internet posiblemente por personas de grupos antiglobalizaci\u00f3n, no se debe minusvalorar el decisivo papel amplificador que algunas radios y televisiones comerciales jugaron al hacerse eco de la protesta de forma muy significativa. Con todo es muy posible que de no haber existido una indignaci\u00f3n tan grande y las numerosas redes asociativas que poco a poco se van consolidando, el resultado hubiera sido muy diferente. En cualquier caso lo razonable es pensar que el poder tambi\u00e9n aprender\u00e1 estas lecciones y la pr\u00f3xima vez no estar\u00e1n tan desprevenidos. Es m\u00e1s, con estas nuevas tecnolog\u00edas su capacidad de neutralizar los canales de comunicaci\u00f3n de los movimientos antisistema es mayor que nunca. Es mucho m\u00e1s dif\u00edcil localizar una imprenta clandestina oculta en cualquier lugar de una gran ciudad, que rastrear las ondas electromagn\u00e9ticas asociadas a las comunicaciones actuales. Si asumimos adem\u00e1s que el poder siempre dispondr\u00e1 de m\u00e1quinas mucho m\u00e1s potentes, con una capacidad de procesamiento muy superior a la nuestra, llegaremos f\u00e1cilmente a la conclusi\u00f3n de que confiar en estas tecnolog\u00edas para tumbar el sistema es bastante iluso.<\/i>\t<\/p>\n","protected":false},"excerpt":{"rendered":"<p>Hoy a las once (horario ingl\u00e9s) en una rueda de prensa las asociaciones de discogr\u00e1ficas independientes IMPALA y AIM (Association of Independent Music) han lanzado p\u00fablicamente sus requerimientos a MTV Networks Europe para discutir \u00abthe value of music in the modern, multi-platform world, and the benefits to broadcasters and third parties of acquiring their rights [&hellip;]<\/p>\n","protected":false},"author":1,"featured_media":0,"comment_status":"open","ping_status":"open","sticky":false,"template":"","format":"standard","meta":{"footnotes":""},"categories":[],"tags":[],"class_list":["post-272","post","type-post","status-publish","format-standard","hentry"],"_links":{"self":[{"href":"http:\/\/www.elenacabrera.com\/weblog3\/wp-json\/wp\/v2\/posts\/272","targetHints":{"allow":["GET"]}}],"collection":[{"href":"http:\/\/www.elenacabrera.com\/weblog3\/wp-json\/wp\/v2\/posts"}],"about":[{"href":"http:\/\/www.elenacabrera.com\/weblog3\/wp-json\/wp\/v2\/types\/post"}],"author":[{"embeddable":true,"href":"http:\/\/www.elenacabrera.com\/weblog3\/wp-json\/wp\/v2\/users\/1"}],"replies":[{"embeddable":true,"href":"http:\/\/www.elenacabrera.com\/weblog3\/wp-json\/wp\/v2\/comments?post=272"}],"version-history":[{"count":0,"href":"http:\/\/www.elenacabrera.com\/weblog3\/wp-json\/wp\/v2\/posts\/272\/revisions"}],"wp:attachment":[{"href":"http:\/\/www.elenacabrera.com\/weblog3\/wp-json\/wp\/v2\/media?parent=272"}],"wp:term":[{"taxonomy":"category","embeddable":true,"href":"http:\/\/www.elenacabrera.com\/weblog3\/wp-json\/wp\/v2\/categories?post=272"},{"taxonomy":"post_tag","embeddable":true,"href":"http:\/\/www.elenacabrera.com\/weblog3\/wp-json\/wp\/v2\/tags?post=272"}],"curies":[{"name":"wp","href":"https:\/\/api.w.org\/{rel}","templated":true}]}}