{"id":275,"date":"2004-03-29T17:13:11","date_gmt":"2004-03-29T16:13:11","guid":{"rendered":""},"modified":"-0001-11-30T00:00:00","modified_gmt":"-0001-11-29T22:00:00","slug":"post_name","status":"publish","type":"post","link":"http:\/\/www.elenacabrera.com\/weblog3\/2004\/03\/29\/post_name\/","title":{"rendered":"Write or I-ll die. (Desde Barcelona)."},"content":{"rendered":"<p>\tEntre el concierto de Piano Magic (+ Fran\u00e7oiz Breut + Little Rabbitts) en Madrid (sala El Sol) y el concierto de Piano Magic (+Fran\u00e7oiz Breut + Dominique A +Little Rabbitts) en Barcelona (sala Apolo) puse algunas horas de sue\u00f1o y varias horas de tormenta de nieve (varios cientos de kil\u00f3metros, \u00bfdos?, \u00bftres?) de por medio. Glen Johnson vest\u00eda en Madrid gorra de camuflaje y camisa Festival del Humor: una mezcla de beisbolera y uniforme de taller mec\u00e1nico, con su nombre bordado en la parte delante y, por detr\u00e1s, \u201cPest Management\u201d. En Barcelona vest\u00eda, en cambio, una elegante gorra, camisa blanca, jersey de pico y corbata. -\u00bfY esta corbata? \u00bfC\u00f3mo tan elegante aqu\u00ed y no en Madrid ayer? -Es una corbata de pistolas, \u00a1es algo muy brit\u00e1nico! Pens\u00e9 que estar\u00eda bien ponermela aqu\u00ed. Ver dos conciertos consecutivos de uno de tus grupos favoritos (en el caso de que fuera necesario, \u00bfc\u00f3mo elegir un \u00fanico grupo favorito? Y \u00bfpara qu\u00e9? No obstante, siempre hay situaciones en las que has de justificar ciertas cosas. Por ejemplo: te diriges a una ciudad, una noche en la que tu novio es el dj invitado de un bar y, en lugar de ir a verle pinchar, prefieres ver por segunda noche consecutiva el concierto de tu grupo favorito. Y si alguien me pregunta \u00bfDepeche Mode? Me veo obligada a explicar que DM es \u201cmi grupo favorito en activo de trayectoria larga\u201d, mientras que Piano Magic es \u201cmi grupo contempor\u00e1neo favorito\u201d y Joy Division \u201cmi grupo favorito de los que ya no existen\u201d) no te convierte necesariamente en una groupie pero s\u00ed en un especimen semejante. Lo pienso durante la prueba de sonido de PM en Madrid y mientras espero que Glen tenga un momento para decirle adi\u00f3s hasta la pr\u00f3xima mientras recoge su pedalera en el escenario del Apolo. La manera en la que la m\u00fasica te acerca y te une a las personas que la componen es algo que se escapa a convenciones de cualquier otra arte. Les entrevistas, les conoces, quiz\u00e1s sales con ellos, les editas canciones, conversas y creas un v\u00ednculo en el que su m\u00fasica siempre funciona como eslab\u00f3n. Hablas sobre los discos, comparas conciertos, criticas a los miembros de la banda, haces bromas sobre las nuevas fotograf\u00edas. No eres un amigo pero tampoco eres un conocido; eres alguien que entiende su m\u00fasica y esto te situa en un lugar raro ante ellos pero es que ellos tambi\u00e9n tienen un lugar raro ante ti: \u00bfen que extra\u00f1os personajes de reparto en tu vida se convierten las canciones (y las personas que las escriben) que escuchas mil veces y son cacho de tu biograf\u00eda. \u00bfAcaso pod\u00eda hacer otra cosa que tragarme las l\u00e1grimas y todo lo demas cuando anuncia Glen \u2013en Madrid- que la siguiente canci\u00f3n no la hemos tocado jam\u00e1s y que igual nos sale regul\u00edn \u2013quiz\u00e1s pens\u00f3 que regul\u00e1n les qued\u00f3 porque no la repitieron aqu\u00ed- pero que all\u00e1 va? Y cuando canta \u201chandle with care if only you dare I\u2019m sensitive, touch sensitive\u201d y exige \u201cwrite or I\u2019ll die\u201d s\u00e9 que no es Caroline Potter pero el coraz\u00f3n me vuelca y me siento tan desnuda como si alguien me hubiera robado un diario antiguo y lo leyera en p\u00fablico para mi escarnio. Ella no grita en esa canci\u00f3n pero yo s\u00ed lo hago; nadie se entera, pero yo s\u00ed lo hago. <i>Faltan las fotos, que est\u00e1n en la c\u00e1mara de Rosario<\/i>. <center>&#8212;<\/center> Recordemos <a href=\"http:\/\/www.autoreversediscos.com\/thelastdance\/archives\/000671.html\" target=\"blank\">el tema Eusebi<\/a>. Y ahora la noticia: <i><b>\u00abUn tal Eusebi\u00bb <\/b>ha sido seleccionado para participar en la secci\u00f3n competitiva de cortometrajes del <a href=\"http:\/\/www.documentamadrid.com\">Primer Festival Internacional de Documentales de Madrid, Documenta Madrid 04<\/a>, que se celebra entre el 7 y el 16 de mayo. Ser\u00b7 la primera ocasi\u00dbn en que se proyecta el documental en Madrid y habr\u00e1 dos pases en los Cines Princesa: el viernes 7 y el domingo 9 de mayo, a las 20:00 horas.<\/i>\t<\/p>\n","protected":false},"excerpt":{"rendered":"<p>Entre el concierto de Piano Magic (+ Fran\u00e7oiz Breut + Little Rabbitts) en Madrid (sala El Sol) y el concierto de Piano Magic (+Fran\u00e7oiz Breut + Dominique A +Little Rabbitts) en Barcelona (sala Apolo) puse algunas horas de sue\u00f1o y varias horas de tormenta de nieve (varios cientos de kil\u00f3metros, \u00bfdos?, \u00bftres?) de por medio. [&hellip;]<\/p>\n","protected":false},"author":1,"featured_media":0,"comment_status":"open","ping_status":"open","sticky":false,"template":"","format":"standard","meta":{"footnotes":""},"categories":[],"tags":[],"class_list":["post-275","post","type-post","status-publish","format-standard","hentry"],"_links":{"self":[{"href":"http:\/\/www.elenacabrera.com\/weblog3\/wp-json\/wp\/v2\/posts\/275","targetHints":{"allow":["GET"]}}],"collection":[{"href":"http:\/\/www.elenacabrera.com\/weblog3\/wp-json\/wp\/v2\/posts"}],"about":[{"href":"http:\/\/www.elenacabrera.com\/weblog3\/wp-json\/wp\/v2\/types\/post"}],"author":[{"embeddable":true,"href":"http:\/\/www.elenacabrera.com\/weblog3\/wp-json\/wp\/v2\/users\/1"}],"replies":[{"embeddable":true,"href":"http:\/\/www.elenacabrera.com\/weblog3\/wp-json\/wp\/v2\/comments?post=275"}],"version-history":[{"count":0,"href":"http:\/\/www.elenacabrera.com\/weblog3\/wp-json\/wp\/v2\/posts\/275\/revisions"}],"wp:attachment":[{"href":"http:\/\/www.elenacabrera.com\/weblog3\/wp-json\/wp\/v2\/media?parent=275"}],"wp:term":[{"taxonomy":"category","embeddable":true,"href":"http:\/\/www.elenacabrera.com\/weblog3\/wp-json\/wp\/v2\/categories?post=275"},{"taxonomy":"post_tag","embeddable":true,"href":"http:\/\/www.elenacabrera.com\/weblog3\/wp-json\/wp\/v2\/tags?post=275"}],"curies":[{"name":"wp","href":"https:\/\/api.w.org\/{rel}","templated":true}]}}