{"id":277,"date":"2004-04-02T14:49:35","date_gmt":"2004-04-02T13:49:35","guid":{"rendered":""},"modified":"2019-05-23T02:08:08","modified_gmt":"2019-05-23T00:08:08","slug":"kraftwerk","status":"publish","type":"post","link":"http:\/\/www.elenacabrera.com\/weblog3\/2004\/04\/02\/kraftwerk\/","title":{"rendered":"Kraftwerk, 1\/2 ser humano"},"content":{"rendered":"<p>El concierto de Kraftwerk ayer en La Riviera fue parecid\u00edsimo sino id\u00e9ntico al del S\u00f3nar hace dos a\u00f1os pero, a\u00fan eliminando las sorpresas, el espect\u00e1culo es enorme. Fue hermoso ver, la entrada comprada meses atr\u00e1s, en la estanter\u00eda, quieta (mentira: una vez un golpe de viento la tir\u00f3 al suelo) y decontando los d\u00edas. Entradas agotadas, mucho fan y la expectaci\u00f3n que s\u00f3lo he visto en los conciertos de <b>Depeche Mode, Cure y Pet Shop Boys<\/b>: el disfrute incondicional del show, la sensaci\u00f3n de momento \u00fanico, de recuerdos que no hay que olvidar jam\u00e1s&#8230; esas cosas del pop. Esa apuesta por un futuro visto desde el pasado (retrofuturismo, \u00bfno?) regalan a Kraftwerk el exilir de la juventud eterna. El peor enemigo de un m\u00fasico pop es la decrepitud, algo que dif\u00edcil afectar\u00e1 ya a los cuatro robots.<\/p>\n<p><center>&#8212;<\/center>Tras el concierto <b>Jorge, Checht, Germ\u00e1n, Aldo<\/b> y despu\u00e9s <b>Pablo<\/b> estuvimos en el Tupperware, donde pinchaba <b>Ismael<\/b> (Atat de <a href=\"http:\/\/www.aviadordro.com\/\" target=\"blank\" rel=\"noopener noreferrer\">Aviador Dro<\/a>; y ayer, <a href=\"http:\/\/www.aviadordro.com\/kdd2004.htm\" target=\"blank\" rel=\"noopener noreferrer\">Convenci\u00f3n Mutante<\/a>) una sesi\u00f3n totalmente remember 90s con agradables adentros en el mainstream de los 80. Bebimos unas cervezas que fueron apagando el fulor (\u00bfo quiz\u00e1 lo contrario?) y la noche me llev\u00f3 a charlar con Santiago Sequeiros (que me escribi\u00f3 en un papelito dos recomendaciones), a esperar taxi sin prisa durante \u00bfhoras? y a no querer dar el d\u00eda por finalizado delante de un Cola-Cao con churros, porras y Shin Chan en el video, todo esto en Alto B\u00e9jar, COVECABE arriba.<\/p>\n<p><center>&#8212;<\/center>Hoy se ha cortado la l\u00ednea del AVE debido a un <a href=\"http:\/\/www.elmundo.es\/elmundo\/2004\/04\/02\/espana\/1080911404.html\">intento de atentado contra este tren<\/a>. Otra vez el miedo. Imagino que por este motivo <b>Fernando Vacas y Aldo<\/b> no han conseguido billetes ni de tren ni de autob\u00fas para ir ma\u00f1ana a C\u00f3rdoba al concierto de <b>Grupo Salvaje<\/b>, donde Aldo es el dj invitado. De manera que ma\u00f1ana les voy a llevar en coche y me asusta un poco la carretera y la Operaci\u00f3n Salida y la actividad por llegar.<\/p>\n<p><center>&#8212;<\/center>V\u00edctor (\u00a1gracias!) me envi\u00f3 ayer una nota de Reuters con el acuerdo al que llegaron <a href=\"http:\/\/www.autoreversediscos.com\/thelastdance\/archives\/001077.html\"> las indies respecto a MTV<\/a>. \u00bfSe va a zanjar el tema en un ajuste de n\u00fameros sin que se abra el debate sobre la presencia de la m\u00fasica independiente en los medios? \u00bfSobre el negocio de la m\u00fasica? No deja de extra\u00f1arme como todo el mundo pasa de puntillas sobre esto. <i> \u00bb MTV and music labels avert boycott Thu 1 April, 2004 09:44 LONDON (Reuters) &#8211; MTV Europe and a collection of independent music labels have reached an 11th-hour agreement to continue airing music videos from the likes of The White Stripes and Prodigy, the groups say. Talks broke down earlier this month on the renegotiation of a new licensing contract. The music labels, through their negotiating body Video Performance Limited (VPL), had threatened to boycott MTV Europe as of April 1 if no deal could be reached. Terms of the new deal, struck late on Wednesday, were not disclosed. VPL rejected an earlier offer from the television network to pay 840,000 pounds per year to air the videos of hundreds of artists, which also included rockers Travis and electronica duo Lemon Jelly. Under the expired contract, MTV Europe was paying 1.9 million pounds per year to VPL for the rights, sources close to the negotiation told Reuters. MTV Europe, owned by American media conglomerate Viacom Inc. is a rare success story in the slumping music industry. The network-s profitable European operation has expanded rapidly as its viewer base has grown to over 115 million homes across the continent. Over the past three decades, the music video channel has been credited with propelling numerous new acts to stardom.<\/i><\/p>\n","protected":false},"excerpt":{"rendered":"<p>El concierto de Kraftwerk ayer en La Riviera fue parecid\u00edsimo sino id\u00e9ntico al del S\u00f3nar hace dos a\u00f1os pero, a\u00fan eliminando las sorpresas, el espect\u00e1culo es enorme. Fue hermoso ver, la entrada comprada meses atr\u00e1s, en la estanter\u00eda, quieta (mentira: una vez un golpe de viento la tir\u00f3 al suelo) y decontando los d\u00edas. Entradas [&hellip;]<\/p>\n","protected":false},"author":1,"featured_media":0,"comment_status":"open","ping_status":"open","sticky":false,"template":"","format":"standard","meta":{"footnotes":""},"categories":[],"tags":[],"class_list":["post-277","post","type-post","status-publish","format-standard","hentry"],"_links":{"self":[{"href":"http:\/\/www.elenacabrera.com\/weblog3\/wp-json\/wp\/v2\/posts\/277","targetHints":{"allow":["GET"]}}],"collection":[{"href":"http:\/\/www.elenacabrera.com\/weblog3\/wp-json\/wp\/v2\/posts"}],"about":[{"href":"http:\/\/www.elenacabrera.com\/weblog3\/wp-json\/wp\/v2\/types\/post"}],"author":[{"embeddable":true,"href":"http:\/\/www.elenacabrera.com\/weblog3\/wp-json\/wp\/v2\/users\/1"}],"replies":[{"embeddable":true,"href":"http:\/\/www.elenacabrera.com\/weblog3\/wp-json\/wp\/v2\/comments?post=277"}],"version-history":[{"count":2,"href":"http:\/\/www.elenacabrera.com\/weblog3\/wp-json\/wp\/v2\/posts\/277\/revisions"}],"predecessor-version":[{"id":2002002558,"href":"http:\/\/www.elenacabrera.com\/weblog3\/wp-json\/wp\/v2\/posts\/277\/revisions\/2002002558"}],"wp:attachment":[{"href":"http:\/\/www.elenacabrera.com\/weblog3\/wp-json\/wp\/v2\/media?parent=277"}],"wp:term":[{"taxonomy":"category","embeddable":true,"href":"http:\/\/www.elenacabrera.com\/weblog3\/wp-json\/wp\/v2\/categories?post=277"},{"taxonomy":"post_tag","embeddable":true,"href":"http:\/\/www.elenacabrera.com\/weblog3\/wp-json\/wp\/v2\/tags?post=277"}],"curies":[{"name":"wp","href":"https:\/\/api.w.org\/{rel}","templated":true}]}}