{"id":279,"date":"2004-04-06T15:48:38","date_gmt":"2004-04-06T14:48:38","guid":{"rendered":""},"modified":"2019-05-23T02:03:50","modified_gmt":"2019-05-23T00:03:50","slug":"hay-un-lugar-en-el-infierno","status":"publish","type":"post","link":"http:\/\/www.elenacabrera.com\/weblog3\/2004\/04\/06\/hay-un-lugar-en-el-infierno\/","title":{"rendered":"Hay un lugar en el infierno para m\u00ed y para mis amigos"},"content":{"rendered":"<p><a href=\"http:\/\/www.abc.es\/abc\/pg040405\/prensa\/noticias\/Nacional\/Terrorismo\/200404\/05\/NAC-NAC-020.asp\" target=\"blank\" rel=\"noopener noreferrer\">Ansar Al Qaeda en Europa amenaza<\/a> con convertir nuestra ciudad en un infierno y me pregunto si el diablo es el estallido o es el miedo. Mis miedos siempre han venido de dentro: son los yuyus, un terror irracional que se presenta repentinamente y nunca encuentra razones para abandonarme; es el miedo a lo paranormal, a la enfermedad repentina y a la muerte s\u00fabita. Yuyus; lo inexplicable, lo impredecible, lo desbordante. Siento miedo de las psicofon\u00edas, de las voces en mi cabeza y de las amenazas. En estos tres casos me vende al miedo (o m\u00e1s bien me regala) la credulidad: si no creyese en ellas, no las temer\u00eda. En ocasiones escucho mi nombre. Giro la cabeza, miro hacia atr\u00e1s, y no hay nadie. Odio la sensaci\u00f3n de permanente alerta cuando me examinan y tambi\u00e9n cuando me observan. A veces hay gente que me pone a prueba y tengo que guardar mi espalda a cubierto para que que, desprevenida, nada malo pueda ocurrirme. El miedo no es algo nuevo. Viene de dentro y siempre ha estado ah\u00ed, por tanto. Antes de conocer la amenaza, Manuel R\u00edos y yo hac\u00edamos el especial Morrissey en <a href=\"http:\/\/www.autoreversediscos.com\/thelastdance\/archives\/001073.html\" target=\"blank\" rel=\"noopener noreferrer\">\u201cEl \u00daltimo Baile\u201d<\/a>. Como despedida pusimos \u201cThere is a place in the Hell for me and my friends\u201d. Pero el Infierno no son los dem\u00e1s, el Infierno est\u00e1 dentro. Y a ese lugar, pasen, a\u00fan hay hueco. El estallido, es otra cosa.<\/p>\n","protected":false},"excerpt":{"rendered":"<p>Ansar Al Qaeda en Europa amenaza con convertir nuestra ciudad en un infierno y me pregunto si el diablo es el estallido o es el miedo. Mis miedos siempre han venido de dentro: son los yuyus, un terror irracional que se presenta repentinamente y nunca encuentra razones para abandonarme; es el miedo a lo paranormal, [&hellip;]<\/p>\n","protected":false},"author":1,"featured_media":0,"comment_status":"open","ping_status":"open","sticky":false,"template":"","format":"standard","meta":{"footnotes":""},"categories":[],"tags":[],"class_list":["post-279","post","type-post","status-publish","format-standard","hentry"],"_links":{"self":[{"href":"http:\/\/www.elenacabrera.com\/weblog3\/wp-json\/wp\/v2\/posts\/279","targetHints":{"allow":["GET"]}}],"collection":[{"href":"http:\/\/www.elenacabrera.com\/weblog3\/wp-json\/wp\/v2\/posts"}],"about":[{"href":"http:\/\/www.elenacabrera.com\/weblog3\/wp-json\/wp\/v2\/types\/post"}],"author":[{"embeddable":true,"href":"http:\/\/www.elenacabrera.com\/weblog3\/wp-json\/wp\/v2\/users\/1"}],"replies":[{"embeddable":true,"href":"http:\/\/www.elenacabrera.com\/weblog3\/wp-json\/wp\/v2\/comments?post=279"}],"version-history":[{"count":1,"href":"http:\/\/www.elenacabrera.com\/weblog3\/wp-json\/wp\/v2\/posts\/279\/revisions"}],"predecessor-version":[{"id":2002002555,"href":"http:\/\/www.elenacabrera.com\/weblog3\/wp-json\/wp\/v2\/posts\/279\/revisions\/2002002555"}],"wp:attachment":[{"href":"http:\/\/www.elenacabrera.com\/weblog3\/wp-json\/wp\/v2\/media?parent=279"}],"wp:term":[{"taxonomy":"category","embeddable":true,"href":"http:\/\/www.elenacabrera.com\/weblog3\/wp-json\/wp\/v2\/categories?post=279"},{"taxonomy":"post_tag","embeddable":true,"href":"http:\/\/www.elenacabrera.com\/weblog3\/wp-json\/wp\/v2\/tags?post=279"}],"curies":[{"name":"wp","href":"https:\/\/api.w.org\/{rel}","templated":true}]}}