{"id":28,"date":"2002-09-23T05:09:15","date_gmt":"2002-09-23T04:09:15","guid":{"rendered":""},"modified":"2019-05-23T01:14:30","modified_gmt":"2019-05-22T23:14:30","slug":"la_mandragora","status":"publish","type":"post","link":"http:\/\/www.elenacabrera.com\/weblog3\/2002\/09\/23\/la_mandragora\/","title":{"rendered":"La Mandr\u00e1gora"},"content":{"rendered":"<p>Como bien ha publicado Silvia en <a href=\"http:\/\/www.fiberfib.com\">Fiberfib<\/a>: \u00abEl programa \u201cLa Mandr\u00e1gora\u201d de La 2 de <a href=\"http:\/\/www.rtve.es\/tve\/programo\/avan2\/tv2_fr.htm\">TVE<\/a> emitir\u00e1 el pr\u00f3ximo 1 de octubre alrededor de la 1:00 de la madrugada un programa especial FIB Heineken 2002, con entrevistas a Jos\u00e9 y Miguel Mor\u00e1n, directores del festival, y a Elena Cabrera, editora del Fiber, medio oficial del Festival.\u00bb<\/p>\n<p>La verdad es que no me cunde mucho el trabajo en la oficina y tampoco me puedo concentrar para anotar debidamente en el weblog. Pero eso s\u00ed, aunque no puedo escribir, subir fotos no me cuesta mucho esfuerzo. As\u00ed que, ahora lo que todos est\u00e1bais esperando,&#8230; las fotos del viernes por la noche. Sobredosis de Rioja mezclado con la conmoci\u00f3n por el descubrimiento de un pasado irrecuperable, infantil, guardado en parte en cintas de video, anclado en la memoria de personas a las que quieres hoy y que ahora ves en un televisor muchos a\u00f1os antes de que se cruzaran en tu vida.<\/p>\n<p>Algo m\u00e1s sobre c\u00f3mics: <a href=\"http:\/\/artscanada.cbc.ca\/artscanada.jsp%3FstartingPieceLabel%3Dgo_under%26\">Going Underground, exploring alternative comics<\/a>. Un reportaje muy chulo, con art\u00edculos y entrevistas sobre nuestros cartunistas favoritos (Jessica Abel, Chester Brown, Seth, Julie Doucet,&#8230;) \u00a1Viva Canad\u00e1! No os perd\u00e1is algo maravilloso: un montaje en Flash de vi\u00f1etas de \u00abClyde fans\u00bb le\u00eddas por el propio Seth (!!!)<\/p>\n","protected":false},"excerpt":{"rendered":"<p>Como bien ha publicado Silvia en Fiberfib: \u00abEl programa \u201cLa Mandr\u00e1gora\u201d de La 2 de TVE emitir\u00e1 el pr\u00f3ximo 1 de octubre alrededor de la 1:00 de la madrugada un programa especial FIB Heineken 2002, con entrevistas a Jos\u00e9 y Miguel Mor\u00e1n, directores del festival, y a Elena Cabrera, editora del Fiber, medio oficial del [&hellip;]<\/p>\n","protected":false},"author":1,"featured_media":0,"comment_status":"open","ping_status":"open","sticky":false,"template":"","format":"standard","meta":{"footnotes":""},"categories":[],"tags":[],"class_list":["post-28","post","type-post","status-publish","format-standard","hentry"],"_links":{"self":[{"href":"http:\/\/www.elenacabrera.com\/weblog3\/wp-json\/wp\/v2\/posts\/28","targetHints":{"allow":["GET"]}}],"collection":[{"href":"http:\/\/www.elenacabrera.com\/weblog3\/wp-json\/wp\/v2\/posts"}],"about":[{"href":"http:\/\/www.elenacabrera.com\/weblog3\/wp-json\/wp\/v2\/types\/post"}],"author":[{"embeddable":true,"href":"http:\/\/www.elenacabrera.com\/weblog3\/wp-json\/wp\/v2\/users\/1"}],"replies":[{"embeddable":true,"href":"http:\/\/www.elenacabrera.com\/weblog3\/wp-json\/wp\/v2\/comments?post=28"}],"version-history":[{"count":2,"href":"http:\/\/www.elenacabrera.com\/weblog3\/wp-json\/wp\/v2\/posts\/28\/revisions"}],"predecessor-version":[{"id":2002002531,"href":"http:\/\/www.elenacabrera.com\/weblog3\/wp-json\/wp\/v2\/posts\/28\/revisions\/2002002531"}],"wp:attachment":[{"href":"http:\/\/www.elenacabrera.com\/weblog3\/wp-json\/wp\/v2\/media?parent=28"}],"wp:term":[{"taxonomy":"category","embeddable":true,"href":"http:\/\/www.elenacabrera.com\/weblog3\/wp-json\/wp\/v2\/categories?post=28"},{"taxonomy":"post_tag","embeddable":true,"href":"http:\/\/www.elenacabrera.com\/weblog3\/wp-json\/wp\/v2\/tags?post=28"}],"curies":[{"name":"wp","href":"https:\/\/api.w.org\/{rel}","templated":true}]}}