{"id":283,"date":"2004-04-19T11:36:13","date_gmt":"2004-04-19T10:36:13","guid":{"rendered":""},"modified":"2019-05-23T01:58:07","modified_gmt":"2019-05-22T23:58:07","slug":"tumba-profanada","status":"publish","type":"post","link":"http:\/\/www.elenacabrera.com\/weblog3\/2004\/04\/19\/tumba-profanada\/","title":{"rendered":"Tumba profanada: \u00bfVud\u00fa? \u00a1Yuyu!"},"content":{"rendered":"<p>El <b>nicho<\/b> en el cementerio de Carabanchel del <a href=\"http:\/\/www.elmundo.es\/elmundo\/2004\/04\/19\/enespecial\/1082356558.html\" target=\"blank\" rel=\"noopener noreferrer\">GEO que muri\u00f3 en Legan\u00e9s en la operaci\u00f3n de cercado de los terroristas del 11-M<\/a>, Francisco Javier Torronteras (<a href=\"http:\/\/mercado.segundamano.es\/SCRIPTSB\/EDITORIAL.DLL\/G?PL=0\" target=\"blank\" rel=\"noopener noreferrer\">le van a dedicar una calle<\/a>), ha sido profanado para realizar un extra\u00f1o y macabro ritual; ya s\u00e9 que este es un tema que encajar\u00eda mejor en <a href=\"http:\/\/aldo.autoreversediscos.com\">El Mar de la Tranquilidad<\/a>, pero acabo de quedarme impactada. Tuvieron que arrastrar el ataud 700 metros por los pasillos del cementerio para llegar al sitio donde le rociaron con gasolina y le prendieron fuego.<\/p>\n<p><center><\/center><b>15:00<\/b> Escucho en <a href=\"http:\/\/www.informativos.telecinco.es\/dn_6810.htm\" target=\"blank\" rel=\"noopener noreferrer\">Informativos Tele 5<\/a> que el primer indicio s\u00e1tanico qued\u00f3 descartado ya por tesis islamistas en cambio, se contradicen, expertos del Islam aseguran que exhumar y quemar un cadaver por revanchismo no es propio de su religi\u00f3n ni de su activismo. <b>15:37<\/b> He corregido las erratas en el post de antesdeayer y he boldeado y enlazado algunos nombres. Comienzo a sufrir la resaca de la que hab\u00edamos hablado. Por cierto, echad un vistazo al <a href=\"http:\/\/www.fluzo.net\/\" target=\"blank\" rel=\"noopener noreferrer\">post de Fluzo hoy<\/a>: <i><b>\u00abAguacates, cebolla, tomate, aceite, sal y cilantro\u00bb<\/b>; \u00abMientras ella se debat\u00eda entre re\u00edrse o mostrarse impresionada, yo me daba cuenta de que la l\u00ednea que separa al fluzo-fan-de-la-secci\u00f3n-de-congelados-del-s\u00faper del fluzo-maestro-culinario es cada d\u00eda m\u00e1s difusa\u00bb.<\/i> Ayer pas\u00e9 el d\u00eda en Valdemorillo y all\u00ed fue donde el animado barullo de la postsobremesa se interrumpi\u00f3 bruscamente cuando sub\u00ed el volumen del televisor: <i><a href=\"http:\/\/news.google.es\/news?hl=es\" target=\"blank\" rel=\"noopener noreferrer\">\u00ab\u00a1las retira!\u00bb<\/a><\/i> grit\u00e9, se\u00f1alando a un <b>ZP<\/b> en RGB a nosecuant\u00edsimas pulgadas planas. La noche del 17 fue divertida. Comenz\u00f3 en una rapid\u00edsima visita al <a href=\"http:\/\/www.manuelbartual.com\" target=\"blank\" rel=\"noopener noreferrer\">Sr. Bartual<\/a> ya que yo hab\u00eda quedado para el concierto de <a href=\"http:\/\/www.miolo.com\/tumbitas\/\" target=\"blank\" rel=\"noopener noreferrer\">Tumbitas<\/a> con Mamen, Joan y Aldo, mientras que \u00e9l pensaba ir al <a href=\"http:\/\/www.festifreak.cjb.net\/\" target=\"blank\" rel=\"noopener noreferrer\">Festifreak<\/a> (marat\u00f3n de cine psicotr\u00f3nico) que program\u00f3 <b>Jes\u00fas Palacios<\/b> (qu\u00e9 pena me di\u00f3 perd\u00e9rmelo) con <b>Borja Crespo<\/b>. Me hizo un regalo precioso envuelto en un papel chino de elegancia y estilo.<\/p>\n<p><center><\/center>(\u00abThe Summer of Love\u00bb, de <b>Debbie Drechsler<\/b>. Ver <a href=\"http:\/\/www.debdrex.com\/\" target=\"blank\" rel=\"noopener noreferrer\">aqu\u00ed<\/a> y <a href=\"http:\/\/www.drawnandquarterly.com\/artStudio.php?artist=a3dff7dd53347b\" target=\"blank\" rel=\"noopener noreferrer\">aqu\u00ed<\/a>). Tumbitas estuvieron de miedo (l\u00f3gicamente), con una bater\u00eda cantante que habr\u00eda hecho desmayar a m\u00e1s de uno que conozco. Despu\u00e9s fuimos al Z\u00e9, donde tomamos algo con <b>Murky, Eva, Alejo Alberdi<\/b> y una chica m\u00e1s. Despu\u00e9s llegaron <b>Maxi y Sara<\/b>. Los primeros, guiados un poco por el impulso de Alejo (creo) hab\u00edan estado escribiendo un cuento sobre cinco trozos de papel m\u00e1s dos para la sinopsis. Al leerla comprend\u00edas mejor los psicotr\u00f3nicos (ah\u00ed tambi\u00e9n hab\u00eda) di\u00e1logos de la narraci\u00f3n en cinco hojas en la que todas las palabras de cada una de ellas deb\u00edan estar escritas con la misma vocal. En la \u00faltima, la de la u, la frase estrella del gui\u00f3n era: <i>\u00ab\u00bfVud\u00fa? \u00a1Yuyu!\u00bb<\/i><\/p>\n<p><center>xxx\u00a0 <b>(V\u00eda Sly Terr\u00f3n, \u00a1gracias!)<\/b> xxx<\/center>Lo siento, m\u00ednima e \u00edntima audiencia, hoy no hay <a href=\"http:\/\/www.autoreversediscos.com\/thelastdance\/archives\/001073.html\">El \u00daltimo Baile<\/a> en Radio Carcoma. (O si lo hay, ser\u00e1 una re emisi\u00f3n). He puesto <a href=\"http:\/\/www.autoreversediscos.com\/thelastdance\/archives\/001073.html\">aqu\u00ed<\/a> el playlist de la semana pasada.<\/p>\n","protected":false},"excerpt":{"rendered":"<p>El nicho en el cementerio de Carabanchel del GEO que muri\u00f3 en Legan\u00e9s en la operaci\u00f3n de cercado de los terroristas del 11-M, Francisco Javier Torronteras (le van a dedicar una calle), ha sido profanado para realizar un extra\u00f1o y macabro ritual; ya s\u00e9 que este es un tema que encajar\u00eda mejor en El Mar [&hellip;]<\/p>\n","protected":false},"author":1,"featured_media":0,"comment_status":"open","ping_status":"open","sticky":false,"template":"","format":"standard","meta":{"footnotes":""},"categories":[],"tags":[],"class_list":["post-283","post","type-post","status-publish","format-standard","hentry"],"_links":{"self":[{"href":"http:\/\/www.elenacabrera.com\/weblog3\/wp-json\/wp\/v2\/posts\/283","targetHints":{"allow":["GET"]}}],"collection":[{"href":"http:\/\/www.elenacabrera.com\/weblog3\/wp-json\/wp\/v2\/posts"}],"about":[{"href":"http:\/\/www.elenacabrera.com\/weblog3\/wp-json\/wp\/v2\/types\/post"}],"author":[{"embeddable":true,"href":"http:\/\/www.elenacabrera.com\/weblog3\/wp-json\/wp\/v2\/users\/1"}],"replies":[{"embeddable":true,"href":"http:\/\/www.elenacabrera.com\/weblog3\/wp-json\/wp\/v2\/comments?post=283"}],"version-history":[{"count":1,"href":"http:\/\/www.elenacabrera.com\/weblog3\/wp-json\/wp\/v2\/posts\/283\/revisions"}],"predecessor-version":[{"id":2002002551,"href":"http:\/\/www.elenacabrera.com\/weblog3\/wp-json\/wp\/v2\/posts\/283\/revisions\/2002002551"}],"wp:attachment":[{"href":"http:\/\/www.elenacabrera.com\/weblog3\/wp-json\/wp\/v2\/media?parent=283"}],"wp:term":[{"taxonomy":"category","embeddable":true,"href":"http:\/\/www.elenacabrera.com\/weblog3\/wp-json\/wp\/v2\/categories?post=283"},{"taxonomy":"post_tag","embeddable":true,"href":"http:\/\/www.elenacabrera.com\/weblog3\/wp-json\/wp\/v2\/tags?post=283"}],"curies":[{"name":"wp","href":"https:\/\/api.w.org\/{rel}","templated":true}]}}