{"id":285,"date":"2004-04-22T11:12:51","date_gmt":"2004-04-22T10:12:51","guid":{"rendered":""},"modified":"2019-05-23T01:51:34","modified_gmt":"2019-05-22T23:51:34","slug":"ser-el-segundo","status":"publish","type":"post","link":"http:\/\/www.elenacabrera.com\/weblog3\/2004\/04\/22\/ser-el-segundo\/","title":{"rendered":"Ser el segundo y no ser un ladr\u00f3n"},"content":{"rendered":"<p>Entrevistadora: <b>\u00bfLe pregunto si se presenta a las pr\u00f3ximas elecciones o se pregunta usted lo que quiera?<\/b> Entrevistado: <i>No, no. Yo, como las jefaturas ya las he probado, soy una persona que quiere vivir la vida tranquilamente, con intensidad, pero con tranquilidad. No quiero ser director de nada, ni quiero presentarme a unas elecciones. No me gusta ese tipo de sobrecargas. Aspiro a tener la posibilidad de hacer m\u00e1s lo que quiero y menos lo que debo. De momento tengo 42 a\u00f1os y hasta ahora ha mandado el deber por encima del querer. Tengo la suerte de trabajar en algo que me llena, pero deseo hacer m\u00e1s lo que quiero. Me encantar\u00eda firmar un contrato que me obligase a trabajar nueve meses y descansar tres.<\/i> <a href=\"http:\/\/www.lavozdegalicia.es\/entrevistas\/noticia.jsp?TEXTO=100000038001\" target=\"blank\" rel=\"noopener noreferrer\">En La Voz de Galicia, el 22 de abril de 2004.<\/a> Esta ma\u00f1ana hay un periodista en Washington que tiene que tomar una decisi\u00f3n vinculada no s\u00f3lo a su carrera sino tambi\u00e9n a las ilusiones de su esposa, con la que comparte trabajo y profesi\u00f3n: <i>\u00abLo que pasa es que el mercado pocas veces os ofrece a vosotras puestos de trabajo tan atractivos, pero una propuesta como esa era muy dif\u00edcil de rechazar. Televisi\u00f3n Espa\u00f1ola ofreci\u00f3 a <b>Sagrario Ruiz de Apodaca<\/b>, que es mi mujer, la corresponsal\u00eda en Washington y ella, desbordada porque no ha hecho nunca internacional y porque le parece que le va muy grande, dice, pues no lo s\u00e9, pero en todo caso si aceptara tendr\u00eda que irme con toda mi familia, y en la tele le dicen, pues muy bien, que se vaya Lorenzo tambi\u00e9n, de segundo corresponsal. Entonces ella es la titular y yo el segundo.\u00bb<\/i> El entrevistado es <b>Lorenzo Mil\u00e1<\/b>, el hombre elegido por <b>Carmen Caffarel<\/b> para dirigir los Informativos de TVE. Su jornada de reflexi\u00f3n expira hoy por la ma\u00f1ana. Si acepta, el que era su compa\u00f1ero y hoy director de La 2 Noticias, <b>Fran Llorente<\/b>, ser\u00eda su segundo.<\/p>\n<p><center>&#8212;<\/center>Leo en el blog de Carlos Sues, en el post <a href=\"http:\/\/www.filmica.com\/carlosues\/archivos\/000375.html\" target=\"blank\" rel=\"noopener noreferrer\">\u00a1\u00a1\u00a1Vuelven las Serpientes!!!<\/a> una carta en 9 puntos, v\u00eda <a href=\"http:\/\/antisgae.internautas.org\/\" target=\"blank\" rel=\"noopener noreferrer\">putasgae<\/a>, de un empresario hostelero dirigida a la SGAE. Es muy buena por el fervor y la indignaci\u00f3n con que la escribe. Por ejemplo, el punto 6: <i>6.- Imaginen Uds. un caso hipot\u00e9tico. La hosteler\u00eda registra sus derechos de nombres tales como BAR, CAFE, HOTEL, RESTAURANTE,&#8230; y les indica a los autores y editores, que tienen que pagar un canon por poder incluir en las letras de sus canciones dichas palabras o im\u00e1genes en sus videos musicales. Les parece raro y absurdo \u00bfverdad?. Pues ese mismo sentimiento es el que tengo yo, cuando me dicen que les tengo que pagar. Verdaderamente indignante.<\/i> Y se despide recordando que \u00e9l usar\u00e1 con ellos su derecho de admisi\u00f3n: <i>9.- Con lo que ruego me remitan informaci\u00f3n relativa al contrato que tengo que formalizar con Uds. as\u00ed como copia de la dichosa Ley que me obliga a pagar, donde venga expresada expl\u00edcitamente esa obligaci\u00f3n. Y ruego que sea por correo, ya que como propietario de mi local, tengo reservado el derecho de admisi\u00f3n y con fecha de hoy quedan declaradas personas \u201cnon gratas\u201d y no ser\u00e1n atendidas. (Supongo que ese derecho dentro de mi establecimiento no lo tendr\u00e1n tambi\u00e9n adquirido, por que entonces ya seria el acabose). Con la esperanza de no saber nada m\u00e1s de Uds. Adi\u00f3s. <\/i> Me escandalizo (por el contenido y por no haberme enterado) al leer que la SGAE ha aprobado dos nuevos c\u00e1nones. Sigo citando a Carlos: <i>Soy consciente de la posici\u00f3n del PSOE en el tema de la SGAE por cuanto conlleva de \u00abprotecci\u00f3n cultural\u00bb, pero tambien lo soy del enga\u00f1o en que est\u00e1 sumido ahora mismo este gobierno, la SGAE Sr. Zapatero, se ha aprovechado del desconcierto provocado por los acontecimientos del 11-M de las siguientes elecciones y del periodo de desgobierno producido por la temporalidad del gobierno saliente para aplicarnos 2 nuevos c\u00e1nones con alevos\u00eda y premeditaci\u00f3n. Uno sobre los esc\u00e1neres dom\u00e9sticos, ya ve UD. ahora en lugar de escanear facturas, documentos propios y demas cosas de guardar escanear\u00e9 los libros de Harry Potter para compensar ese canon. El 2\u00ba sobre las tarjetas de memoria Flash, si,esa que usan 2 modelos de reproductor de MP3 pero que utilizan TODAS las c\u00e1maras de fotografias digitales, \u00bfse da cuenta Sr. Zapatero ( o quien corresponda) de que estamos pagando a la SGAE por las fotos que hacemos a nuestros hijos?\u00bfse da perfecta cuenta de que el vago de Ramonc\u00edn,que no entona ni en la ducha y que lo \u00fanico que compone es la postura en el sofa,cobrar\u00e1 por las fotos oficiales y de toda la sociedad espa\u00f1ola?<\/i><\/p>\n<p><center><a href=\"http:\/\/www.sgae.es\" target=\"blank\" rel=\"noopener noreferrer\">Ladrones<\/a> \u00bfPor qu\u00e9 <a href=\"http:\/\/www.sgae.es\" target=\"blank\" rel=\"noopener noreferrer\">\u00abLadrones\u00bb<\/a>?: <a href=\"http:\/\/antisgae.internautas.org\/cgi-antisgae\/newspro\/viewnews.cgi?newsid1082474332,64559,\" target=\"blank\" rel=\"noopener noreferrer\">\u00a1\u00a1Google Bombing!!<\/a> &#8212;<\/center>Por si no me causa suficiente enojo borrar cada d\u00eda tres o cuatro comentarios de spam con enlaces a alargamientos de pene u ofertas de Viagra, hoy me ha llegado por email algo nuevo. Un correo desde la supuesta direcci\u00f3n news@bbc.com que dice lo siguiente: <i>Hey, Just got this from CNN, Osama Bin Laden has been captured! Goto the link below to view the pics and to download the video if you so wish: [elimino el enlace] \u00abMurderous coward he is\u00bb. God bless America! <\/i> No me lo creo, claro, pero lo primero que hago es mirar la web de cnn.com. Despu\u00e9s rastreo el nombre que aparece como remitente: nada. Despu\u00e9s la cuenta mencionada: poca cosa. Y por \u00faltimo, pensando en amenazas de nuevos virus que puedan activarse abriendo una URL (\u00bfpor qu\u00e9 no?), injerto el enlace (n\u00fameros) y, tach\u00e1n, ah\u00ed lo tenemos: <i>Limited performance? Inability to sustain erection?<\/i>. Ya sab\u00e9is cu\u00e1l es la receta. Esta publicidad ya no s\u00f3lo me indigna. Me ofende. Me cabrea.<\/p>\n","protected":false},"excerpt":{"rendered":"<p>Entrevistadora: \u00bfLe pregunto si se presenta a las pr\u00f3ximas elecciones o se pregunta usted lo que quiera? Entrevistado: No, no. Yo, como las jefaturas ya las he probado, soy una persona que quiere vivir la vida tranquilamente, con intensidad, pero con tranquilidad. No quiero ser director de nada, ni quiero presentarme a unas elecciones. No [&hellip;]<\/p>\n","protected":false},"author":1,"featured_media":0,"comment_status":"open","ping_status":"open","sticky":false,"template":"","format":"standard","meta":{"footnotes":""},"categories":[2],"tags":[],"class_list":["post-285","post","type-post","status-publish","format-standard","hentry","category-twentytwentyfive"],"_links":{"self":[{"href":"http:\/\/www.elenacabrera.com\/weblog3\/wp-json\/wp\/v2\/posts\/285","targetHints":{"allow":["GET"]}}],"collection":[{"href":"http:\/\/www.elenacabrera.com\/weblog3\/wp-json\/wp\/v2\/posts"}],"about":[{"href":"http:\/\/www.elenacabrera.com\/weblog3\/wp-json\/wp\/v2\/types\/post"}],"author":[{"embeddable":true,"href":"http:\/\/www.elenacabrera.com\/weblog3\/wp-json\/wp\/v2\/users\/1"}],"replies":[{"embeddable":true,"href":"http:\/\/www.elenacabrera.com\/weblog3\/wp-json\/wp\/v2\/comments?post=285"}],"version-history":[{"count":1,"href":"http:\/\/www.elenacabrera.com\/weblog3\/wp-json\/wp\/v2\/posts\/285\/revisions"}],"predecessor-version":[{"id":2002002548,"href":"http:\/\/www.elenacabrera.com\/weblog3\/wp-json\/wp\/v2\/posts\/285\/revisions\/2002002548"}],"wp:attachment":[{"href":"http:\/\/www.elenacabrera.com\/weblog3\/wp-json\/wp\/v2\/media?parent=285"}],"wp:term":[{"taxonomy":"category","embeddable":true,"href":"http:\/\/www.elenacabrera.com\/weblog3\/wp-json\/wp\/v2\/categories?post=285"},{"taxonomy":"post_tag","embeddable":true,"href":"http:\/\/www.elenacabrera.com\/weblog3\/wp-json\/wp\/v2\/tags?post=285"}],"curies":[{"name":"wp","href":"https:\/\/api.w.org\/{rel}","templated":true}]}}