{"id":287,"date":"2004-04-24T22:44:23","date_gmt":"2004-04-24T21:44:23","guid":{"rendered":""},"modified":"2019-05-23T01:47:52","modified_gmt":"2019-05-22T23:47:52","slug":"contradicciones-intrinsecas","status":"publish","type":"post","link":"http:\/\/www.elenacabrera.com\/weblog3\/2004\/04\/24\/contradicciones-intrinsecas\/","title":{"rendered":"Contradicciones intr\u00ednsecas"},"content":{"rendered":"<p>Con al menos dos personas he mencionado el los \u00faltimos d\u00edas este mismo tema, sin recordar en ning\u00fan caso cu\u00e1l es el t\u00e9rmino t\u00e9cnico -o el concepto filos\u00f3fico- para este tipo de paradoja. Leo hoy una <a href=\"http:\/\/www.abc.es\/abc\/pg040424\/prensa\/noticias\/Espectaculos\/Musica\/200404\/24\/NAC-ESP-102.asp\" target=\"blank\" rel=\"noopener noreferrer\">entrevista a Fangoria en ABC<\/a>:<\/p>\n<p><i>&#8211;<b>\u00bfEl t\u00edtulo de \u00abArquitectura ef\u00edmera\u00bb es simplemente porque sonaba bien o po\u00e9tico?<\/b><\/i><\/p>\n<p><i> -Alaska: Porque las dos palabras implican una contradicci\u00f3n. <\/i><\/p>\n<p><i>-Nacho: Van muy bien juntas esas palabras, y adem\u00e1s es como una reflexi\u00f3n sobre la fama. \u00abNaturaleza muerta\u00bb -t\u00edtulo de su anterior \u00e1lbum- ven\u00eda a expresar lo falso de lo natural referido a los famosos, que cuanto m\u00e1s de natural van, m\u00e1s falsa es su imagen. \u00abArquitectura ef\u00edmera\u00bb quiere decir que cuanto m\u00e1s r\u00edgido y mejor costruido est\u00e1 algo, m\u00e1s ef\u00edmero es, me temo. Excepto las pir\u00e1mides de Egipto, que est\u00e1n muy bien hechas. Pero es cuesti\u00f3n de tiempo que alg\u00fan integrista ponga una bomba en las pir\u00e1mides. Bueno, mejor cambiar de tema porque es darles ideas.<\/i><\/p>\n<p>Propiedad intelectual, inteligencia artificial, libre mercado, Virgen Mar\u00eda Madre de Dios&#8230; son esos t\u00e9rminos que a priori parecen contradictorios en s\u00ed mismos. Este post es m\u00e1s una b\u00fasqueda que un encuentro. Perdonadme. Hoy no hay hallazgos, s\u00f3lo preguntas. Es curioso. Se me ocurre buscar en Google la palabra \u00abcontradicciones\u00bb y me sorprende c\u00f3mo la gran mayor\u00eda de resultados son enlaces a webs cristianas. En una dicen \u00abno pretendemos abrir ning\u00fan debate, s\u00f3lo mostrar que muchas denominadas contradicciones no son tales\u00bb. Habla, claro, de las escrituras. Me ha dado risitas: es un poco \u00abten fe y mejor no pienses en qu\u00e9\u00bb.<\/p>\n<p>Por otro lado, el t\u00e9rmino \u00abcontradicci\u00f3n\u00bb nos refiere a Mao Tse-tung quien, en su libro <a href=\"http:\/\/www.marx2mao.org\/M2M(SP)\/Mao(SP)\/OC37s.html\" target=\"blank\" rel=\"noopener noreferrer\">\u00abDe la contradicci\u00f3n\u00bb<\/a> escribi\u00f3: <i>La ley de la contradicci\u00f3n en las cosas, es decir, la ley de la unidad de los contrarios, es la ley m\u00e1s fundamental de la dial\u00e9ctica materialista. Lenin dijo: \u00abLa dial\u00e9ctica, en sentido estricto, es el estudio de la contradicci\u00f3n en la esencia misma de los objetos [ . . . ]\u00bb<\/i> y <i>hasta el movimiento mec\u00e1nico, impulsado por una fuerza externa, tiene lugar tambi\u00e9n a trav\u00e9s del car\u00e1cter contradictorio interno de las cosas. El simple crecimiento de las plantas y los animales, su desarrollo cuantitativo, tambi\u00e9n se debe principalmente a sus contradicciones internas.<\/i><\/p>\n<p>Busco un orden que deshaga las contradicciones, como cuando ayudaba a mi madre a desenredar la lana para convertirla en madeja. (\u00bfNo lo hemos hecho todas las ni\u00f1as? Y qu\u00e9 largo se hac\u00eda \u00bfverdad? Hab\u00eda que sostener los brazos estirados, que se cansaban, y la mam\u00e1 siempre en cambio con la parte divertida del trabajo, la de enrollar y hacer grande la pelotita).<\/p>\n<p><a href=\"http:\/\/www.quiroga.net\" target=\"blank\" rel=\"noopener noreferrer\">Quiroga<\/a>, siempre dispuesto a que recuperemos la fe en nosotros mismos, nos ayuda con lo siguiente: <i><b>\u00c1ries<\/b>: Do jeito que anda o mundo, seria imposs\u00edvel manter tudo em ordem. O problema do mundo n\u00e3o acontece l\u00e1 longe, pois \u00e9 comum a toda nossa humanidade, e quem faz parte dela, tamb\u00e9m participa de seus problemas e felicidades.<\/i><\/p>\n","protected":false},"excerpt":{"rendered":"<p>Con al menos dos personas he mencionado el los \u00faltimos d\u00edas este mismo tema, sin recordar en ning\u00fan caso cu\u00e1l es el t\u00e9rmino t\u00e9cnico -o el concepto filos\u00f3fico- para este tipo de paradoja. Leo hoy una entrevista a Fangoria en ABC: &#8211;\u00bfEl t\u00edtulo de \u00abArquitectura ef\u00edmera\u00bb es simplemente porque sonaba bien o po\u00e9tico? -Alaska: Porque [&hellip;]<\/p>\n","protected":false},"author":1,"featured_media":0,"comment_status":"open","ping_status":"open","sticky":false,"template":"","format":"standard","meta":{"footnotes":""},"categories":[],"tags":[],"class_list":["post-287","post","type-post","status-publish","format-standard","hentry"],"_links":{"self":[{"href":"http:\/\/www.elenacabrera.com\/weblog3\/wp-json\/wp\/v2\/posts\/287","targetHints":{"allow":["GET"]}}],"collection":[{"href":"http:\/\/www.elenacabrera.com\/weblog3\/wp-json\/wp\/v2\/posts"}],"about":[{"href":"http:\/\/www.elenacabrera.com\/weblog3\/wp-json\/wp\/v2\/types\/post"}],"author":[{"embeddable":true,"href":"http:\/\/www.elenacabrera.com\/weblog3\/wp-json\/wp\/v2\/users\/1"}],"replies":[{"embeddable":true,"href":"http:\/\/www.elenacabrera.com\/weblog3\/wp-json\/wp\/v2\/comments?post=287"}],"version-history":[{"count":1,"href":"http:\/\/www.elenacabrera.com\/weblog3\/wp-json\/wp\/v2\/posts\/287\/revisions"}],"predecessor-version":[{"id":2002002546,"href":"http:\/\/www.elenacabrera.com\/weblog3\/wp-json\/wp\/v2\/posts\/287\/revisions\/2002002546"}],"wp:attachment":[{"href":"http:\/\/www.elenacabrera.com\/weblog3\/wp-json\/wp\/v2\/media?parent=287"}],"wp:term":[{"taxonomy":"category","embeddable":true,"href":"http:\/\/www.elenacabrera.com\/weblog3\/wp-json\/wp\/v2\/categories?post=287"},{"taxonomy":"post_tag","embeddable":true,"href":"http:\/\/www.elenacabrera.com\/weblog3\/wp-json\/wp\/v2\/tags?post=287"}],"curies":[{"name":"wp","href":"https:\/\/api.w.org\/{rel}","templated":true}]}}