{"id":293,"date":"2004-05-08T01:20:44","date_gmt":"2004-05-08T00:20:44","guid":{"rendered":""},"modified":"-0001-11-30T00:00:00","modified_gmt":"-0001-11-29T22:00:00","slug":"post_name","status":"publish","type":"post","link":"http:\/\/www.elenacabrera.com\/weblog3\/2004\/05\/08\/post_name\/","title":{"rendered":"La muerte no importa, s\u00f3lo es un tr\u00e1nsito"},"content":{"rendered":"<p>\tUn d\u00eda duro. Voy a escribir medio en piloto autom\u00e1tico, ya que deber\u00eda estar durmiendo. De hecho, es posible que gran parte de mi cerebro ya lo est\u00e9 haciendo. Me levant\u00e9 temprano y acumul\u00e9 muy poco score en el indicador fuel\/horas de sue\u00f1o. El t\u00edtulo de este post remite al Se\u00f1or Eusebi, protagonista del excelente corto documental <a href=\"http:\/\/www.untaleusebi.com\/\" target=\"blank\">\u00abUn tal Eusebi\u00bb<\/a> realizado por Iban del Campo, y programado hoy dentro del festival <a href=\"http:\/\/www.documentamadrid.com\" target=\"blank\"> Documenta Madrid<\/a> que ha comenzado hoy. No os asust\u00e9is: lo repiten una vez m\u00e1s el domingo 9 a las 20 h. en la sala 9 del cine Princesa. Una de las sabias sentencias de Eusebi que m\u00e1s me han impresionado la dicta el hombre cuando le preguntan qu\u00e9 cree que pasar\u00e1 tras su muerte y \u00e9l contesta, aproximadamente: podr\u00e9 convertirme en un grano de arena, o en un bar lleno de gente. No s\u00f3lo me impresion\u00f3 porque s\u00ed. Pese a que hablara de otras cosas, no he podido dejar de pensar en <a href=\"http:\/\/www.eureka-music.com\/bocamuerta\/index.htm\" target=\"blank\">Miguel Bocamuerta<\/a> (uno de los artistas del sello de nuestro amigo Fernando Vacas, <a href=\"http:\/\/www.eureka-music.com\" target=\"blank\">Eureka<\/a>) desde que supe a media tarde que se suicid\u00f3, ahorc\u00e1ndose, ayer, en Barcelona. Todas las im\u00e1genes que conservo de \u00e9l, que son pocas pero recientes, se me agolpan en los ojos una y otra vez: su concierto en el Moby Dick el 9 de octubre; sus exagerados morreos y magreos con una chica al t\u00e9rmino de su actuaci\u00f3n; \u00e9l dormido en los asientos de La Mode, en C\u00f3rdoba, mientras Aldo pinchaba, tras el concierto de Grupo Salvaje (y la foto que Ana le sac\u00f3 mientras cabeceaba, en la que salimos Mamen y yo); su presencia en una comida en C\u00f3rdoba, ese mismo d\u00eda, y el \u00fanico momento en el que cruzamos una mirada. Pablo Su\u00e1rez \u00bb Marta Luis (Muzikalia): <i>\u00abMiguel Bocamuerta hace canci\u00f3n de autor y parece el primo bastardo y del sur de Albert Pla\u00bb<\/i>. Eureka: <i>\u00abBocamuerta es el hombre que hace los mejores ripios en Espa\u00f1a ahora que Sabina se dedica a la poes\u00eda. Sencillamente, todo un reservoir dog.\u00bb<\/i>. <center><i>Jo no tinc por de la mort, es un trasp\u00e1s.<\/i> <b>Eusebio<\/b> &#8212;<\/center> Por ocupar mi mente en otra cosa: yo quer\u00eda estar hoy en Barcelona (s\u00ed, en Barcelona). Mi informador de excepci\u00f3n me sopla v\u00eda sms los <a href=\"http:\/\/www.ficomic.com\/saloncomic2004\/premiados.html\" target=\"blank\">premios del Sal\u00f3 del C\u00f2mic<\/a> que acaban de concederse hace un par de horas. No lo puedo comprobar pero para m\u00ed que lo han colgado en la web antes de anunciarlo. TOS otra vez no se ha llevado el premio a la mejor revista, que ha reca\u00eddo en los quejicas de El V\u00edbora. Ferm\u00edn Solis es el autor revelaci\u00f3n y Antoine de las Tormentas de Luis Dur\u00e1n se lleva el mejor gui\u00f3n. Dos acontecimientos que me ponen muy contenta. Y \u00a1ah! siendo Barrio Lejano de Jiro Taniguchi la ganadora del premio a la mejor obra extranjera publicada en Espa\u00f1a, creo que ya tengo tema del mes para mi secci\u00f3n de c\u00f3mic asi\u00e1tico en el programa Oriente es Oriente. Yo tambi\u00e9n quer\u00eda compartir el <i>vicio com\u00fan<\/i>, que dice <a href=\"http:\/\/www.lacarceldepapel.com\/index.php?m=200405#90576090\" target=\"blank\">\u00c1lvaro Pons<\/a>.\t<\/p>\n","protected":false},"excerpt":{"rendered":"<p>Un d\u00eda duro. Voy a escribir medio en piloto autom\u00e1tico, ya que deber\u00eda estar durmiendo. De hecho, es posible que gran parte de mi cerebro ya lo est\u00e9 haciendo. Me levant\u00e9 temprano y acumul\u00e9 muy poco score en el indicador fuel\/horas de sue\u00f1o. El t\u00edtulo de este post remite al Se\u00f1or Eusebi, protagonista del excelente [&hellip;]<\/p>\n","protected":false},"author":1,"featured_media":0,"comment_status":"open","ping_status":"open","sticky":false,"template":"","format":"standard","meta":{"footnotes":""},"categories":[],"tags":[],"class_list":["post-293","post","type-post","status-publish","format-standard","hentry"],"_links":{"self":[{"href":"http:\/\/www.elenacabrera.com\/weblog3\/wp-json\/wp\/v2\/posts\/293","targetHints":{"allow":["GET"]}}],"collection":[{"href":"http:\/\/www.elenacabrera.com\/weblog3\/wp-json\/wp\/v2\/posts"}],"about":[{"href":"http:\/\/www.elenacabrera.com\/weblog3\/wp-json\/wp\/v2\/types\/post"}],"author":[{"embeddable":true,"href":"http:\/\/www.elenacabrera.com\/weblog3\/wp-json\/wp\/v2\/users\/1"}],"replies":[{"embeddable":true,"href":"http:\/\/www.elenacabrera.com\/weblog3\/wp-json\/wp\/v2\/comments?post=293"}],"version-history":[{"count":0,"href":"http:\/\/www.elenacabrera.com\/weblog3\/wp-json\/wp\/v2\/posts\/293\/revisions"}],"wp:attachment":[{"href":"http:\/\/www.elenacabrera.com\/weblog3\/wp-json\/wp\/v2\/media?parent=293"}],"wp:term":[{"taxonomy":"category","embeddable":true,"href":"http:\/\/www.elenacabrera.com\/weblog3\/wp-json\/wp\/v2\/categories?post=293"},{"taxonomy":"post_tag","embeddable":true,"href":"http:\/\/www.elenacabrera.com\/weblog3\/wp-json\/wp\/v2\/tags?post=293"}],"curies":[{"name":"wp","href":"https:\/\/api.w.org\/{rel}","templated":true}]}}