{"id":310,"date":"2004-06-17T11:42:51","date_gmt":"2004-06-17T10:42:51","guid":{"rendered":""},"modified":"-0001-11-30T00:00:00","modified_gmt":"-0001-11-29T22:00:00","slug":"post_name","status":"publish","type":"post","link":"http:\/\/www.elenacabrera.com\/weblog3\/2004\/06\/17\/post_name\/","title":{"rendered":"Festival Internacional de&#8230;"},"content":{"rendered":"<p>\tPens? que se trataba de un debate local. Tan benicense-castellonense que ni siquiera ten?a repercusi?n en la oficina del FIB o en medios nacionales, aunque la prensa provincial lleva ceb?ndose con esta serpiente de verano al menos un par de semanas. La sorpresa me lleg\u00f3 el martes pasado cuando Alberto, mi fisio, me dijo \u00abhe o\u00eddo que se va a terminar el Festival de Benic?ssim\u00bb. Y yo: ?eeeh? Supuse que este tema habr?a llegado a sus oidos un tanto tergiversado pero le asegur? que el FI no pod\u00eda acabarse, aunque s\u00ed quiz\u00e1s el FIB. Esta ma?ana he rematado mi preocupaci?n al comprobar que <a href=\"http:\/\/www.europapress.es\/europa2003\/noticia.aspx?cod=20040616190135\"tabID=1\"ch=66\" target=\"blank\">Europa Press ha lanzado ayer una nota<\/a>, y ya sabemos lo que eso significa: <i><b>El PP se?ala que el FIB puede desaparecer por \u00abel escaso apoyo\u00bb que el gobierno municipal le presta<\/b> CASTELLON, 16 Jun. (EUROPA PRESS) &#8211; El portavoz del PP en el Ayuntamiento de Benic?ssim, Manuel Gual, critic? hoy en rueda de prensa la gesti?n que ha llevado a cabo el equipo de Gobierno sobre el Festival Internacional de Benic?ssim (FIB), al considerar que \u00abmaneja de manera negativa los resortes que son necesarios para una buena organizaci?n de este evento\u00bb. \u00abSi se contin?a en esta l?nea, planea la idea de la posible desaparici?n del festival por el escaso apoyo que el equipo de gobierno le presta\u00bb, advirti?. Al respecto, se?al? que \u00abda pena ver como se encuentra en estos momentos la zona de acampada y el recinto a falta de poco tiempo para la celebraci?n del FIB en comparaci?n con ediciones anteriores\u00bb. Por su parte, el presidente del PP de Benic?ssim, Miguel Llorens, inst? al Gobierno a aclarar \u00absi apuestan de manera decidida o no por la consolidaci?n del FIB\u00bb y, si es as?, pidi? que pongan los medios necesarios, \u00abpuesto que nosotros s? que apostamos por el festival\u00bb.<\/i> Y m?s: <b>El FIB amenaza con un traslado a otro municipio<\/b>: <a href=\"http:\/\/www.elperiodicomediterraneo.com\/noticias\/noticia.asp?pkid=109640\" target=\"blank\">Peri?dico Mediterr?neo<\/a>. <b>El FIB amenaza con irse de Benicassim si el Ayuntamiento no ayuda&#8230;<\/b> <a href=\"http:\/\/www.panorama-actual.es\/noticias\/not139942.htm\" target=\"blank\">Panorama Actual<\/a>. <b>\u00abEl Partido Popular de Benic?ssim est? politizando el tema del FIB\u00bb dice Dolors L?pez, la portavoz del PSOE en Benic?ssim.<\/b> <a href=\"http:\/\/www.elperiodicomediterraneo.com\/noticias\/noticia.asp?pkid=111155\" target=\"blank\">Peri?dico Mediterr?neo<\/a> (18\/06\/04)\t<\/p>\n","protected":false},"excerpt":{"rendered":"<p>Pens? que se trataba de un debate local. Tan benicense-castellonense que ni siquiera ten?a repercusi?n en la oficina del FIB o en medios nacionales, aunque la prensa provincial lleva ceb?ndose con esta serpiente de verano al menos un par de semanas. La sorpresa me lleg\u00f3 el martes pasado cuando Alberto, mi fisio, me dijo \u00abhe [&hellip;]<\/p>\n","protected":false},"author":1,"featured_media":0,"comment_status":"open","ping_status":"open","sticky":false,"template":"","format":"standard","meta":{"footnotes":""},"categories":[],"tags":[],"class_list":["post-310","post","type-post","status-publish","format-standard","hentry"],"_links":{"self":[{"href":"http:\/\/www.elenacabrera.com\/weblog3\/wp-json\/wp\/v2\/posts\/310","targetHints":{"allow":["GET"]}}],"collection":[{"href":"http:\/\/www.elenacabrera.com\/weblog3\/wp-json\/wp\/v2\/posts"}],"about":[{"href":"http:\/\/www.elenacabrera.com\/weblog3\/wp-json\/wp\/v2\/types\/post"}],"author":[{"embeddable":true,"href":"http:\/\/www.elenacabrera.com\/weblog3\/wp-json\/wp\/v2\/users\/1"}],"replies":[{"embeddable":true,"href":"http:\/\/www.elenacabrera.com\/weblog3\/wp-json\/wp\/v2\/comments?post=310"}],"version-history":[{"count":0,"href":"http:\/\/www.elenacabrera.com\/weblog3\/wp-json\/wp\/v2\/posts\/310\/revisions"}],"wp:attachment":[{"href":"http:\/\/www.elenacabrera.com\/weblog3\/wp-json\/wp\/v2\/media?parent=310"}],"wp:term":[{"taxonomy":"category","embeddable":true,"href":"http:\/\/www.elenacabrera.com\/weblog3\/wp-json\/wp\/v2\/categories?post=310"},{"taxonomy":"post_tag","embeddable":true,"href":"http:\/\/www.elenacabrera.com\/weblog3\/wp-json\/wp\/v2\/tags?post=310"}],"curies":[{"name":"wp","href":"https:\/\/api.w.org\/{rel}","templated":true}]}}