{"id":32,"date":"2002-08-27T11:08:30","date_gmt":"2002-08-27T09:08:30","guid":{"rendered":"http:\/\/www.elenacabrera.com\/weblog\/?p=32"},"modified":"2019-05-25T20:04:13","modified_gmt":"2019-05-25T18:04:13","slug":"portugal-2","status":"publish","type":"post","link":"http:\/\/www.elenacabrera.com\/weblog3\/2002\/08\/27\/portugal-2\/","title":{"rendered":"Portugal"},"content":{"rendered":"<p>Comienzo a investigar: Bedeteca.com Y me entero de que el grupo editorial Difel acaba de comprar Edi\u00e7oes Polvo. Me gustar\u00eda que alguien me dijera si esto es bueno o malo y porqu\u00e9 ha ocurrido. Sin tener m?s datos, mis prejuicios me alertan de que es malo. Sigo: www.chilicomcarne.com (esta se parece a m?&#8230;) Y tambi?n este art?culo: http:\/\/bd.publico.pt\/noticias\/jovens_criadores_BD.htm (y, aunque tiene un poco de todo, la web de donde procede: http:\/\/bd.publico.pt\/ ) \u00abO papel da Bedeteca ? neste quadro que se justifica destacar o bom trabalho da Bedeteca de Lisboa e do seu ex-director, Jo?o Paulo Cotrim, que tem apoiado a cria??o a diversos n?veis, com a publica??o da revista \u00abQuadrado\u00bb ou com a organiza??o do pr?prio Sal?o de BD de Lisboa, por exemplo. H?, no entanto, alguma apreens?o quanto ao futuro desta entidade, dependente da C?mara Municipal da capital, face ?s mudan?as\u00bb.<\/p>\n","protected":false},"excerpt":{"rendered":"<p>Comienzo a investigar: Bedeteca.com Y me entero de que el grupo editorial Difel acaba de comprar Edi\u00e7oes Polvo. Me gustar\u00eda que alguien me dijera si esto es bueno o malo y porqu\u00e9 ha ocurrido. Sin tener m?s datos, mis prejuicios me alertan de que es malo. Sigo: www.chilicomcarne.com (esta se parece a m?&#8230;) Y tambi?n [&hellip;]<\/p>\n","protected":false},"author":1,"featured_media":0,"comment_status":"closed","ping_status":"closed","sticky":false,"template":"","format":"standard","meta":{"footnotes":""},"categories":[],"tags":[],"class_list":["post-32","post","type-post","status-publish","format-standard","hentry"],"_links":{"self":[{"href":"http:\/\/www.elenacabrera.com\/weblog3\/wp-json\/wp\/v2\/posts\/32","targetHints":{"allow":["GET"]}}],"collection":[{"href":"http:\/\/www.elenacabrera.com\/weblog3\/wp-json\/wp\/v2\/posts"}],"about":[{"href":"http:\/\/www.elenacabrera.com\/weblog3\/wp-json\/wp\/v2\/types\/post"}],"author":[{"embeddable":true,"href":"http:\/\/www.elenacabrera.com\/weblog3\/wp-json\/wp\/v2\/users\/1"}],"replies":[{"embeddable":true,"href":"http:\/\/www.elenacabrera.com\/weblog3\/wp-json\/wp\/v2\/comments?post=32"}],"version-history":[{"count":1,"href":"http:\/\/www.elenacabrera.com\/weblog3\/wp-json\/wp\/v2\/posts\/32\/revisions"}],"predecessor-version":[{"id":2002002671,"href":"http:\/\/www.elenacabrera.com\/weblog3\/wp-json\/wp\/v2\/posts\/32\/revisions\/2002002671"}],"wp:attachment":[{"href":"http:\/\/www.elenacabrera.com\/weblog3\/wp-json\/wp\/v2\/media?parent=32"}],"wp:term":[{"taxonomy":"category","embeddable":true,"href":"http:\/\/www.elenacabrera.com\/weblog3\/wp-json\/wp\/v2\/categories?post=32"},{"taxonomy":"post_tag","embeddable":true,"href":"http:\/\/www.elenacabrera.com\/weblog3\/wp-json\/wp\/v2\/tags?post=32"}],"curies":[{"name":"wp","href":"https:\/\/api.w.org\/{rel}","templated":true}]}}