{"id":324,"date":"2004-07-22T23:39:46","date_gmt":"2004-07-22T22:39:46","guid":{"rendered":""},"modified":"-0001-11-30T00:00:00","modified_gmt":"-0001-11-29T22:00:00","slug":"post_name","status":"publish","type":"post","link":"http:\/\/www.elenacabrera.com\/weblog3\/2004\/07\/22\/post_name\/","title":{"rendered":"El verano mata"},"content":{"rendered":"<p>\t<i>Fue una despedida a lo grande. Comi\u00f3 como una lima (sus tres platos de rigor, ma\u00f1ana y noche); bebi\u00f3 como un chaval (cerveza de presi\u00f3n y el vino que viniera); se ri\u00f3 como un enano con la pandilla de casi siempre (Boyero, Oti, Heredero, Bonet, Hermoso, Gonz\u00e1lez Macho y El Morita, de mozo de espadas); habl\u00f3 de poes\u00eda (escrib\u00eda en secreto y alg\u00fan d\u00eda encontraremos el escondrijo); recit\u00f3 a Rimbaud y Boudelaire; disfrut\u00f3 mirando de reojo a las mejores hembras del mundo.<\/i> Miguel Mora en El Pa\u00eds. Dec\u00eda <a href=\"http:\/\/www.carolink.tk\" target=\"blank\">Carolink<\/a> el otro d\u00eda que, en este julio nuestro que compartimos laboralmente donando sudor, sue\u00f1o y card\u00eda a la empresa, estamos desinformados. As\u00ed es, no puedo creer que hasta ahora mismo no me haya enterado de <a href=\"http:\/\/www.elpais.es\/articuloCompleto.html?xref=20040707elpepicul_5\"type=Tes\"anchor=elpporcul\" target=\"blank\">la muerte de Fern\u00e1ndez-Santos<\/a>. Yo no pens\u00e9 que este se\u00f1or se fuera a morir nunca. Cre\u00eda que su nombre en los carteles de las pel\u00edculas (\u00abun film de arrebatadora belleza\u00bb (\u00c1ngel Fern\u00e1ndez-Santos, EL PA\u00cdS), es un suponer). Pero ten\u00eda 70 a\u00f1os y un c\u00e1ncer. Se fue de aqu\u00ed en el hospital que hay en frente de mi casa, La Princesa. Y ocurri\u00f3 el d\u00eda 7 y acabo de leerlo <a href=\"http:\/\/www.diarioagorafobo.com\/\" target=\"blank\">donde Valent\u00edn<\/a>. Una vez alguien se enfad\u00f3 conmigo porque d\u00ed por sentado que este cr\u00edtico escrib\u00eda bien. Esa persona me rebati\u00f3 diciendo que alguien que se cree que \u00abescribe bien\u00bb, no escribe bien. Y,e specialmente, si Espa\u00f1a entera considera que esa persona escribe bien, entonces con mayor motivo debemos pensar que no escribe bien. Que esa no es nuestra liga. El verano nos mata a todos un poco. <center>***<\/center> Un d\u00eda despu\u00e9s, hace un rato, me tumbo en la cama para estirar la espalda y llamar al Se\u00f1or Revillo, que est\u00e1 de cumplea\u00f1os y me da la noticia que <a href=\"http:\/\/news.google.es\/news?num=30\"hl=es\"edition=es\"ie=ascii\"q=Carmina-Ord%F3%F1ez\" target=\"blank\">Carmina Ord\u00f3\u00f1ez<\/a> ha sido encontrada muerta esta ma\u00f1ana. Despu\u00e9s de colgar, record\u00e9 que fue Carlos quien me inform\u00f3 tambi\u00e9n del cuento de la periodista que se convert\u00eda en princesa. Ya lo dec\u00eda <a href=\"http:\/\/www.migala.net\/\" target=\"blank\">Migala<\/a> (<i>\u00abas\u00ed duele un verano\u00bb<\/i>) y mi madre, que se llama Carmi\u00f1a (<i>\u00aben el verano caen como moscas\u00bb<\/i>).\t<\/p>\n","protected":false},"excerpt":{"rendered":"<p>Fue una despedida a lo grande. Comi\u00f3 como una lima (sus tres platos de rigor, ma\u00f1ana y noche); bebi\u00f3 como un chaval (cerveza de presi\u00f3n y el vino que viniera); se ri\u00f3 como un enano con la pandilla de casi siempre (Boyero, Oti, Heredero, Bonet, Hermoso, Gonz\u00e1lez Macho y El Morita, de mozo de espadas); [&hellip;]<\/p>\n","protected":false},"author":1,"featured_media":0,"comment_status":"open","ping_status":"open","sticky":false,"template":"","format":"standard","meta":{"footnotes":""},"categories":[],"tags":[],"class_list":["post-324","post","type-post","status-publish","format-standard","hentry"],"_links":{"self":[{"href":"http:\/\/www.elenacabrera.com\/weblog3\/wp-json\/wp\/v2\/posts\/324","targetHints":{"allow":["GET"]}}],"collection":[{"href":"http:\/\/www.elenacabrera.com\/weblog3\/wp-json\/wp\/v2\/posts"}],"about":[{"href":"http:\/\/www.elenacabrera.com\/weblog3\/wp-json\/wp\/v2\/types\/post"}],"author":[{"embeddable":true,"href":"http:\/\/www.elenacabrera.com\/weblog3\/wp-json\/wp\/v2\/users\/1"}],"replies":[{"embeddable":true,"href":"http:\/\/www.elenacabrera.com\/weblog3\/wp-json\/wp\/v2\/comments?post=324"}],"version-history":[{"count":0,"href":"http:\/\/www.elenacabrera.com\/weblog3\/wp-json\/wp\/v2\/posts\/324\/revisions"}],"wp:attachment":[{"href":"http:\/\/www.elenacabrera.com\/weblog3\/wp-json\/wp\/v2\/media?parent=324"}],"wp:term":[{"taxonomy":"category","embeddable":true,"href":"http:\/\/www.elenacabrera.com\/weblog3\/wp-json\/wp\/v2\/categories?post=324"},{"taxonomy":"post_tag","embeddable":true,"href":"http:\/\/www.elenacabrera.com\/weblog3\/wp-json\/wp\/v2\/tags?post=324"}],"curies":[{"name":"wp","href":"https:\/\/api.w.org\/{rel}","templated":true}]}}