{"id":34,"date":"2002-08-29T02:08:10","date_gmt":"2002-08-29T02:08:10","guid":{"rendered":"http:\/\/www.elenacabrera.com\/weblog\/?p=34"},"modified":"2019-05-23T01:38:54","modified_gmt":"2019-05-22T23:38:54","slug":"transparent","status":"publish","type":"post","link":"http:\/\/www.elenacabrera.com\/weblog3\/2002\/08\/29\/transparent\/","title":{"rendered":"Transparent"},"content":{"rendered":"<p>Por fin siento que estoy de vacaciones. Escucho el disco de Coloma y dejo que se haga tarde sin preocuparme mucho de a qu\u00e9 hora me obligar\u00e1 el trasnoche a levantarme ma\u00f1ana. Mi madre entra en mi habitaci\u00f3n y pregunta: \u201c\u00bfqu\u00e9, ahora vives de noche?\u201d (parece mentira, ni que no me hubiese visto as\u00ed los \u00faltimos \u00bfdiez? a\u00f1os. Creo que piensa que desde que tengo un trabajo serio, es decir, con horario, y aunque viva fuera de casa, no me excedo tanto,\u2026 y la verdad es que tiene raz\u00f3n, pero no mucha.) Me encuentra pegada a la pantalla de mi ibook y me explica (como si nunca se lo hubiese oido decir) las inconveniencias econ\u00f3micas (b\u00e1sicamente, se gasta luz el\u00e9ctrica) del trasnochar vs madrugar. Lo que m\u00e1s me pesa es no tener tarifa plana, miro constantemente el contador de minutos de conexi\u00f3n. Vale, estoy un poco internetdependiente \u00faltimamente, pero no es culpa m\u00eda, sino del ADSL.<\/p>\n<p>Esta tarde, en el asiento de atr\u00e1s del Xantia de Alfredo, recorriendo una de mis carreteras favoritas (la que lleva a Oleiros) he bajado la ventanilla y he podido sentir, por primera vez en mucho tiempo, que el viento arrastraba cosas y me despejaba. Aunque, delante, ellos hablaban, he podido sentir un poco de silencio y calma. S\u00f3lo un poquito, lo suficiente para impulsarme a escribir, de nuevo. Fuimos a O Castro, donde est\u00e1 la f\u00e1brica de Sargadelos (un lugar que adoro) y despu\u00e9s a Sada, donde tomamos un algo en La Terraza (para quien no lo conozca, recomiendo su web: www.la-terraza.com.) Se trata del edificio (un pabell\u00f3n, en realidad) m\u00e1s emblem\u00e1tico de la ciudad, situado en el paseo mar\u00edtimo (en realidad, en la Avda. del General\u00edsimo, qu\u00e9 verg\u00fcenza), modernista, que fue trasladado en 1920 desde el Relleno, en La Coru\u00f1a, a Sada. De joven, mi madre y sus hermanas cog\u00edan el tranv\u00eda que les llevaba hasta la misma puerta de La Terraza e iban all\u00ed a bailar. Ahora, la planta baja es una cafeter\u00eda y restaurante y la de arriba, seg\u00fan dice la web, una jazz club. Tomamos caf\u00e9 mirando al mar y volvimos a la ciudad.<\/p>\n<p>Nada m\u00e1s llegar a casa he podido escribir un par de p\u00e1rrafos y dar el repaso final a mi relato sobre Praga para \u201cCiudad Compacta\u201d (he tenido una \u00faltima pr\u00f3rroga), algo a lo que no me atrev\u00eda desde hac\u00eda dos meses.<\/p>\n\n\n<p><\/p>\n","protected":false},"excerpt":{"rendered":"<p>Por fin siento que estoy de vacaciones. Escucho el disco de Coloma y dejo que se haga tarde sin preocuparme mucho de a qu\u00e9 hora me obligar\u00e1 el trasnoche a levantarme ma\u00f1ana. Mi madre entra en mi habitaci\u00f3n y pregunta: \u201c\u00bfqu\u00e9, ahora vives de noche?\u201d (parece mentira, ni que no me hubiese visto as\u00ed los [&hellip;]<\/p>\n","protected":false},"author":1,"featured_media":0,"comment_status":"closed","ping_status":"closed","sticky":false,"template":"","format":"standard","meta":{"footnotes":""},"categories":[],"tags":[],"class_list":["post-34","post","type-post","status-publish","format-standard","hentry"],"_links":{"self":[{"href":"http:\/\/www.elenacabrera.com\/weblog3\/wp-json\/wp\/v2\/posts\/34","targetHints":{"allow":["GET"]}}],"collection":[{"href":"http:\/\/www.elenacabrera.com\/weblog3\/wp-json\/wp\/v2\/posts"}],"about":[{"href":"http:\/\/www.elenacabrera.com\/weblog3\/wp-json\/wp\/v2\/types\/post"}],"author":[{"embeddable":true,"href":"http:\/\/www.elenacabrera.com\/weblog3\/wp-json\/wp\/v2\/users\/1"}],"replies":[{"embeddable":true,"href":"http:\/\/www.elenacabrera.com\/weblog3\/wp-json\/wp\/v2\/comments?post=34"}],"version-history":[{"count":1,"href":"http:\/\/www.elenacabrera.com\/weblog3\/wp-json\/wp\/v2\/posts\/34\/revisions"}],"predecessor-version":[{"id":2002002535,"href":"http:\/\/www.elenacabrera.com\/weblog3\/wp-json\/wp\/v2\/posts\/34\/revisions\/2002002535"}],"wp:attachment":[{"href":"http:\/\/www.elenacabrera.com\/weblog3\/wp-json\/wp\/v2\/media?parent=34"}],"wp:term":[{"taxonomy":"category","embeddable":true,"href":"http:\/\/www.elenacabrera.com\/weblog3\/wp-json\/wp\/v2\/categories?post=34"},{"taxonomy":"post_tag","embeddable":true,"href":"http:\/\/www.elenacabrera.com\/weblog3\/wp-json\/wp\/v2\/tags?post=34"}],"curies":[{"name":"wp","href":"https:\/\/api.w.org\/{rel}","templated":true}]}}