{"id":36,"date":"2002-09-27T09:09:02","date_gmt":"2002-09-27T08:09:02","guid":{"rendered":""},"modified":"2022-08-05T21:22:45","modified_gmt":"2022-08-05T19:22:45","slug":"arrebato","status":"publish","type":"post","link":"http:\/\/www.elenacabrera.com\/weblog3\/2002\/09\/27\/arrebato\/","title":{"rendered":"Arrebato"},"content":{"rendered":"<p>Despu\u00e9s de salir ayer de los Verdi y cuando todav\u00eda no hab\u00eda podido recuperar el habla intentaba balbucear ante Jos\u00e9 Luis (gracias gracias gracias por llevarme a ver la pel\u00edcula) que lo que hab\u00eda visto&#8230; me hab\u00eda&#8230; cambiado&#8230; tod&#8230; el me pregunt\u00f3 si me hab\u00eda cambiado la vida. Y el rumbo de ella no, eso es cierto, porque afortunadamente creo que estoy bien encaminada (aunque todo vaya tan lento), pero s\u00ed algunas cosas. Ahora estoy m\u00e1s segura, tengo muchas menos dudas. Cuando por fin pude comenzar a hablar (la gargante segu\u00eda seca y el coraz\u00f3n me palpitaba brusca y r\u00e1pidamente), no pudimos dejar de hablar de la pel\u00edcula durante \u00bfhoras?, \u00bfsiglos?, \u00bftoda una noche? Dijo Jos\u00e9 Luis \u00abnunca habla nadie de los arrebatos\u00bb y, excitada, le contest\u00f3, \u00ab\u00a1s\u00ed! \u00a1Son los huecos de los que habla Bel\u00e9n Gopegui en La Escala de los Mapas!\u00bb Se me retorci\u00f3 el coraz\u00f3n y el paladar al un\u00edsono y casi me pongo a llorar en la barra del Lizarr\u00e1n, exaltando a\u00fan m\u00e1s la emoci\u00f3n con txacol\u00edes.  Si no es la pel\u00edcula que m\u00e1s me ha gustado de las que he visto en toda mi vida, lo es casi, o lo es en cierta manera. Porque est\u00e1 muy cerca, porque es Madrid, porque ojal\u00e1 la hubiera hecho yo.<\/p>\n","protected":false},"excerpt":{"rendered":"<p>Despu\u00e9s de salir ayer de los Verdi y cuando todav\u00eda no hab\u00eda podido recuperar el habla intentaba balbucear ante Jos\u00e9 Luis (gracias gracias gracias por llevarme a ver la pel\u00edcula) que lo que hab\u00eda visto&#8230; me hab\u00eda&#8230; cambiado&#8230; tod&#8230; el me pregunt\u00f3 si me hab\u00eda cambiado la vida. Y el rumbo de ella no, eso [&hellip;]<\/p>\n","protected":false},"author":1,"featured_media":0,"comment_status":"open","ping_status":"open","sticky":false,"template":"","format":"standard","meta":{"footnotes":""},"categories":[1],"tags":[],"class_list":["post-36","post","type-post","status-publish","format-standard","hentry","category-sin-categoria"],"_links":{"self":[{"href":"http:\/\/www.elenacabrera.com\/weblog3\/wp-json\/wp\/v2\/posts\/36","targetHints":{"allow":["GET"]}}],"collection":[{"href":"http:\/\/www.elenacabrera.com\/weblog3\/wp-json\/wp\/v2\/posts"}],"about":[{"href":"http:\/\/www.elenacabrera.com\/weblog3\/wp-json\/wp\/v2\/types\/post"}],"author":[{"embeddable":true,"href":"http:\/\/www.elenacabrera.com\/weblog3\/wp-json\/wp\/v2\/users\/1"}],"replies":[{"embeddable":true,"href":"http:\/\/www.elenacabrera.com\/weblog3\/wp-json\/wp\/v2\/comments?post=36"}],"version-history":[{"count":1,"href":"http:\/\/www.elenacabrera.com\/weblog3\/wp-json\/wp\/v2\/posts\/36\/revisions"}],"predecessor-version":[{"id":2002003884,"href":"http:\/\/www.elenacabrera.com\/weblog3\/wp-json\/wp\/v2\/posts\/36\/revisions\/2002003884"}],"wp:attachment":[{"href":"http:\/\/www.elenacabrera.com\/weblog3\/wp-json\/wp\/v2\/media?parent=36"}],"wp:term":[{"taxonomy":"category","embeddable":true,"href":"http:\/\/www.elenacabrera.com\/weblog3\/wp-json\/wp\/v2\/categories?post=36"},{"taxonomy":"post_tag","embeddable":true,"href":"http:\/\/www.elenacabrera.com\/weblog3\/wp-json\/wp\/v2\/tags?post=36"}],"curies":[{"name":"wp","href":"https:\/\/api.w.org\/{rel}","templated":true}]}}