{"id":376,"date":"2004-12-20T05:05:49","date_gmt":"2004-12-20T04:05:49","guid":{"rendered":""},"modified":"-0001-11-30T00:00:00","modified_gmt":"-0001-11-29T22:00:00","slug":"post_name","status":"publish","type":"post","link":"http:\/\/www.elenacabrera.com\/weblog3\/2004\/12\/20\/post_name\/","title":{"rendered":"Migraci\u00f3n a WordPress"},"content":{"rendered":"<p>\tMe ha llevado varios d\u00edas (y los que me quedan), pero a\u00fan tengo un serio problema, y s\u00e9 que no soy la \u00fanica, no he conseguido que aparezcan las tildes en los posts importados de Movable Type, y eso que he probado todas las soluciones que he encontrado o me han recomendado: <a href=\"http:\/\/www.minid.net\/archivos\/categorias\/anuncios_de_minid\/mudanza_de_mt_a_wp.php\">Minid.net<\/a> <a href=\"http:\/\/www.bitacoras.com\/wordpress\/archivos\/plugin_que_limpia_los_titulos.php\">Plug-in para limpiar los t\u00edtulos<\/a> Cambiar la codificaci\u00f3n de caracteres, probando TODAS las posibles (al final lo he dejado en ISO-8859-15). <a href=\"http:\/\/www.bitacoras.com\/wordpress\/archivos\/tildes_en_los_titulos_permalinks_y_wp_12.php\">Introducci\u00f3n de l\u00edneas en functions-formatting.php <\/a> Ah, tambi\u00e9n me he instaldo <a href=\"http:\/\/barrapunto.com\/article.pl?sid=04\/05\/24\/1629243\">WordPress en castellano<\/a> (<a href=\"http:\/\/wiki.wordpress.org\/es_ES.po\">es_ES.mo<\/a>). \u00a1Muchas gracias a los <a href=\"http:\/\/wordpress-es.sourceforge.net\/\">desarrolladores<\/a>! Y por supuesto, he pasado HORAS borrando spam, miles de comments. Y lo que me queda. Pero, a partir de ahora, se acab\u00f3 esa tortura. Cu\u00e1nto me alegro de haberme cambiado a WP. ACTUALIZACI\u00d3N 23\/12\/04 03:14 Migraci\u00f3n completada satisfactoriamente. ACTUALIZACI\u00d3N 6\/12\/06 2:39 Cuando tengo un rato muerto cambio A MANO los wachi-wachis por las letras con acento. Una tortura. Fue imposible arreglarlo.\t<\/p>\n","protected":false},"excerpt":{"rendered":"<p>Me ha llevado varios d\u00edas (y los que me quedan), pero a\u00fan tengo un serio problema, y s\u00e9 que no soy la \u00fanica, no he conseguido que aparezcan las tildes en los posts importados de Movable Type, y eso que he probado todas las soluciones que he encontrado o me han recomendado: Minid.net Plug-in para [&hellip;]<\/p>\n","protected":false},"author":1,"featured_media":0,"comment_status":"open","ping_status":"open","sticky":false,"template":"","format":"standard","meta":{"footnotes":""},"categories":[],"tags":[],"class_list":["post-376","post","type-post","status-publish","format-standard","hentry"],"_links":{"self":[{"href":"http:\/\/www.elenacabrera.com\/weblog3\/wp-json\/wp\/v2\/posts\/376","targetHints":{"allow":["GET"]}}],"collection":[{"href":"http:\/\/www.elenacabrera.com\/weblog3\/wp-json\/wp\/v2\/posts"}],"about":[{"href":"http:\/\/www.elenacabrera.com\/weblog3\/wp-json\/wp\/v2\/types\/post"}],"author":[{"embeddable":true,"href":"http:\/\/www.elenacabrera.com\/weblog3\/wp-json\/wp\/v2\/users\/1"}],"replies":[{"embeddable":true,"href":"http:\/\/www.elenacabrera.com\/weblog3\/wp-json\/wp\/v2\/comments?post=376"}],"version-history":[{"count":0,"href":"http:\/\/www.elenacabrera.com\/weblog3\/wp-json\/wp\/v2\/posts\/376\/revisions"}],"wp:attachment":[{"href":"http:\/\/www.elenacabrera.com\/weblog3\/wp-json\/wp\/v2\/media?parent=376"}],"wp:term":[{"taxonomy":"category","embeddable":true,"href":"http:\/\/www.elenacabrera.com\/weblog3\/wp-json\/wp\/v2\/categories?post=376"},{"taxonomy":"post_tag","embeddable":true,"href":"http:\/\/www.elenacabrera.com\/weblog3\/wp-json\/wp\/v2\/tags?post=376"}],"curies":[{"name":"wp","href":"https:\/\/api.w.org\/{rel}","templated":true}]}}