{"id":393,"date":"2005-01-27T11:56:58","date_gmt":"2005-01-27T10:56:58","guid":{"rendered":""},"modified":"2021-01-14T09:16:57","modified_gmt":"2021-01-14T07:16:57","slug":"trauma-trama-43","status":"publish","type":"post","link":"http:\/\/www.elenacabrera.com\/weblog3\/2005\/01\/27\/trauma-trama-43\/","title":{"rendered":"El trauma del Trama 43"},"content":{"rendered":"<p>Trama, una revista de <i>l\u00ednea clara<\/i>, deja su n\u00famero 43 en 40 tiendas de c\u00f3mic del estado espa\u00f1ol. En este n\u00famero hemos repasado 2004 y hemos reunido todos las datos que hemos podido sobre los proyectos de las editoriales para 2005.<\/p>\n<center><\/center>\n<p>Para no complicarme mucho, aqu\u00ed os pego la parte de la nota de prensa que distribuyo cada mes, con el sumario: 2004. La juventud que se va: un impresionante resumen de 28 p\u00e1ginas donde repasamos lo que nos ha dejado el a\u00f1o 2004 en el mundo del c\u00f3mic en Espa\u00f1a, Am\u00e9rica, Europa y Asia. Apoyamos estos textos con entrevistas a Suehiro Maruo y al director de Los Incre\u00edbles, Brad Bird y art\u00edculos sobre los tebeos online, las editoriales EC y Bonelli y el importante papel de los weblogs en la comunicaci\u00f3n de la industria del c\u00f3mic en el pasado a\u00f1o. Hemos encuestado a los libreros para realizar unas listas de lo m\u00e1s vendido en el 2004, que no se parecen demasiado a las listas de lo mejor del a\u00f1o seg\u00fan los colaboradores y la redacci\u00f3n de la revista TRAMA. Doce p\u00e1ginas que recuerdan lo que no debe olvidarse, por g\u00e9neros, de lo editado en los dosce \u00faltimos meses. 2005. Para ti que eres joven: descubrimos el pastel y qui\u00e9n se va a comer cada trozo. Un adelanto con algunas noticias in\u00e9ditas de aquello que nuestras editoriales piensas lanzar al mercado durante el a\u00f1o 2005. Si quieres ganarte un lote que re\u00fane las siete mejores obras del a\u00f1o (una por g\u00e9nero), participa en la encuesta que la revista te propone en sus p\u00e1ginas. Con la colaboraci\u00f3n de las editoriales Astiberri, Norma, Planeta DeAgostini, Ponent Mon y Sins entido. En el Nudo de este TRAMA tan monogr\u00e1fico hemos entrevistado a una persona an?nima, la persona que se encarga de la secci\u00f3n de c\u00f3mics de la FNAC, Pablo Estrada, quien nos hace un interesante an\u00e1lisis sobre el tipo de personas que compran c\u00f3mic en una librer\u00eda generalista. Y a la hora del desenlace, poniendo la guinda al pastel de celebraci\u00f3n de un a\u00f1o que se va, hablamos sobre calendarios con Juan Berrio. En este n\u00famero especial no hay apenas noticias ni Previews ni rese\u00f1as aunque s\u00ed hemos mantenido la secci\u00f3n de opini\u00f3n, El Criterio, para comentar aspectos de lo que fue el 04, as\u00ed lo hacen Buddy Melero, Juaco Vizuete y Doctor Memoria. En cuanto a las noticias, s\u00f3lo las m\u00e1s destacables: el cambio de fecha y emplazamiento del Sal\u00f3 del C\u00f2mic de Barcelona, cr\u00f3nica de Expoc\u00f3mic con entrevista a Stan Sakai, cr\u00f3nica del Sal\u00f3n del C\u00f3mic de Getxo y un obituario de Will Eisner. El suplemento Astiberri, zer berri? (\u00bfQu\u00e9 hay de nuevo en Astiberri?) coloca en portada a Lewis Trondheim con motivo de la reedici?n de Mis circunstancias y entrevista a Javier de Isusi, que acaba de publicar con Astiberri La pipa de Marcos. Y, como primicia, la editorial desvela gran parte de su plan editorial para 2005. Y adem\u00e1s, las dos series que TRAMA publica en exclusiva: Studio Titanic de Sanvi y Magui dependienta de una tienda, de Manuel Bartual. Y <a href=\"http:\/\/www.astiberri.com\/trama\">la web de TRAMA<\/a> ya esta actualizada. Como suele ocurrir con los \u00faltimos n\u00fameros, p\u00e1ginas como V\u00eda News o weblogs como La c\u00e1rcel de papel comentan el nuevo n\u00famero.<\/p>\n<p><b>Actualizo 28\/01\/05: <\/b>Tambi\u00e9n en ADLO! y en Kumo no ue. Este n\u00famero ha sido, ic\u00f3nicamente, raro. Normalmente siempre pienso en la portada mientras lo ultimamos pero esta vez no es as\u00ed, y al acordarme de \u00e9l me viene a la cabeza la IMPRESIONANTE ilustraci\u00f3n de Sergio C\u00f3rdoba (tambi\u00e9n es suya la portada) para la portadilla del tema principal. La hemos usado tambi\u00e9n en una publicidad.<\/p>\n<p>Quien quiera wallpapers de Trama los encontrar\u00e1 <a href=\"http:\/\/www.astiberri.com\/trama\/\">aqu\u00ed<\/a>.<\/p>\n<p>\u00a0<\/p>\n\n\n<div class=\"wp-block-image\"><figure class=\"aligncenter size-large\"><img loading=\"lazy\" decoding=\"async\" width=\"717\" height=\"1024\" src=\"http:\/\/www.elenacabrera.com\/weblog\/wp-content\/uploads\/Trama-43-717x1024.jpg\" alt=\"\" class=\"wp-image-2002003718\" srcset=\"http:\/\/www.elenacabrera.com\/weblog3\/wp-content\/uploads\/Trama-43-717x1024.jpg 717w, http:\/\/www.elenacabrera.com\/weblog3\/wp-content\/uploads\/Trama-43-210x300.jpg 210w, http:\/\/www.elenacabrera.com\/weblog3\/wp-content\/uploads\/Trama-43-768x1097.jpg 768w, http:\/\/www.elenacabrera.com\/weblog3\/wp-content\/uploads\/Trama-43-1075x1536.jpg 1075w, http:\/\/www.elenacabrera.com\/weblog3\/wp-content\/uploads\/Trama-43.jpg 1324w\" sizes=\"auto, (max-width: 717px) 100vw, 717px\" \/><\/figure><\/div>\n","protected":false},"excerpt":{"rendered":"<p>Trama, una revista de l\u00ednea clara, deja su n\u00famero 43 en 40 tiendas de c\u00f3mic del estado espa\u00f1ol. En este n\u00famero hemos repasado 2004 y hemos reunido todos las datos que hemos podido sobre los proyectos de las editoriales para 2005. Para no complicarme mucho, aqu\u00ed os pego la parte de la nota de prensa [&hellip;]<\/p>\n","protected":false},"author":1,"featured_media":2002003718,"comment_status":"open","ping_status":"open","sticky":false,"template":"","format":"standard","meta":{"footnotes":""},"categories":[],"tags":[],"class_list":["post-393","post","type-post","status-publish","format-standard","has-post-thumbnail","hentry"],"_links":{"self":[{"href":"http:\/\/www.elenacabrera.com\/weblog3\/wp-json\/wp\/v2\/posts\/393","targetHints":{"allow":["GET"]}}],"collection":[{"href":"http:\/\/www.elenacabrera.com\/weblog3\/wp-json\/wp\/v2\/posts"}],"about":[{"href":"http:\/\/www.elenacabrera.com\/weblog3\/wp-json\/wp\/v2\/types\/post"}],"author":[{"embeddable":true,"href":"http:\/\/www.elenacabrera.com\/weblog3\/wp-json\/wp\/v2\/users\/1"}],"replies":[{"embeddable":true,"href":"http:\/\/www.elenacabrera.com\/weblog3\/wp-json\/wp\/v2\/comments?post=393"}],"version-history":[{"count":2,"href":"http:\/\/www.elenacabrera.com\/weblog3\/wp-json\/wp\/v2\/posts\/393\/revisions"}],"predecessor-version":[{"id":2002003719,"href":"http:\/\/www.elenacabrera.com\/weblog3\/wp-json\/wp\/v2\/posts\/393\/revisions\/2002003719"}],"wp:featuredmedia":[{"embeddable":true,"href":"http:\/\/www.elenacabrera.com\/weblog3\/wp-json\/wp\/v2\/media\/2002003718"}],"wp:attachment":[{"href":"http:\/\/www.elenacabrera.com\/weblog3\/wp-json\/wp\/v2\/media?parent=393"}],"wp:term":[{"taxonomy":"category","embeddable":true,"href":"http:\/\/www.elenacabrera.com\/weblog3\/wp-json\/wp\/v2\/categories?post=393"},{"taxonomy":"post_tag","embeddable":true,"href":"http:\/\/www.elenacabrera.com\/weblog3\/wp-json\/wp\/v2\/tags?post=393"}],"curies":[{"name":"wp","href":"https:\/\/api.w.org\/{rel}","templated":true}]}}