{"id":412,"date":"2005-02-21T11:51:52","date_gmt":"2005-02-21T10:51:52","guid":{"rendered":""},"modified":"-0001-11-30T00:00:00","modified_gmt":"-0001-11-29T22:00:00","slug":"post_name","status":"publish","type":"post","link":"http:\/\/www.elenacabrera.com\/weblog3\/2005\/02\/21\/post_name\/","title":{"rendered":"Cobarde cabr\u00f3n"},"content":{"rendered":"<p>\tCobarde cabr\u00f3n Teddy Bautista que el mi\u00e9rcoles va a participar en este programa, <em>Enfoque<\/em>, que hace TVE y que este mi\u00e9rcoles 23 va a estar dedicado al intercambio de m\u00fasica por redes P2P y la pirater\u00eda. Cobarde porque aunque va a participar lo va a hacer con una entrevista previamente grabada, claro, no vaya a ser que alguien le tire las verdades a la crisma y se la rompa. Lo leo en el blog <a target=\"blank\" href=\"http:\/\/www.filmica.com\/david_bravo\/archivos\/001177.html\">de David Bravo quien estar\u00e1 all\u00ed invitado<\/a>, afortunadamente. Aunque entre el resto de participantes est\u00e1n Labordeta y Chenoa, as\u00ed que espero lo peor: un David Bravo cabal intentando hablar de algo serio en el medio de una manada de hienas. Teddy Bautista, eres peor que un banquero, das asco. Mi\u00e9rcoles 23, a las 22:45 h. en TVE.\t<\/p>\n","protected":false},"excerpt":{"rendered":"<p>Cobarde cabr\u00f3n Teddy Bautista que el mi\u00e9rcoles va a participar en este programa, Enfoque, que hace TVE y que este mi\u00e9rcoles 23 va a estar dedicado al intercambio de m\u00fasica por redes P2P y la pirater\u00eda. Cobarde porque aunque va a participar lo va a hacer con una entrevista previamente grabada, claro, no vaya a [&hellip;]<\/p>\n","protected":false},"author":1,"featured_media":0,"comment_status":"open","ping_status":"open","sticky":false,"template":"","format":"standard","meta":{"footnotes":""},"categories":[],"tags":[],"class_list":["post-412","post","type-post","status-publish","format-standard","hentry"],"_links":{"self":[{"href":"http:\/\/www.elenacabrera.com\/weblog3\/wp-json\/wp\/v2\/posts\/412","targetHints":{"allow":["GET"]}}],"collection":[{"href":"http:\/\/www.elenacabrera.com\/weblog3\/wp-json\/wp\/v2\/posts"}],"about":[{"href":"http:\/\/www.elenacabrera.com\/weblog3\/wp-json\/wp\/v2\/types\/post"}],"author":[{"embeddable":true,"href":"http:\/\/www.elenacabrera.com\/weblog3\/wp-json\/wp\/v2\/users\/1"}],"replies":[{"embeddable":true,"href":"http:\/\/www.elenacabrera.com\/weblog3\/wp-json\/wp\/v2\/comments?post=412"}],"version-history":[{"count":0,"href":"http:\/\/www.elenacabrera.com\/weblog3\/wp-json\/wp\/v2\/posts\/412\/revisions"}],"wp:attachment":[{"href":"http:\/\/www.elenacabrera.com\/weblog3\/wp-json\/wp\/v2\/media?parent=412"}],"wp:term":[{"taxonomy":"category","embeddable":true,"href":"http:\/\/www.elenacabrera.com\/weblog3\/wp-json\/wp\/v2\/categories?post=412"},{"taxonomy":"post_tag","embeddable":true,"href":"http:\/\/www.elenacabrera.com\/weblog3\/wp-json\/wp\/v2\/tags?post=412"}],"curies":[{"name":"wp","href":"https:\/\/api.w.org\/{rel}","templated":true}]}}