{"id":417,"date":"2005-02-24T12:04:47","date_gmt":"2005-02-24T11:04:47","guid":{"rendered":""},"modified":"-0001-11-30T00:00:00","modified_gmt":"-0001-11-29T22:00:00","slug":"post_name","status":"publish","type":"post","link":"http:\/\/www.elenacabrera.com\/weblog3\/2005\/02\/24\/post_name\/","title":{"rendered":"Desenfocada"},"content":{"rendered":"<p>\t<center><img decoding=\"async\" src=\"http:\/\/www.autoreversediscos.com\/wordpress\/wp-content\/footprintsinsnow.jpg\" alt=\"\" \/><\/center> Ayer dej\u00e9 el video programado en La Primera en lugar de La 1, asi que me he perdido el programa Enfoque que tanto ven\u00eda recomendando. Leed el resumen de Pablo Vinuesa <a href=\"http:\/\/lavenganzadelacronimo.blogspot.com\/2005\/02\/enfoque.html\">aqu\u00ed<\/a> y los comentarios en el blog de David Bravo <a href=\"http:\/\/www.filmica.com\/david_bravo\/archivos\/001177.html#comments\">aqu\u00ed<\/a>. Atenci\u00f3n a los extractos, son grand\u00edsimos: Chenoa: <i>\u00abYo no s\u00e9 bajarme canciones de la red y no por eso me considero menos intelectual\u00bb<\/i>. Bravo: <i>\u00abSeg\u00fan estos art\u00edculos, la copia privada no comprende s\u00f3lo la reproducci\u00f3n con fines caseros de la obra original, sino cualquier copia hecha para un uso dom\u00e9stico y sin \u00e1nimo de lucro. \u00bfEst\u00e1 usted de acuerdo con esta definici\u00f3n de copia privada, se\u00f1or Bautista?\u00bb<\/i>. Bautista: <i>\u00abPor supuesto que no\u00bb<\/i>. Bravo: <i>\u00abPues es la que da la SGAE. Si usted no est\u00e1 de acuerdo con usted mismo, mal empezamos\u00bb<\/i>. <center><img decoding=\"async\" src=\"http:\/\/www.autoreversediscos.com\/wordpress\/wp-content\/psicosisenlolita.jpg\" alt=\"\" \/><\/center> Mientras enfocaban la industria del disco en la tele, yo desenfocaba a Psicosis en el Lolita. La perversa cabaretera estuvo buen\u00edsima, de las mejores veces que la he podido ver, esa divina roja, en el escenario. <b>Actualizo 17:02:<\/b> Tal y como ha puesto el Vinu\u00e9 en los comentarios, <a href=\"http:\/\/www.elmundo.es\/elmundo\/2005\/02\/24\/madrid\/1109251543.html\" target=\"blank\">El Mundo se hace eco<\/a> de la denuncia de CC.OO. sobre los verdaderos motivos del cierre de Madrid Rock: la especulaci\u00f3n. Que el gerente de la tienda -ese Moreno que se ha hecho famoso de la noche al d\u00eda- no haga m\u00e1s que negar que lo de Inditex no es cierto es escamante. Estas declaraciones son de Rom\u00e1n Alonso, de CC.OO.: <i>\u00abvan a seguir con el negocio de la m\u00fasica, y si no que expliquen lo que ha sucedido con dos tiendas, una en Madrid y otra en Sevilla, que van a seguir con la actividad, pero que recientemente han dejado de pertenecer a -Madrid Rock- y ahora forman parte de otra empresa que tiene relaci\u00f3n directa con los administradores\u00bb.<\/i> Esto s\u00ed me ha dejado de piedra. \u00bfQue es eso de otra empresa que tiene relaci\u00f3n directa con los administradores? Como hayan montado todo este circo respecto a la bajada en las ventas y la pirateria y luego abran en otro sitio le van a dar por culo a los Arnedo. Con perd\u00f3n. La Inspecci\u00f3n de Trabajo les ha recomendado que paren la liquidacion, ya que puede afectar al ERE. Lo mejor es que los trabajadores (esos de los que siempre me he quejado) parece que por fin van a mover un poco el culo y se van a manifestar: <i>\u00abpor la defensa de los puestos de trabajo y el mantenimiento de la tienda como empresa modelo en el comercio de la cultura musical en Madrid\u00bb<\/i>. <b>Actualizaci\u00f3n 25\/02\/05:<\/b> Los trabajadores de Madrid Rock convocan una concentraci\u00f3n en la puerta de la tienda (Gran Via, 25) el lunes 28 de Febrero a las 14 horas. Los motivos, <a href=\"http:\/\/www.furilo.com\/archivos\/hablan-los-trabajadores-de-madrid-rock\/\" target=\"blank\">aqu\u00ed en Furilo<\/a>. <b>Actualizaci\u00f3n 17:31:<\/b> No he contado nada sobre c\u00f3mo fue la charla \/ presentaci\u00f3n de American Splendor en la FNAC. Carla Berrocal <a href=\"http:\/\/diariopintamonas.blogspot.com\/2005\/02\/esa-charla.html\" target=\"blank\">ha hablado de ella<\/a> en su blog. Aunque la pel\u00edcula me gusta mucho y no ten\u00eda nada malo que decir sobre ella, ten\u00ed\u00e1 la impresi\u00f3n de que tampoco podia decir nada sobre ella. La sensaci\u00f3n de que estabamos en un acto m\u00e1s promocional que cultural me incomodaba. Aunque la gente de la distribuidora karma me caen bien, la verdad. As\u00ed que no me importaba. Adem\u00e1s, esta sustici\u00f3n de \u00faltima hora me la ped\u00eda Borja, grande de Espa\u00f1a. Y a Borja no se le dice que no a nada. Se escribi\u00f3 la mejor entrevista de mi \u00e9poca Trama, con Del Toro. Bueno, las intervenciones estuvieron bien. Yo me li\u00e9 un poco cuando quise hablar de Toby Radloff porque tiendo a confundir al actor (James Lirbaniak) con el personaje, y es que los dos son igual de freakis. Pero por lo dem\u00e1s bien. Se nota que todos queremos m\u00e1s adaptaciones del c\u00f3mic independiente.\t<\/p>\n","protected":false},"excerpt":{"rendered":"<p>Ayer dej\u00e9 el video programado en La Primera en lugar de La 1, asi que me he perdido el programa Enfoque que tanto ven\u00eda recomendando. Leed el resumen de Pablo Vinuesa aqu\u00ed y los comentarios en el blog de David Bravo aqu\u00ed. Atenci\u00f3n a los extractos, son grand\u00edsimos: Chenoa: \u00abYo no s\u00e9 bajarme canciones de [&hellip;]<\/p>\n","protected":false},"author":1,"featured_media":0,"comment_status":"open","ping_status":"open","sticky":false,"template":"","format":"standard","meta":{"footnotes":""},"categories":[],"tags":[],"class_list":["post-417","post","type-post","status-publish","format-standard","hentry"],"_links":{"self":[{"href":"http:\/\/www.elenacabrera.com\/weblog3\/wp-json\/wp\/v2\/posts\/417","targetHints":{"allow":["GET"]}}],"collection":[{"href":"http:\/\/www.elenacabrera.com\/weblog3\/wp-json\/wp\/v2\/posts"}],"about":[{"href":"http:\/\/www.elenacabrera.com\/weblog3\/wp-json\/wp\/v2\/types\/post"}],"author":[{"embeddable":true,"href":"http:\/\/www.elenacabrera.com\/weblog3\/wp-json\/wp\/v2\/users\/1"}],"replies":[{"embeddable":true,"href":"http:\/\/www.elenacabrera.com\/weblog3\/wp-json\/wp\/v2\/comments?post=417"}],"version-history":[{"count":0,"href":"http:\/\/www.elenacabrera.com\/weblog3\/wp-json\/wp\/v2\/posts\/417\/revisions"}],"wp:attachment":[{"href":"http:\/\/www.elenacabrera.com\/weblog3\/wp-json\/wp\/v2\/media?parent=417"}],"wp:term":[{"taxonomy":"category","embeddable":true,"href":"http:\/\/www.elenacabrera.com\/weblog3\/wp-json\/wp\/v2\/categories?post=417"},{"taxonomy":"post_tag","embeddable":true,"href":"http:\/\/www.elenacabrera.com\/weblog3\/wp-json\/wp\/v2\/tags?post=417"}],"curies":[{"name":"wp","href":"https:\/\/api.w.org\/{rel}","templated":true}]}}