{"id":422,"date":"2005-02-28T19:02:50","date_gmt":"2005-02-28T18:02:50","guid":{"rendered":""},"modified":"-0001-11-30T00:00:00","modified_gmt":"-0001-11-29T22:00:00","slug":"post_name","status":"publish","type":"post","link":"http:\/\/www.elenacabrera.com\/weblog3\/2005\/02\/28\/post_name\/","title":{"rendered":"Contame tu condena, decime tu fracaso"},"content":{"rendered":"<p>\tAhora no puedo escribir, me voy r\u00e1pido a la radio, que El \u00daltimo Baile es de 19 a 20 h. y pod\u00e9is escucharlo <a href=\"http:\/\/www.radiocarcoma.com\" target=\"blank\">aqu\u00ed<\/a>. Pero antes, un anticipo de lo que ocurri\u00f3 ayer: la cabeza de Nacho Vigalondo. <center><img decoding=\"async\" src=\"http:\/\/www.autoreversediscos.com\/wordpress\/wp-content\/lacabezadenacho.jpg\" alt=\"\" \/><\/center> <b>21:00<\/b> Ya he vuelto de la radio. Para quien se lo haya perdido y quiera escucharlo, hay repetici\u00f3n a las doce de la noche y ma\u00f1ana a las nueve de la ma\u00f1ana. He ido y he vuelto rapid\u00edsimo, en metro, y al salir a la calle Hermanos Garc\u00eda Noblejas pens\u00e9 que el viento me rajaba en miles de ligeros palillos. Brrrrrrr. La foto anterior sumada a las expectativas de ayer y al t\u00edtulo de este post (una l\u00ednea que cant\u00f3 el otro d\u00eda Psicosis Gonsales) no quieren decir \u00abquiero la cabeza de Nacho Vigalondo\u00bb, ya s\u00e9 que \u00e9l no tiene la culpa de que las cosas no salgan perfectas hasta el final. <i>\u00ab\u00a1Discriminaci\u00f3n positiva!\u00bb<\/i> que gritaba Borja Crespo ayer tras enterarnos de que el Oscar al mejor corto de ficci\u00f3n fue para la directora Andrea Arnold (<i>Wasp<\/i>). Como coment\u00e9 ayer, Manuel, Magui y yo fuimos a ver la gala al karaoke de Mostenses, al cual mand\u00f3 un saludo Vigalondo desde la alfombra roja. Imaginad la explosi\u00f3n que hubo all\u00ed en ese momento. Desde las doce y media hasta las dos el tiempo pas\u00f3 r\u00e1pido gracias al ambiente de tensi\u00f3n enstusiasta infantil en el que todos hab\u00edamos ca\u00eddo&#8230; <center><img decoding=\"async\" src=\"http:\/\/www.autoreversediscos.com\/wordpress\/wp-content\/karaoke_ambiente.jpg\" alt=\"\" \/><\/center> Las canciones que algunos se animaban a cantar en el karaoke&#8230; <center><img decoding=\"async\" src=\"http:\/\/www.autoreversediscos.com\/wordpress\/wp-content\/karaoke_karmadice.jpg\" alt=\"\" \/> <img decoding=\"async\" src=\"http:\/\/www.autoreversediscos.com\/wordpress\/wp-content\/karaoke_cantan.jpg\" alt=\"\" \/><\/center> Y las fotos que nos hac\u00edamos para matar el rato&#8230; <center><img decoding=\"async\" src=\"http:\/\/www.autoreversediscos.com\/wordpress\/wp-content\/karaoke_manuelmagui.jpg\" alt=\"\" \/><\/center> Ricardo Mena tambi\u00e9n estuvo por all\u00ed y <a href=\"http:\/\/cabezabajo.blogspot.com\/2005\/02\/varioteca_28.html\" target=\"blank\">algo cuenta en su weblog<\/a>. Mirando hacia atr\u00e1s, creo que los mejores momentos de la noche fueron, la canci\u00f3n <i>Funky Town<\/i> de Lips Inc. en el karaoke (o como yo la cantaba de peque\u00f1a: <i>\u00abpanketaaaaa&#8230;..\u00bb<\/i>) (Actualizaci\u00f3n 1\/03\/05, 15:13 <a href=\"http:\/\/www.fotolog.net\/weas\/?pid=7955255\" target=\"blank\">foto cortes\u00eda Javi Weas<\/a>). Y el momento de Nacho en la alfombra roja. Atenci\u00f3n a esta <a href=\"http:\/\/www.santanderciudadviva.com\/noticia.asp?Id=7583\" target=\"blank\">breve nota<\/a> sobre ese momento en esa web llamada Santander Ciudad Viva: <i>El director de Cabez\u00f3n de la Sal se mostraba, momentos antes de la gala, tremendamente nervioso. Pisando la famosa alfombra roja Vigalondo declaraba a su llegada<\/i> \u00abestoy de un subid\u00f3n impresionante. Esto es la mejor droga legal que existe, estar aqu\u00ed ahora\u00bb <i>mientras se preocupaba por su pajarita a la que no estaba acostumbrado.<\/i> Despu\u00e9s, en la entrega, la tensi\u00f3n y la magia que se escapa ya fue, digamos, m\u00e1s&#8230; real. <center><img decoding=\"async\" src=\"http:\/\/www.autoreversediscos.com\/wordpress\/wp-content\/vigalondonominado.jpg\" alt=\"\" \/><\/center> \u00bfHabr\u00e1 dejado nuestro h\u00e9roes ya <a href=\"http:\/\/www.abc.es\/abc\/pg050227\/prensa\/noticias\/Espectaculos\/Cine\/200502\/27\/NAC-ESP-083.asp\" target=\"blank\">su habitaci\u00f3n en el Ramada Inn<\/a>? Ya ver\u00e1, ya, cuando tenga que dejar atr\u00e1s <a href=\"http:\/\/www.larazon.es\/noticias\/noti_esp39819.htm\" target=\"blank\">sus chancletas<\/a> y se encuentre con este Madrid \u00e1rtico en el que tenemos que llevar dos pares de calcetines para que no se gangrenen los pies. <center><img decoding=\"async\" src=\"http:\/\/www.autoreversediscos.com\/wordpress\/wp-content\/hora.jpg\" alt=\"\" \/><img decoding=\"async\" src=\"http:\/\/www.autoreversediscos.com\/wordpress\/wp-content\/grados.jpg\" alt=\"\" \/> Ayer, en Francisco Silvela.<\/center> Sigamos con otros momentos de la gala. Dejando a un lado el hecho poco interesante de que ha ganado un Oscar un dram\u00f3n espa\u00f1ol que no he querido ni ir a ver. La yankilada m\u00e1s detestable de la noche fue el discurso del presidente de la Academia, mandando sus recuerdos a los soldados americanos dispersos por el mundo. Gran abucheo en el karaoke. Pero el mejor recogiendo al se\u00f1or dorado desnudo fue Jorge Drexler, que cant\u00f3 lo que no le dejaron. Grand\u00edsimo. Viva Uruguay. Prince estuvo de lo m\u00e1s est\u00fapido, por cierto. <center><img decoding=\"async\" src=\"http:\/\/www.autoreversediscos.com\/wordpress\/wp-content\/Jorgedrexler_Prince.jpg\" \/><\/center> Tambi\u00e9n me re\u00ed mucho con Edna Mode, quiz\u00e1 la mejor presentadora de todas. Despu\u00e9s sali\u00f3 Peggy y, para el siguiente Oscar, pens\u00e9 que iban a llamar a los Lunnis. <center><img decoding=\"async\" src=\"http:\/\/www.autoreversediscos.com\/wordpress\/wp-content\/brosnanyedna.jpg\"\/><\/center> Qu\u00e9 guapas: <center><img decoding=\"async\" src=\"http:\/\/www.autoreversediscos.com\/wordpress\/wp-content\/Dunst.jpg\" \/><img decoding=\"async\" src=\"http:\/\/www.autoreversediscos.com\/wordpress\/wp-content\/Johannson.jpg\" \/> <\/center> \u00bfY qu\u00e9 me dicen de esa maravillosa se\u00f1ora de verde que hay detr\u00e1s de Scarlett Johansson?\t<\/p>\n","protected":false},"excerpt":{"rendered":"<p>Ahora no puedo escribir, me voy r\u00e1pido a la radio, que El \u00daltimo Baile es de 19 a 20 h. y pod\u00e9is escucharlo aqu\u00ed. Pero antes, un anticipo de lo que ocurri\u00f3 ayer: la cabeza de Nacho Vigalondo. 21:00 Ya he vuelto de la radio. Para quien se lo haya perdido y quiera escucharlo, hay [&hellip;]<\/p>\n","protected":false},"author":1,"featured_media":0,"comment_status":"open","ping_status":"open","sticky":false,"template":"","format":"standard","meta":{"footnotes":""},"categories":[],"tags":[],"class_list":["post-422","post","type-post","status-publish","format-standard","hentry"],"_links":{"self":[{"href":"http:\/\/www.elenacabrera.com\/weblog3\/wp-json\/wp\/v2\/posts\/422","targetHints":{"allow":["GET"]}}],"collection":[{"href":"http:\/\/www.elenacabrera.com\/weblog3\/wp-json\/wp\/v2\/posts"}],"about":[{"href":"http:\/\/www.elenacabrera.com\/weblog3\/wp-json\/wp\/v2\/types\/post"}],"author":[{"embeddable":true,"href":"http:\/\/www.elenacabrera.com\/weblog3\/wp-json\/wp\/v2\/users\/1"}],"replies":[{"embeddable":true,"href":"http:\/\/www.elenacabrera.com\/weblog3\/wp-json\/wp\/v2\/comments?post=422"}],"version-history":[{"count":0,"href":"http:\/\/www.elenacabrera.com\/weblog3\/wp-json\/wp\/v2\/posts\/422\/revisions"}],"wp:attachment":[{"href":"http:\/\/www.elenacabrera.com\/weblog3\/wp-json\/wp\/v2\/media?parent=422"}],"wp:term":[{"taxonomy":"category","embeddable":true,"href":"http:\/\/www.elenacabrera.com\/weblog3\/wp-json\/wp\/v2\/categories?post=422"},{"taxonomy":"post_tag","embeddable":true,"href":"http:\/\/www.elenacabrera.com\/weblog3\/wp-json\/wp\/v2\/tags?post=422"}],"curies":[{"name":"wp","href":"https:\/\/api.w.org\/{rel}","templated":true}]}}