{"id":432,"date":"2005-03-10T01:17:50","date_gmt":"2005-03-10T01:17:50","guid":{"rendered":""},"modified":"-0001-11-30T00:00:00","modified_gmt":"-0001-11-29T22:00:00","slug":"post_name","status":"publish","type":"post","link":"http:\/\/www.elenacabrera.com\/weblog3\/2005\/03\/10\/post_name\/","title":{"rendered":"Sobre los gafapasta en la televisi\u00f3n"},"content":{"rendered":"<p>\tEstos d\u00edas son como un balanc\u00edn, tan pronto arriba como abajo y el momento de la subida con cierto impulso por el rebote. El descenso, por la gravedad, tambi\u00e9n es fulminante. Ma\u00f1ana jueves comienza <a href=\"http:\/\/www.musicnon-stop.com\">la gira de Lali Puna<\/a> aunque en muchos de sus aspectos se ha iniciado ya. Hemos apretado mucho en las \u00faltimas semanas y puede haber algunas recompensas. El sold out de Madrid es emocionante. Ahora estamos a la espera de que nada falle durante la gira de ocho d\u00edas y que los conciertos sean bonitos. Espero comentarios de la gente que vaya a alguno de los seis conciertos + el festival South Pop. En el cap\u00edtulo de subidones, el lunes se estren\u00f3 <a href=\"http:\/\/www.paramountcomedy.es\/nqp\/01.htm\">Nada que perder<\/a>, el primer programa de televisi\u00f3n en el que colaboro y que no se queda en un piloto (Underground Clips) o en un papel sobre la mesa de una oficina de Canal Sat\u00e9lite. Llevo a\u00f1os gimoteando con el \u00abquiero trabajar en televisi\u00f3n, quiero trabajar en televisi\u00f3n, quiero trabajar en televisi\u00f3n\u00bb y ahora que viene <a href=\"http:\/\/trashi.blogia.com\">este se\u00f1or gafapasta<\/a> con cara de avisiblado avispado (Trashi para los amigos, enlace directo a su post sobre el tema <a href=\"http:\/\/blogia.com\/trashi\/index.php?idarticulo=200503081\">aqu\u00ed<\/a>) a ofrec\u00e9rmelo en bandeja, a m\u00ed me dan ataques de p\u00e1nico. Pero vamos, que no se entere nadie, ya que me estoy haciendo la dura. He podido ver un par de programas y me han gustado las colaboraciones de Sandra Uve, de <a href=\"http:\/\/www.mauroentrialgo.com\/\">Mauro Entrialgo<\/a> y los mon\u00f3logos del presentador, <a href=\"http:\/\/www.paramountcomedy.es\/comicos\/r_ca\/02.htm\">Ricardo Castella<\/a>. Un actor (y tambi\u00e9n guionista) sacado de la cantera de nuevos c\u00f3micos que tanto explota <a href=\"http:\/\/www.paramountcomedy.es\">Paramount Comedy<\/a> (la cadena que produce el programa) que hace cosas raras con la boca, provoca el cari\u00f1o s\u00e1dico de las chicas (es decir, te da placer meterte con \u00e9l porque te despierta ternura) y me provoca ataques de risitas cuando preparamos mi intervenci\u00f3n. Aunque me ponga muy nerviosa, pienso en el consejo de Trashi y Ricardo: el presentador lo estar\u00e1 pasando peor que nadie. <center><img decoding=\"async\" src=\"http:\/\/www.autoreversediscos.com\/wordpress\/wp-content\/nqp.gif\"><\/center> Entre los colaboradores encontrar\u00e9is viejos conocidos, como <a href=\"http:\/\/www.escolar.net\">Nacho Escolar<\/a>, <a href=\"http:\/\/www.lapetiteclaudine.com\">Marta Peirano<\/a>, <a href=\"http:\/\/www.focomelos.com\/focoblog\/focoblog.php\">Tones<\/a> (enlace directo a su post sobre el tema <a href=\"http:\/\/www.focomelos.com\/focoblog\/buscar.php?misc=search\"subaction=showfull\"id=1110214575\"archive=\"cnshow=news\"start_from=\"\">aqu\u00ed<\/a>), Dario Adanti, Jordi Costa o Pepe Colubi, adem\u00e1s de Sandra y Mauro, que ya los he nombrado. Especial ilusi\u00f3n, despu\u00e9s de los cogeneracionales, me hace \u00c1ngeles Gonz\u00e1lez-Sinde, por el tema gopeguiano. En fin, no puedo decir mucho m\u00e1s. Bueno, mentira, s\u00ed que puedo, pero mi autoindulgencia tiene un l\u00edmite. Espera, falta algo: Trashi est\u00e1 loco. Yo ya no s\u00e9 c\u00f3mo darle las gracias por reunir(nos) a esta panda de frikis. Y es que, hablando de friks, me muero por ver la secci\u00f3n de Dario, que creo que va de eso. Adanti en televisi\u00f3n puede ser delirante, una vez salvado el precedente de su intervenci\u00f3n en Versi\u00f3n Espa\u00f1ola. La revoluci\u00f3n ser\u00e1 televisada, esta vez s\u00ed.\t<\/p>\n","protected":false},"excerpt":{"rendered":"<p>Estos d\u00edas son como un balanc\u00edn, tan pronto arriba como abajo y el momento de la subida con cierto impulso por el rebote. El descenso, por la gravedad, tambi\u00e9n es fulminante. Ma\u00f1ana jueves comienza la gira de Lali Puna aunque en muchos de sus aspectos se ha iniciado ya. Hemos apretado mucho en las \u00faltimas [&hellip;]<\/p>\n","protected":false},"author":1,"featured_media":0,"comment_status":"open","ping_status":"open","sticky":false,"template":"","format":"standard","meta":{"footnotes":""},"categories":[],"tags":[],"class_list":["post-432","post","type-post","status-publish","format-standard","hentry"],"_links":{"self":[{"href":"http:\/\/www.elenacabrera.com\/weblog3\/wp-json\/wp\/v2\/posts\/432","targetHints":{"allow":["GET"]}}],"collection":[{"href":"http:\/\/www.elenacabrera.com\/weblog3\/wp-json\/wp\/v2\/posts"}],"about":[{"href":"http:\/\/www.elenacabrera.com\/weblog3\/wp-json\/wp\/v2\/types\/post"}],"author":[{"embeddable":true,"href":"http:\/\/www.elenacabrera.com\/weblog3\/wp-json\/wp\/v2\/users\/1"}],"replies":[{"embeddable":true,"href":"http:\/\/www.elenacabrera.com\/weblog3\/wp-json\/wp\/v2\/comments?post=432"}],"version-history":[{"count":0,"href":"http:\/\/www.elenacabrera.com\/weblog3\/wp-json\/wp\/v2\/posts\/432\/revisions"}],"wp:attachment":[{"href":"http:\/\/www.elenacabrera.com\/weblog3\/wp-json\/wp\/v2\/media?parent=432"}],"wp:term":[{"taxonomy":"category","embeddable":true,"href":"http:\/\/www.elenacabrera.com\/weblog3\/wp-json\/wp\/v2\/categories?post=432"},{"taxonomy":"post_tag","embeddable":true,"href":"http:\/\/www.elenacabrera.com\/weblog3\/wp-json\/wp\/v2\/tags?post=432"}],"curies":[{"name":"wp","href":"https:\/\/api.w.org\/{rel}","templated":true}]}}