{"id":441,"date":"2005-03-18T00:12:24","date_gmt":"2005-03-18T00:12:24","guid":{"rendered":""},"modified":"-0001-11-30T00:00:00","modified_gmt":"-0001-11-29T22:00:00","slug":"post_name","status":"publish","type":"post","link":"http:\/\/www.elenacabrera.com\/weblog3\/2005\/03\/18\/post_name\/","title":{"rendered":"De Salamanca a Sevilla y me cuento 20"},"content":{"rendered":"<p>\tTen\u00eda ganas de hacer un podcast, <i>un Dancing<\/i>, pero ya veo que no me va a dar tiempo esta noche. As\u00ed que postear\u00e9 cortito y prometo terminarlo al regreso de Sevilla, que es a donde vamos ma\u00f1ana para el fin de gira de Lali Puna, en el festival South Pop. Entre los contenidos: trozitos de Lali Puna en directo, cachitos de la charla de Joann Sfar y dem\u00e1s retales. Por cierto, un aviso, en el \u00faltimo podcast de <a href=\"http:\/\/www.pjorge.com\/\">Pjorge<\/a> pod\u00e9is escuchar una conferencia de Rafael Mar\u00edn sobre la Am\u00e9rica del New Deal a la del 11-S atrav\u00e9s de los personajes del c\u00f3mic americano (no la he escuchado entera as\u00ed que no sabr\u00eda decir que tal esta, pero dupongo que a muchos os interesar\u00e1). Ma\u00f1ana en Sevilla veremos tambi\u00e9n a Migala, le intentaremos traducir a Valerie intraducibles chistes sevillanos sin gracia, le miraremos el culo a la Caballero, que pincha con la Carmona por la noche y el s\u00e1bado por la ma\u00f1ana dejaremos a los Punos en su avi\u00f3n de vuelta a casa, mientras tres cuartos del staff de Music Non-Stop volver\u00e1n en furgoneta con el backline y los restos de ese pedazo de tour manager que ha sido Mx, de vuelta al hogar. De vuelta a un Madrid en el que ya es primavera y las terrazas hace dos d\u00edas que ya est\u00e1n instaladas. As\u00ed que s\u00f3lo he pasado por casa algunas horas, ya que ayer noche estuvimos en Salamanca, chachipuneando tambi\u00e9n. <center><img decoding=\"async\" src=\"http:\/\/www.autoreversediscos.com\/wordpress\/wp-content\/salamancateatrovacio.jpg\"><\/center> El Teatro Liceo es un lugar precioso que fue un antiguo convento. Almudena, la encargada de programa all\u00ed, nos cont\u00f3 que siendo ya el local teatro hubo un incendio un viernes por la noche con el teatro lleno (si entend\u00ed bien). Esta desgracia gener\u00f3 una supersitici\u00f3n por la que durante muchos a\u00f1os en las funciones de viernes por la noche se pon\u00edan a la venta todas las localidades menos una, pues la layenda avisaba que el teatro volver\u00eda a incendianrse si se volv\u00eda a llenar. Me caigo de sue\u00f1o ya que esta ma\u00f1ana tuvimos que salir del hotel salmantino a las seis y media. Ma\u00f1ana vajamos con Tanis de Jabalina. Ojal\u00e1 no estuviera tan cansada y pudiera seguir escribiendo&#8230; \u00a1me apetece mucho!\t<\/p>\n","protected":false},"excerpt":{"rendered":"<p>Ten\u00eda ganas de hacer un podcast, un Dancing, pero ya veo que no me va a dar tiempo esta noche. As\u00ed que postear\u00e9 cortito y prometo terminarlo al regreso de Sevilla, que es a donde vamos ma\u00f1ana para el fin de gira de Lali Puna, en el festival South Pop. Entre los contenidos: trozitos de [&hellip;]<\/p>\n","protected":false},"author":1,"featured_media":0,"comment_status":"open","ping_status":"open","sticky":false,"template":"","format":"standard","meta":{"footnotes":""},"categories":[],"tags":[],"class_list":["post-441","post","type-post","status-publish","format-standard","hentry"],"_links":{"self":[{"href":"http:\/\/www.elenacabrera.com\/weblog3\/wp-json\/wp\/v2\/posts\/441","targetHints":{"allow":["GET"]}}],"collection":[{"href":"http:\/\/www.elenacabrera.com\/weblog3\/wp-json\/wp\/v2\/posts"}],"about":[{"href":"http:\/\/www.elenacabrera.com\/weblog3\/wp-json\/wp\/v2\/types\/post"}],"author":[{"embeddable":true,"href":"http:\/\/www.elenacabrera.com\/weblog3\/wp-json\/wp\/v2\/users\/1"}],"replies":[{"embeddable":true,"href":"http:\/\/www.elenacabrera.com\/weblog3\/wp-json\/wp\/v2\/comments?post=441"}],"version-history":[{"count":0,"href":"http:\/\/www.elenacabrera.com\/weblog3\/wp-json\/wp\/v2\/posts\/441\/revisions"}],"wp:attachment":[{"href":"http:\/\/www.elenacabrera.com\/weblog3\/wp-json\/wp\/v2\/media?parent=441"}],"wp:term":[{"taxonomy":"category","embeddable":true,"href":"http:\/\/www.elenacabrera.com\/weblog3\/wp-json\/wp\/v2\/categories?post=441"},{"taxonomy":"post_tag","embeddable":true,"href":"http:\/\/www.elenacabrera.com\/weblog3\/wp-json\/wp\/v2\/tags?post=441"}],"curies":[{"name":"wp","href":"https:\/\/api.w.org\/{rel}","templated":true}]}}