{"id":450,"date":"2005-03-28T10:32:11","date_gmt":"2005-03-28T10:32:11","guid":{"rendered":""},"modified":"-0001-11-30T00:00:00","modified_gmt":"-0001-11-29T22:00:00","slug":"post_name","status":"publish","type":"post","link":"http:\/\/www.elenacabrera.com\/weblog3\/2005\/03\/28\/post_name\/","title":{"rendered":"Y digo yo."},"content":{"rendered":"<p>\tEstaba ma\u00f1ana escuchaba en la SER un largo obituario con piezas rescatadas de archivos, entrevistas y canciones a Joaqu\u00edn Luqui. Es lo \u00fanico, adem\u00e1s de cu\u00f1as publicitarias, de lo que han hablado, durante m\u00e1s de media hora, antes de meterme en la ducha esta ma\u00f1ana. Por eso no es de extra\u00f1ar, teniendo en cuenta que no viera telediarios este fin de semana de encierro en el CAMPO, que me pillara tan por sopresa la llamada de <a href=\"http:\/\/aldo.autoreversediscos.com\">Aldo<\/a> cont\u00e1ndome que <a href=\"http:\/\/www.akasico.com\">Fernando Jim\u00e9nez del Oso<\/a> se hab\u00eda ido. Ya ten\u00eda el post de esta ma\u00f1ana pensado pero me lo voy a reservar para m\u00e1s tarde. Jim\u00e9nez del Oso estaba en el hospital que hay enfrente de mi casa.. Yo no lo sab\u00eda, pero s\u00ed s\u00e9 que se fue sonriendo y seguramente con brillo en los ojos para averiguar por fin, por si mismo y sin especulaciones, qu\u00e9 hay m\u00e1s all\u00e1. Su <a href=\"http:\/\/www.akasico.wanadoo.es\/akasico\/html\/carticulos\/75504_1.html\">\u00faltima editorial publicada<\/a> el 2 de marzo en su web se titula <i>Y digo yo<\/i>. Me encanta esa expresi\u00f3n, que a pesar de estar regida por una primera persona tiene algo de humilde, de duda final, de \u00bfy si entendemos esto de otra manera? Esto es lo que me gusta de las personas que se apasionan por la paraciencia, que crean la duda y te hacen m\u00e1s libre, tanto para so\u00f1ar como para equivocarte. En \u00faltimo t\u00e9rmino, y digo yo, me da igual si no se demuestra la existencia de la vida extraterrestre o de la vida m\u00e1s all\u00e1 de la muerte. No me importa porque fue la duda y la investigaci\u00f3n lo que lo hizo emocionante. <center><img decoding=\"async\" src=\"http:\/\/www.autoreversediscos.com\/wordpress\/wp-content\/jimenezdeloso.jpg\"\/><\/center> Post post: No vendr\u00eda mla recordar que a Jim\u00e9nez del Oso le encantaban los c\u00f3mics y que inclcuso era personaje de uno, Jim\u00e9nez Ponmeotraronda del Oso, dibujado por Pedro Vera como secundario de sus Ortega y Pacheco (<a href=\"http:\/\/www.eljueves.es\/jueves_tv\/jueves_tv.asp?serie=4\">aqu\u00ed<\/a> pod\u00e9is ver la animaci\u00f3n <i>Diniosaurio Ness<\/i>), cosa esta que le hac\u00eda mucha gracia.\t<\/p>\n","protected":false},"excerpt":{"rendered":"<p>Estaba ma\u00f1ana escuchaba en la SER un largo obituario con piezas rescatadas de archivos, entrevistas y canciones a Joaqu\u00edn Luqui. Es lo \u00fanico, adem\u00e1s de cu\u00f1as publicitarias, de lo que han hablado, durante m\u00e1s de media hora, antes de meterme en la ducha esta ma\u00f1ana. Por eso no es de extra\u00f1ar, teniendo en cuenta que [&hellip;]<\/p>\n","protected":false},"author":1,"featured_media":0,"comment_status":"open","ping_status":"open","sticky":false,"template":"","format":"standard","meta":{"footnotes":""},"categories":[],"tags":[],"class_list":["post-450","post","type-post","status-publish","format-standard","hentry"],"_links":{"self":[{"href":"http:\/\/www.elenacabrera.com\/weblog3\/wp-json\/wp\/v2\/posts\/450","targetHints":{"allow":["GET"]}}],"collection":[{"href":"http:\/\/www.elenacabrera.com\/weblog3\/wp-json\/wp\/v2\/posts"}],"about":[{"href":"http:\/\/www.elenacabrera.com\/weblog3\/wp-json\/wp\/v2\/types\/post"}],"author":[{"embeddable":true,"href":"http:\/\/www.elenacabrera.com\/weblog3\/wp-json\/wp\/v2\/users\/1"}],"replies":[{"embeddable":true,"href":"http:\/\/www.elenacabrera.com\/weblog3\/wp-json\/wp\/v2\/comments?post=450"}],"version-history":[{"count":0,"href":"http:\/\/www.elenacabrera.com\/weblog3\/wp-json\/wp\/v2\/posts\/450\/revisions"}],"wp:attachment":[{"href":"http:\/\/www.elenacabrera.com\/weblog3\/wp-json\/wp\/v2\/media?parent=450"}],"wp:term":[{"taxonomy":"category","embeddable":true,"href":"http:\/\/www.elenacabrera.com\/weblog3\/wp-json\/wp\/v2\/categories?post=450"},{"taxonomy":"post_tag","embeddable":true,"href":"http:\/\/www.elenacabrera.com\/weblog3\/wp-json\/wp\/v2\/tags?post=450"}],"curies":[{"name":"wp","href":"https:\/\/api.w.org\/{rel}","templated":true}]}}